{"id":14334,"date":"2025-05-28T17:36:07","date_gmt":"2025-05-28T21:36:07","guid":{"rendered":"https:\/\/agromt.news\/?p=14334"},"modified":"2025-05-28T17:36:07","modified_gmt":"2025-05-28T21:36:07","slug":"exportacoes-do-agronegocio-batem-recorde-no-1o-quadrimestre","status":"publish","type":"post","link":"https:\/\/agromt.news\/?p=14334","title":{"rendered":"exporta\u00e7\u00f5es do agroneg\u00f3cio batem recorde no 1\u00ba quadrimestre"},"content":{"rendered":"<p> <br \/>\n<\/p>\n<div>\n<p style=\"text-align:justify\">Minas Gerais atingiu um novo recorde nas exporta\u00e7\u00f5es do agroneg\u00f3cio durante o primeiro quadrimestre de 2025. De acordo com levantamento da Secretaria de Estado de Agricultura, Pecu\u00e1ria e Abastecimento (Seapa), o setor respondeu por 46,8% das exporta\u00e7\u00f5es totais do estado, com uma receita de US$ 6,5 bilh\u00f5es e 5 milh\u00f5es de toneladas embarcadas.&#13;\n<\/p>\n<p style=\"text-align:justify\">O desempenho representa o melhor resultado j\u00e1 registrado para o per\u00edodo desde o in\u00edcio da s\u00e9rie hist\u00f3rica, em 1997. Em rela\u00e7\u00e3o ao mesmo per\u00edodo de 2024, houve crescimento de 26% na receita, mesmo com uma retra\u00e7\u00e3o de 6,2% no volume exportado. O avan\u00e7o no faturamento foi impulsionado pela valoriza\u00e7\u00e3o m\u00e9dia de 34% no pre\u00e7o por tonelada das commodities agropecu\u00e1rias mineiras.<\/p>\n<p style=\"text-align:justify\">A Seapa estima que, mantidas as tend\u00eancias atuais de pre\u00e7os e comportamento sazonal, o estado deve encerrar o ano com exporta\u00e7\u00f5es agropecu\u00e1rias entre US$ 19,5 bilh\u00f5es e US$ 20,5 bilh\u00f5es. \u201cEsse desempenho refor\u00e7a a posi\u00e7\u00e3o de Minas como terceiro maior exportador do agro no Brasil, atr\u00e1s apenas de Mato Grosso e S\u00e3o Paulo\u201d, destacou a secretaria.<\/p>\n<p style=\"text-align:justify\">Os produtos mineiros foram enviados a 160 destinos internacionais, com destaque para a China (23%), Estados Unidos (13%), Alemanha (9%), It\u00e1lia (6%) e Jap\u00e3o (5%).<\/p>\n<p style=\"text-align:justify\">O <a href=\"https:\/\/www.agrolink.com.br\/culturas\/cafe\/?utm_source=agrolink-detalhe-noticia&amp;utm_medium=detalhe-noticia&amp;utm_campaign=links-internos\" target=\"_blank\" rel=\"noopener\">caf\u00e9<\/a>\u00a0liderou a pauta de exporta\u00e7\u00f5es do agroneg\u00f3cio mineiro, com US$ 3,9 bilh\u00f5es em receita e embarque de 10 milh\u00f5es de sacas. Apesar da queda de 3% no volume devido \u00e0 entressafra, o faturamento subiu 70% na compara\u00e7\u00e3o com o primeiro quadrimestre de 2024, representando 60% da receita total do setor no estado.&#13;\n<\/p>\n<p style=\"text-align:justify\">A <a href=\"https:\/\/www.agrolink.com.br\/culturas\/soja?utm_source=agrolink-detalhe-noticia&amp;utm_medium=detalhe-noticia&amp;utm_campaign=links-internos\" target=\"_blank\" rel=\"noopener\">soja<\/a>, incluindo gr\u00e3os, farelo e \u00f3leo, somou US$ 1,1 bilh\u00e3o em receita e 2,9 milh\u00f5es de toneladas exportadas. Houve queda de 9% no valor e crescimento de 0,7% no volume. Segundo a Seapa, os pre\u00e7os seguem pressionados por fatores como a guerra comercial entre Estados Unidos e China e o in\u00edcio do plantio do gr\u00e3o nos EUA.<\/p>\n<p style=\"text-align:justify\">Entre os destaques do per\u00edodo, os ovos registraram crescimento expressivo no mercado internacional. As exporta\u00e7\u00f5es alcan\u00e7aram US$ 6,6 milh\u00f5es, com aumento de 495% no valor e 278% no volume, totalizando 3 mil toneladas. A demanda foi impulsionada principalmente pelos Estados Unidos, que enfrentam dificuldades no setor av\u00edcola devido \u00e0 influenza avi\u00e1ria.<\/p>\n<p style=\"text-align:justify\">As carnes tamb\u00e9m registraram avan\u00e7o. O total exportado somou US$ 533 milh\u00f5es, com 158 mil toneladas embarcadas. A carne bovina respondeu por US$ 374 milh\u00f5es e 78 mil toneladas, com alta de 19% em receita e 8% em volume. Os Estados Unidos ampliaram suas compras, com aumento de at\u00e9 195%.&#13;\n<\/p>\n<p style=\"text-align:justify\">A carne su\u00edna movimentou US$ 24 milh\u00f5es, com 11 mil toneladas vendidas. As Filipinas estrearam como destino e j\u00e1 ocupam o quarto lugar entre os principais compradores, com 10% dos embarques. A carne de frango totalizou US$ 128 milh\u00f5es e 66 mil toneladas, com crescimento de 17% em valor e 10% em volume. As vendas para a China e os Pa\u00edses Baixos foram os destaques.<\/p>\n<p style=\"text-align:justify\">O segmento de produtos florestais \u2014 celulose, papel e madeira \u2014 superou o complexo sucroalcooleiro, ocupando a quarta posi\u00e7\u00e3o entre os grupos exportadores do agro mineiro, com US$ 339 milh\u00f5es e 559 mil toneladas. A mudan\u00e7a foi resultado da queda de 42,5% na receita e de 38% no volume do setor sucroalcooleiro, que fechou o quadrimestre com US$ 334 milh\u00f5es e 711 mil toneladas exportadas. O recuo foi atribu\u00eddo \u00e0s condi\u00e7\u00f5es clim\u00e1ticas desfavor\u00e1veis, que afetaram o desenvolvimento da <a href=\"https:\/\/www.agrolink.com.br\/culturas\/cana-de-acucar\/?utm_source=agrolink-detalhe-noticia&amp;utm_medium=detalhe-noticia&amp;utm_campaign=links-internos\" target=\"_blank\" rel=\"noopener\">cana-de-a\u00e7\u00facar<\/a> e comprometeram a produ\u00e7\u00e3o de a\u00e7\u00facar e etanol.<\/p>\n<\/p><\/div>\n<p><script data-cfasync=\"false\">\n    !function (f, b, e, v, n, t, s) {\n        if (f.fbq) return; n = f.fbq = function () {\n            n.callMethod ?\n                n.callMethod.apply(n, arguments) : n.queue.push(arguments)\n        };\n        if (!f._fbq) f._fbq = n; n.push = n; n.loaded = !0; n.version = '2.0';\n        n.queue = []; t = b.createElement(e); t.async = !0;\n        t.src = v; s = b.getElementsByTagName(e)[0];\n        s.parentNode.insertBefore(t, s)\n    }(window, document, 'script',\n        'https:\/\/connect.facebook.net\/en_US\/fbevents.js');\n    fbq('init', '522546078623747');\n    fbq('track', 'PageView');\n<\/script><br \/>\n<br \/><br \/>\n<br \/><a href=\"https:\/\/www.agrolink.com.br\/noticias\/minas-gerais--exportacoes-do-agronegocio-batem-recorde-no-1--quadrimestre_502399.html\">Source link <\/a><\/p>\n","protected":false},"excerpt":{"rendered":"<p>Minas Gerais atingiu um novo recorde nas exporta\u00e7\u00f5es do agroneg\u00f3cio durante o primeiro quadrimestre de 2025. De acordo com levantamento<\/p>\n","protected":false},"author":1,"featured_media":850,"comment_status":"open","ping_status":"open","sticky":false,"template":"","format":"standard","meta":{"_monsterinsights_skip_tracking":false,"_monsterinsights_sitenote_active":false,"_monsterinsights_sitenote_note":"","_monsterinsights_sitenote_category":0,"_uf_show_specific_survey":0,"_uf_disable_surveys":false,"footnotes":""},"categories":[8,1,14],"tags":[],"class_list":["post-14334","post","type-post","status-publish","format-standard","has-post-thumbnail","hentry","category-agro","category-news","category-politica-agro"],"_links":{"self":[{"href":"https:\/\/agromt.news\/index.php?rest_route=\/wp\/v2\/posts\/14334"}],"collection":[{"href":"https:\/\/agromt.news\/index.php?rest_route=\/wp\/v2\/posts"}],"about":[{"href":"https:\/\/agromt.news\/index.php?rest_route=\/wp\/v2\/types\/post"}],"author":[{"embeddable":true,"href":"https:\/\/agromt.news\/index.php?rest_route=\/wp\/v2\/users\/1"}],"replies":[{"embeddable":true,"href":"https:\/\/agromt.news\/index.php?rest_route=%2Fwp%2Fv2%2Fcomments&post=14334"}],"version-history":[{"count":0,"href":"https:\/\/agromt.news\/index.php?rest_route=\/wp\/v2\/posts\/14334\/revisions"}],"wp:featuredmedia":[{"embeddable":true,"href":"https:\/\/agromt.news\/index.php?rest_route=\/wp\/v2\/media\/850"}],"wp:attachment":[{"href":"https:\/\/agromt.news\/index.php?rest_route=%2Fwp%2Fv2%2Fmedia&parent=14334"}],"wp:term":[{"taxonomy":"category","embeddable":true,"href":"https:\/\/agromt.news\/index.php?rest_route=%2Fwp%2Fv2%2Fcategories&post=14334"},{"taxonomy":"post_tag","embeddable":true,"href":"https:\/\/agromt.news\/index.php?rest_route=%2Fwp%2Fv2%2Ftags&post=14334"}],"curies":[{"name":"wp","href":"https:\/\/api.w.org\/{rel}","templated":true}]}}