{"id":14332,"date":"2025-05-28T17:22:17","date_gmt":"2025-05-28T21:22:17","guid":{"rendered":"https:\/\/agromt.news\/?p=14332"},"modified":"2025-05-28T17:22:17","modified_gmt":"2025-05-28T21:22:17","slug":"bahia-se-prepara-para-iniciar-exportacoes-de-manga-para-os-eua","status":"publish","type":"post","link":"https:\/\/agromt.news\/?p=14332","title":{"rendered":"Bahia se prepara para iniciar exporta\u00e7\u00f5es de manga para os EUA"},"content":{"rendered":"<p> <br \/>\n<\/p>\n<div>\n<p>A <strong>Ag\u00eancia de Defesa Agropecu\u00e1ria da Bahia (Adab)<\/strong> alerta os setores produtivo e comercial para o monitoramento e controle de pragas como as moscas-das-frutas nos pomares, com o in\u00edcio das exporta\u00e7\u00f5es de manga, destinadas aos EUA, programado para primeiro de julho. <\/p>\n<p>Segundo a Adab, para alinhamento e atualiza\u00e7\u00e3o de procedimentos, o \u00f3rg\u00e3o vai realizar uma s\u00e9rie de reuni\u00f5es t\u00e9cnicas, no pr\u00f3ximo dia 29, no audit\u00f3rio da entidade parceira, Valexport, em Petrolina (PE).<\/p>\n<p>\u201cO objetivo \u00e9 orientar produtores, exportadores, Respons\u00e1veis T\u00e9cnicos (RTs) de estabelecimentos de tratamento e unidades de produ\u00e7\u00e3o, melhorando o controle e reduzindo o \u00edndice populacional da praga quarenten\u00e1ria moscas-das-frutas, em pomares de mangas registrados para exportar ao mercado americano, principal comprador\u201d, ressalta o coordenador do Projeto Fitossanit\u00e1rio de Controle das Moscas-das-Frutas da Adab, Weber Aguiar. <\/p>\n<p>Na programa\u00e7\u00e3o, com p\u00fablico estimado de 60 pessoas, segundo organiza\u00e7\u00e3o, os participantes ser\u00e3o atualizados sobre as normas e obrigatoriedade do monitoramento e controle em \u00e2mbito federal e estadual, bem como, sobre todas as ferramentas existentes para controlar a praga quarenten\u00e1ria moscas-das-frutas em pomares registrados, que exportam mangas para o mercado americano. <\/p>\n<figure class=\"wp-block-image size-full\"><img fetchpriority=\"high\" decoding=\"async\" width=\"900\" height=\"642\" src=\"https:\/\/agromt.news\/wp-content\/uploads\/2024\/10\/Queda-na-exportacao-de-manga-faz-preco-da-fruta-cair.jpg\" alt=\"Manga\" class=\"wp-image-4040898\"  \/><figcaption class=\"wp-element-caption\">Foto: Marcelino Ribeiro <\/figcaption><\/figure>\n<p>Tamb\u00e9m ser\u00e3o socializados pontos cr\u00edticos e riscos identificados pelo Servi\u00e7o de Inspe\u00e7\u00e3o Sanit\u00e1ria Animal e Vegetal dos Estados Unidos (APHIS), e como deve ser feito o controle pelos participantes do programa.<\/p>\n<p>Na oportunidade, a Adab informou que lan\u00e7ar\u00e1 um novo canal de atendimento para que o setor produtivo e a popula\u00e7\u00e3o possam fazer den\u00fancias, tirar d\u00favidas sobre a praga, o MoscaZap (71) 99945-8008.<\/p>\n<h3 class=\"wp-block-heading\" id=\"h-mercado-internacional\">Mercado internacional<\/h3>\n<p>A abertura da exporta\u00e7\u00e3o de manga da Bahia geralmente acontece durante a chamada \u201cjanela de exporta\u00e7\u00e3o\u201d, que coincide com a safra da fruta no Nordeste, principalmente em estados como Bahia, Pernambuco e Rio Grande do Norte. <\/p>\n<\/div>\n<div>\n<p>Essa janela de exporta\u00e7\u00e3o permite que a Bahia aproveite um per\u00edodo em que h\u00e1 menor oferta de manga em outros pa\u00edses, como o Equador, beneficiando a demanda pela fruta brasileira.<\/p>\n<h3 class=\"wp-block-heading\" id=\"h-importancia\">Import\u00e2ncia<\/h3>\n<p>Ainda segundo a Adab, em 2024, a regi\u00e3o do Vale do S\u00e3o Francisco, que abrange as cidades Petrolina (PE) e Juazeiro (BA), consolidou-se como um dos principais polos de exporta\u00e7\u00e3o de frutas do Brasil. <\/p>\n<p>A fruticultura irrigada da regi\u00e3o, beneficiada por condi\u00e7\u00f5es clim\u00e1ticas favor\u00e1veis e infraestrutura adequada, permitiu o cultivo e a exporta\u00e7\u00e3o de diversas frutas tropicais. <\/p>\n<p>A manga continuou sendo a principal fruta exportada pela regi\u00e3o. O Vale do S\u00e3o Francisco \u00e9 <strong>respons\u00e1vel por cerca de 95%<\/strong> da manga exportada pelo Brasil.<\/p>\n<hr class=\"wp-block-separator has-alpha-channel-opacity\"\/>\n<p><em>Voc\u00ea tamb\u00e9m pode participar deixando uma sugest\u00e3o de pauta. Siga o\u00a0<a href=\"https:\/\/www.instagram.com\/canalruralbahia\/\">Canal Rural Bahia no Instagram<\/a>\u00a0e nos envie uma mensagem<\/em>.<\/p>\n<\/p><\/div>\n<p><script async src=\"\/\/www.instagram.com\/embed.js\"><\/script><br \/>\n<br \/><br \/>\n<br \/><a href=\"https:\/\/www.canalrural.com.br\/nacional\/bahia\/bahia-se-prepara-para-iniciar-exportacoes-de-manga-para-os-eua\/\">Source link <\/a><\/p>\n","protected":false},"excerpt":{"rendered":"<p>A Ag\u00eancia de Defesa Agropecu\u00e1ria da Bahia (Adab) alerta os setores produtivo e comercial para o monitoramento e controle de<\/p>\n","protected":false},"author":1,"featured_media":14333,"comment_status":"open","ping_status":"open","sticky":false,"template":"","format":"standard","meta":{"_monsterinsights_skip_tracking":false,"_monsterinsights_sitenote_active":false,"_monsterinsights_sitenote_note":"","_monsterinsights_sitenote_category":0,"_uf_show_specific_survey":0,"_uf_disable_surveys":false,"footnotes":""},"categories":[1],"tags":[],"class_list":["post-14332","post","type-post","status-publish","format-standard","has-post-thumbnail","hentry","category-news"],"_links":{"self":[{"href":"https:\/\/agromt.news\/index.php?rest_route=\/wp\/v2\/posts\/14332"}],"collection":[{"href":"https:\/\/agromt.news\/index.php?rest_route=\/wp\/v2\/posts"}],"about":[{"href":"https:\/\/agromt.news\/index.php?rest_route=\/wp\/v2\/types\/post"}],"author":[{"embeddable":true,"href":"https:\/\/agromt.news\/index.php?rest_route=\/wp\/v2\/users\/1"}],"replies":[{"embeddable":true,"href":"https:\/\/agromt.news\/index.php?rest_route=%2Fwp%2Fv2%2Fcomments&post=14332"}],"version-history":[{"count":0,"href":"https:\/\/agromt.news\/index.php?rest_route=\/wp\/v2\/posts\/14332\/revisions"}],"wp:featuredmedia":[{"embeddable":true,"href":"https:\/\/agromt.news\/index.php?rest_route=\/wp\/v2\/media\/14333"}],"wp:attachment":[{"href":"https:\/\/agromt.news\/index.php?rest_route=%2Fwp%2Fv2%2Fmedia&parent=14332"}],"wp:term":[{"taxonomy":"category","embeddable":true,"href":"https:\/\/agromt.news\/index.php?rest_route=%2Fwp%2Fv2%2Fcategories&post=14332"},{"taxonomy":"post_tag","embeddable":true,"href":"https:\/\/agromt.news\/index.php?rest_route=%2Fwp%2Fv2%2Ftags&post=14332"}],"curies":[{"name":"wp","href":"https:\/\/api.w.org\/{rel}","templated":true}]}}