{"id":14325,"date":"2025-05-28T16:09:45","date_gmt":"2025-05-28T20:09:45","guid":{"rendered":"https:\/\/agromt.news\/?p=14325"},"modified":"2025-05-28T16:09:45","modified_gmt":"2025-05-28T20:09:45","slug":"estado-do-rs-propoe-destravar-prorrogacao-de-dividas-rurais-com-recursos-proprios","status":"publish","type":"post","link":"https:\/\/agromt.news\/?p=14325","title":{"rendered":"Estado do RS prop\u00f5e destravar prorroga\u00e7\u00e3o de d\u00edvidas rurais com recursos pr\u00f3prios"},"content":{"rendered":"<p> <br \/>\n<br \/><img decoding=\"async\" src=\"https:\/\/agromt.news\/wp-content\/uploads\/2024\/08\/WhatsApp-Image-2024-08-29-at-21.15.29-1.jpeg\" \/><\/p>\n<div>\n<p>O governador do Rio Grande do Sul, Eduardo Leite, encaminhou nesta quarta-feira (28), um of\u00edcio ao Minist\u00e9rio da Agricultura e Pecu\u00e1ria (Mapa) solicitando urg\u00eancia na aprova\u00e7\u00e3o da prorroga\u00e7\u00e3o das d\u00edvidas dos produtores rurais do estado. <\/p>\n<p>A proposta tem como objetivo beneficiar mais de 124 mil produtores que enfrentam dificuldades financeiras ap\u00f3s perdas significativas causadas por estiagens e enchentes.<\/p>\n<figure class=\"wp-block-embed is-type-rich is-provider-instagram wp-block-embed-instagram\">\n<p><iframe title=\"Instagram frame\" loading=\"lazy\" height=\"628\" class=\"instagram-embed-iframe\" src=\"https:\/\/www.canalrural.com.br\/nacional\/estado-do-rs-propoe-destravar-prorrogacao-de-dividas-rurais-com-recursos-proprios\/about:blank\" allowtransparency=\"true\" frameborder=\"0\" scrolling=\"no\" onload=\"(function(o){window.instagramIframe = window.instagramIframe || []; window.instagramIframe.push(o);})(this)\" style=\"border: 0px; margin: 0 auto; max-width: 658px; width: calc(100% - 2px); border-radius: 4px; box-shadow: rgba(0, 0, 0, 0.498039) 0px 0px 1px 0px, rgba(0, 0, 0, 0.14902) 0px 1px 10px 0px; display: block; padding: 0px; background: rgb(255, 255, 255);\" data-rocket-lazyload=\"fitvidscompatible\" data-lazy-src=\"https:\/\/www.instagram.com\/reel\/DKNHsXxuNhg\/embed\/\"><\/iframe><noscript><iframe title=\"Instagram frame\" loading=\"lazy\" height=\"628\" class=\"instagram-embed-iframe\" src=\"https:\/\/www.instagram.com\/reel\/DKNHsXxuNhg\/embed\/\" allowtransparency=\"true\" frameborder=\"0\" scrolling=\"no\" onload=\"(function(o){window.instagramIframe = window.instagramIframe || []; window.instagramIframe.push(o);})(this)\" style=\"border: 0px; margin: 0 auto; max-width: 658px; width: calc(100% - 2px); border-radius: 4px; box-shadow: rgba(0, 0, 0, 0.498039) 0px 0px 1px 0px, rgba(0, 0, 0, 0.14902) 0px 1px 10px 0px; display: block; padding: 0px; background: rgb(255, 255, 255);\"><\/iframe><\/noscript><\/p>\n<\/figure>\n<p>Inicialmente, a medida seria deliberada pelo Conselho Monet\u00e1rio Nacional (CMN) na \u00faltima quinta-feira (22), mas a divulga\u00e7\u00e3o do Relat\u00f3rio de Avalia\u00e7\u00e3o de Receitas e Despesas Prim\u00e1rias do 2\u00ba bimestre, que imp\u00f4s um severo ajuste fiscal, mostrou a dificuldade do governo federal em viabilizar o or\u00e7amento necess\u00e1rio para a aprova\u00e7\u00e3o imediata da proposta.<\/p>\n<p>Por conta desse impasse, Leite anunciou que o governo estadual est\u00e1 disposto a assumir os custos do primeiro ano da prorroga\u00e7\u00e3o, estimados em R$ 136 milh\u00f5es, por meio do Fundo do Plano Rio Grande (Funrigs) ou outra fonte compat\u00edvel. A proposta ser\u00e1 formalizada por meio de conv\u00eanio com a Uni\u00e3o.<\/p>\n<p>\u201cA prorroga\u00e7\u00e3o do vencimento das d\u00edvidas dos produtores rurais \u00e9 urgente e cr\u00edtica para o Rio Grande do Sul. Temos trabalhado insistentemente nisso. Na semana passada, houve uma sinaliza\u00e7\u00e3o forte por parte do governo federal de que seria aprovada, mas ela n\u00e3o aconteceu at\u00e9 agora\u201d, afirmou Leite. \u201cSe o problema \u00e9 or\u00e7ament\u00e1rio, o governo do estado pode viabilizar este valor, mas que seja feita a aprova\u00e7\u00e3o pelo CMN para dar f\u00f4lego aos nossos produtores.\u201d<\/p>\n<h2 class=\"wp-block-heading\" id=\"h-mapa-deu-prazo-para-a-aprovacao\">Mapa deu prazo para a aprova\u00e7\u00e3o<\/h2>\n<p><strong><a href=\"https:\/\/www.canalrural.com.br\/nacional\/rio-grande-do-sul\/adiamento-de-dividas-de-produtores-gauchos-sera-aprovada-ate-sexta-diz-favaro\/\">Em audi\u00eancia no Senado nesta ter\u00e7a-feira (27)<\/a><\/strong>, o ministro da Agricultura e Pecu\u00e1ria (Mapa), Carlos F\u00e1varo, ressaltou que a expectativa \u00e9 que o aval do CMN para a resolu\u00e7\u00e3o ocorra ainda nesta semana, no mais tardar na sexta-feira (30). O chefe da pasta disse, inclusive, que o processo ser\u00e1 retroativo, contemplando d\u00e9bitos j\u00e1 vencidos.<\/p>\n<\/div>\n<div>\n<p>Ainda assim, o ministro reconheceu que n\u00e3o h\u00e1 defini\u00e7\u00e3o a respeito de quais programas a verba ser\u00e1 remanejada para arcar com o adiamento das d\u00edvidas dos produtores. Para isso, afirmou manter conversas com Fernando Haddad, da Fazenda, e Simone Tebet, do Planejamento e Or\u00e7amento.<\/p>\n<p>Para ele, seria pertinente que parte do dinheiro fosse proveniente do Fundo Clima, visto que a trag\u00e9dia que se abateu sobre os produtores do estado teve como origem os impactos das mudan\u00e7as clim\u00e1ticas.<\/p>\n<h2 class=\"wp-block-heading\" id=\"h-dividas-e-capacidade-de-producao\">D\u00edvidas e capacidade de produ\u00e7\u00e3o <\/h2>\n<p>O objetivo da proposta emergencial de prorroga\u00e7\u00e3o das d\u00edvidas \u00e9 o de preservar a capacidade de produ\u00e7\u00e3o e adimpl\u00eancia dos produtores rurais, al\u00e9m de garantir a sustentabilidade do setor agropecu\u00e1rio em um momento considerado cr\u00edtico. <\/p>\n<p>O governo estadual tamb\u00e9m alertou para a urg\u00eancia da medida, considerando a proximidade do vencimento das parcelas dos financiamentos e o risco de inadimpl\u00eancia generalizada.<\/p>\n<\/p><\/div>\n<p><script async src=\"\/\/www.instagram.com\/embed.js\"><\/script><br \/>\n<br \/><br \/>\n<br \/><a href=\"https:\/\/www.canalrural.com.br\/nacional\/estado-do-rs-propoe-destravar-prorrogacao-de-dividas-rurais-com-recursos-proprios\/\">Source link <\/a><\/p>\n","protected":false},"excerpt":{"rendered":"<p>O governador do Rio Grande do Sul, Eduardo Leite, encaminhou nesta quarta-feira (28), um of\u00edcio ao Minist\u00e9rio da Agricultura e<\/p>\n","protected":false},"author":1,"featured_media":948,"comment_status":"open","ping_status":"open","sticky":false,"template":"","format":"standard","meta":{"_monsterinsights_skip_tracking":false,"_monsterinsights_sitenote_active":false,"_monsterinsights_sitenote_note":"","_monsterinsights_sitenote_category":0,"_uf_show_specific_survey":0,"_uf_disable_surveys":false,"footnotes":""},"categories":[1],"tags":[],"class_list":["post-14325","post","type-post","status-publish","format-standard","has-post-thumbnail","hentry","category-news"],"_links":{"self":[{"href":"https:\/\/agromt.news\/index.php?rest_route=\/wp\/v2\/posts\/14325"}],"collection":[{"href":"https:\/\/agromt.news\/index.php?rest_route=\/wp\/v2\/posts"}],"about":[{"href":"https:\/\/agromt.news\/index.php?rest_route=\/wp\/v2\/types\/post"}],"author":[{"embeddable":true,"href":"https:\/\/agromt.news\/index.php?rest_route=\/wp\/v2\/users\/1"}],"replies":[{"embeddable":true,"href":"https:\/\/agromt.news\/index.php?rest_route=%2Fwp%2Fv2%2Fcomments&post=14325"}],"version-history":[{"count":0,"href":"https:\/\/agromt.news\/index.php?rest_route=\/wp\/v2\/posts\/14325\/revisions"}],"wp:featuredmedia":[{"embeddable":true,"href":"https:\/\/agromt.news\/index.php?rest_route=\/wp\/v2\/media\/948"}],"wp:attachment":[{"href":"https:\/\/agromt.news\/index.php?rest_route=%2Fwp%2Fv2%2Fmedia&parent=14325"}],"wp:term":[{"taxonomy":"category","embeddable":true,"href":"https:\/\/agromt.news\/index.php?rest_route=%2Fwp%2Fv2%2Fcategories&post=14325"},{"taxonomy":"post_tag","embeddable":true,"href":"https:\/\/agromt.news\/index.php?rest_route=%2Fwp%2Fv2%2Ftags&post=14325"}],"curies":[{"name":"wp","href":"https:\/\/api.w.org\/{rel}","templated":true}]}}