{"id":14323,"date":"2025-05-28T15:55:16","date_gmt":"2025-05-28T19:55:16","guid":{"rendered":"https:\/\/agromt.news\/?p=14323"},"modified":"2025-05-28T15:55:16","modified_gmt":"2025-05-28T19:55:16","slug":"brasil-sera-reconhecido-como-zona-livre-de-febre-aftosa-sem-vacinacao","status":"publish","type":"post","link":"https:\/\/agromt.news\/?p=14323","title":{"rendered":"Brasil ser\u00e1 reconhecido como zona livre de febre aftosa sem vacina\u00e7\u00e3o"},"content":{"rendered":"<p> <br \/>\n<br \/><img decoding=\"async\" src=\"https:\/\/agromt.news\/wp-content\/uploads\/2025\/05\/Brasil-sera-reconhecido-como-zona-livre-de-febre-aftosa-sem.jpg\" \/><\/p>\n<div>\n<p>O Brasil se prepara para um marco hist\u00f3rico. Nesta quinta-feira (29), o pa\u00eds ser\u00e1 reconhecido oficialmente como zona livre de febre aftosa sem vacina\u00e7\u00e3o. A cerim\u00f4nia acontece durante a assembleia geral da Organiza\u00e7\u00e3o Mundial de Sa\u00fade Animal (OMSA), em Paris, Fran\u00e7a.<\/p>\n<p>O an\u00fancio ser\u00e1 feito por volta das 10h (hor\u00e1rio local), o que corresponde \u00e0s 5h da manh\u00e3 em Bras\u00edlia. A delega\u00e7\u00e3o brasileira que participa da cerim\u00f4nia \u00e9 composta por cerca de 90 representantes, incluindo membros do Minist\u00e9rio da Agricultura e parlamentares ligados \u00e0 Frente Parlamentar da Agropecu\u00e1ria (FPA). O grupo \u00e9 chefiado por Marcelo Moura, delegado da \u00e1rea animal do Mapa.<\/p>\n<p>Ao longo desta quarta-feira (28), os delegados brasileiros participaram de reuni\u00f5es t\u00e9cnicas na sede da OMSA, apresentando os avan\u00e7os do pa\u00eds na \u00e1rea de sa\u00fade animal. Foram compartilhadas informa\u00e7\u00f5es sobre o sistema de vigil\u00e2ncia sanit\u00e1ria, o controle de doen\u00e7as e as boas pr\u00e1ticas adotadas pela pecu\u00e1ria brasileira.<\/p>\n<p>Segundo os representantes da delega\u00e7\u00e3o, o Brasil tem se destacado nas discuss\u00f5es t\u00e9cnicas ao apresentar os resultados obtidos com o fortalecimento do servi\u00e7o veterin\u00e1rio oficial e o fim gradual da vacina\u00e7\u00e3o contra febre aftosa. Durante visita ao local onde ser\u00e1 feito o an\u00fancio, parlamentares refor\u00e7aram a import\u00e2ncia do reconhecimento internacional para os produtores rurais e para o mercado de exporta\u00e7\u00e3o.<\/p>\n<\/div>\n<div>\n<p><iframe title=\"Brasil se prepara para status livre de aftosa sem vacina\u00e7\u00e3o\" width=\"800\" height=\"450\" src=\"https:\/\/www.youtube.com\/embed\/SYS_QFBJ6vg?feature=oembed\" frameborder=\"0\" allow=\"accelerometer; autoplay; clipboard-write; encrypted-media; gyroscope; picture-in-picture; web-share\" referrerpolicy=\"strict-origin-when-cross-origin\" allowfullscreen><\/iframe><noscript><iframe title=\"Brasil se prepara para status livre de aftosa sem vacina\u00e7\u00e3o\" width=\"800\" height=\"450\" src=\"https:\/\/www.youtube.com\/embed\/SYS_QFBJ6vg?feature=oembed\" frameborder=\"0\" allow=\"accelerometer; autoplay; clipboard-write; encrypted-media; gyroscope; picture-in-picture; web-share\" referrerpolicy=\"strict-origin-when-cross-origin\" allowfullscreen><\/iframe><\/noscript><\/p>\n<p>A senadora Tereza Cristina, vice-presidente da FPA, afirmou que o novo status sanit\u00e1rio representa uma valoriza\u00e7\u00e3o da carne bovina brasileira no mercado internacional. Ela destacou que o fim da vacina\u00e7\u00e3o permite ao Brasil acessar mercados mais exigentes, que at\u00e9 ent\u00e3o restringiam a compra de carne proveniente de animais vacinados.<\/p>\n<p>O vice-presidente da Confedera\u00e7\u00e3o da Agricultura e Pecu\u00e1ria do Brasil (CNA), Gede\u00e3o Pereira, refor\u00e7ou que a conquista \u00e9 resultado do progresso da pecu\u00e1ria nacional. \u201cO m\u00e9rito dessa conquista vem da qualidade crescente da nossa produ\u00e7\u00e3o. Agora temos a responsabilidade de manter esse status\u201d, afirmou.<\/p>\n<p>Atualmente, o Brasil j\u00e1 exporta carne bovina para pa\u00edses como China, Estados Unidos e Uni\u00e3o Europeia. Com o reconhecimento oficial da OMSA, a expectativa \u00e9 ampliar a presen\u00e7a brasileira em novos mercados e melhorar os pre\u00e7os pagos pela carne nacional.<\/p>\n<\/p><\/div>\n<p><br \/>\n<br \/><a href=\"https:\/\/www.canalrural.com.br\/pecuaria\/brasil-sera-reconhecido-como-zona-livre-de-febre-aftosa-sem-vacinacao\/\">Source link <\/a><\/p>\n","protected":false},"excerpt":{"rendered":"<p>O Brasil se prepara para um marco hist\u00f3rico. Nesta quinta-feira (29), o pa\u00eds ser\u00e1 reconhecido oficialmente como zona livre de<\/p>\n","protected":false},"author":1,"featured_media":14324,"comment_status":"open","ping_status":"open","sticky":false,"template":"","format":"standard","meta":{"_monsterinsights_skip_tracking":false,"_monsterinsights_sitenote_active":false,"_monsterinsights_sitenote_note":"","_monsterinsights_sitenote_category":0,"_uf_show_specific_survey":0,"_uf_disable_surveys":false,"footnotes":""},"categories":[1],"tags":[],"class_list":["post-14323","post","type-post","status-publish","format-standard","has-post-thumbnail","hentry","category-news"],"_links":{"self":[{"href":"https:\/\/agromt.news\/index.php?rest_route=\/wp\/v2\/posts\/14323"}],"collection":[{"href":"https:\/\/agromt.news\/index.php?rest_route=\/wp\/v2\/posts"}],"about":[{"href":"https:\/\/agromt.news\/index.php?rest_route=\/wp\/v2\/types\/post"}],"author":[{"embeddable":true,"href":"https:\/\/agromt.news\/index.php?rest_route=\/wp\/v2\/users\/1"}],"replies":[{"embeddable":true,"href":"https:\/\/agromt.news\/index.php?rest_route=%2Fwp%2Fv2%2Fcomments&post=14323"}],"version-history":[{"count":0,"href":"https:\/\/agromt.news\/index.php?rest_route=\/wp\/v2\/posts\/14323\/revisions"}],"wp:featuredmedia":[{"embeddable":true,"href":"https:\/\/agromt.news\/index.php?rest_route=\/wp\/v2\/media\/14324"}],"wp:attachment":[{"href":"https:\/\/agromt.news\/index.php?rest_route=%2Fwp%2Fv2%2Fmedia&parent=14323"}],"wp:term":[{"taxonomy":"category","embeddable":true,"href":"https:\/\/agromt.news\/index.php?rest_route=%2Fwp%2Fv2%2Fcategories&post=14323"},{"taxonomy":"post_tag","embeddable":true,"href":"https:\/\/agromt.news\/index.php?rest_route=%2Fwp%2Fv2%2Ftags&post=14323"}],"curies":[{"name":"wp","href":"https:\/\/api.w.org\/{rel}","templated":true}]}}