{"id":1432,"date":"2024-09-11T20:55:36","date_gmt":"2024-09-12T00:55:36","guid":{"rendered":"https:\/\/agromt.news\/?p=1432"},"modified":"2024-09-11T20:55:36","modified_gmt":"2024-09-12T00:55:36","slug":"governo-federal-prorroga-prazo-para-produtores-do-rs-pedirem-descontos-em-dividas","status":"publish","type":"post","link":"https:\/\/agromt.news\/?p=1432","title":{"rendered":"Governo federal prorroga prazo para produtores do RS pedirem descontos em d\u00edvidas"},"content":{"rendered":"<p> <br \/>\n<br \/><img decoding=\"async\" src=\"https:\/\/agromt.news\/wp-content\/uploads\/2024\/08\/Governo-detalha-medidas-para-a-agricultura-familiar-na-47a-Expointer.jpg\" \/><\/p>\n<div>\n<p>O governo federal estendeu para 30 de setembro o prazo para que os produtores rurais do <a href=\"https:\/\/www.canalrural.com.br\/nacional\/rio-grande-do-sul\/\"><strong>Rio Grande do Sul<\/strong><\/a> solicitem descontos nas d\u00edvidas de cr\u00e9dito rural.<\/p>\n<p>O prazo original terminava na ter\u00e7a-feira (10). A prorroga\u00e7\u00e3o oferece mais tempo para que os produtores, afetados pelas fortes chuvas deste ano, re\u00fanam a documenta\u00e7\u00e3o necess\u00e1ria e enviem os pedidos \u00e0s institui\u00e7\u00f5es financeiras respons\u00e1veis pelos cr\u00e9ditos.<\/p>\n<\/div>\n<div>\n<p>Os bancos ter\u00e3o at\u00e9 <strong>3 de outubro<\/strong> para encaminhar as solicita\u00e7\u00f5es aos Conselhos Municipais de Desenvolvimento Rural Sustent\u00e1vel (CMDRS), respons\u00e1veis por validar as perdas.<\/p>\n<p>Os produtores ser\u00e3o informados sobre a valida\u00e7\u00e3o at\u00e9 <strong>24 de outubro e ter\u00e3o at\u00e9 30 de outubro<\/strong> para renegociar ou liquidar as d\u00edvidas.<\/p>\n<p>Para perdas superiores a <strong>60%<\/strong>, as solicita\u00e7\u00f5es ser\u00e3o analisadas pela Comiss\u00e3o Especial de An\u00e1lise de Opera\u00e7\u00f5es de Cr\u00e9dito Rural do Rio Grande do Sul, que dever\u00e1 publicar os resultados at\u00e9 20 de novembro. A liquida\u00e7\u00e3o ou renegocia\u00e7\u00e3o nesses casos deve ocorrer at\u00e9 27 de novembro.<\/p>\n<p>Opera\u00e7\u00f5es cobertas por seguro rural, como o Proagro, est\u00e3o exclu\u00eddas do benef\u00edcio. As institui\u00e7\u00f5es financeiras t\u00eam at\u00e9 3 de outubro para comunicar aos produtores os pedidos negados.<\/p>\n<\/div>\n<p><br \/>\n<br \/><a href=\"https:\/\/www.canalrural.com.br\/economia\/governo-federal-prorroga-prazo-para-produtores-do-rs-pedirem-descontos-em-dividas\/\">Source link <\/a><\/p>\n","protected":false},"excerpt":{"rendered":"<p>O governo federal estendeu para 30 de setembro o prazo para que os produtores rurais do Rio Grande do Sul<\/p>\n","protected":false},"author":1,"featured_media":946,"comment_status":"open","ping_status":"open","sticky":false,"template":"","format":"standard","meta":{"_monsterinsights_skip_tracking":false,"_monsterinsights_sitenote_active":false,"_monsterinsights_sitenote_note":"","_monsterinsights_sitenote_category":0,"_uf_show_specific_survey":0,"_uf_disable_surveys":false,"footnotes":""},"categories":[1],"tags":[],"class_list":["post-1432","post","type-post","status-publish","format-standard","has-post-thumbnail","hentry","category-news"],"_links":{"self":[{"href":"https:\/\/agromt.news\/index.php?rest_route=\/wp\/v2\/posts\/1432"}],"collection":[{"href":"https:\/\/agromt.news\/index.php?rest_route=\/wp\/v2\/posts"}],"about":[{"href":"https:\/\/agromt.news\/index.php?rest_route=\/wp\/v2\/types\/post"}],"author":[{"embeddable":true,"href":"https:\/\/agromt.news\/index.php?rest_route=\/wp\/v2\/users\/1"}],"replies":[{"embeddable":true,"href":"https:\/\/agromt.news\/index.php?rest_route=%2Fwp%2Fv2%2Fcomments&post=1432"}],"version-history":[{"count":0,"href":"https:\/\/agromt.news\/index.php?rest_route=\/wp\/v2\/posts\/1432\/revisions"}],"wp:featuredmedia":[{"embeddable":true,"href":"https:\/\/agromt.news\/index.php?rest_route=\/wp\/v2\/media\/946"}],"wp:attachment":[{"href":"https:\/\/agromt.news\/index.php?rest_route=%2Fwp%2Fv2%2Fmedia&parent=1432"}],"wp:term":[{"taxonomy":"category","embeddable":true,"href":"https:\/\/agromt.news\/index.php?rest_route=%2Fwp%2Fv2%2Fcategories&post=1432"},{"taxonomy":"post_tag","embeddable":true,"href":"https:\/\/agromt.news\/index.php?rest_route=%2Fwp%2Fv2%2Ftags&post=1432"}],"curies":[{"name":"wp","href":"https:\/\/api.w.org\/{rel}","templated":true}]}}