{"id":1430,"date":"2024-09-11T20:52:27","date_gmt":"2024-09-12T00:52:27","guid":{"rendered":"https:\/\/agromt.news\/?p=1430"},"modified":"2024-09-11T20:52:27","modified_gmt":"2024-09-12T00:52:27","slug":"bioma-e-o-segundo-mais-ameacado-no-pais","status":"publish","type":"post","link":"https:\/\/agromt.news\/?p=1430","title":{"rendered":"bioma \u00e9 o segundo mais amea\u00e7ado no pa\u00eds"},"content":{"rendered":"<p> <br \/>\n<\/p>\n<div>\n<p style=\"text-align:justify\">O segundo maior bioma brasileiro tamb\u00e9m ocupa essa posi\u00e7\u00e3o (segundo) quando o assunto \u00e9 amea\u00e7a \u00e0 biodiversidade e aos servi\u00e7os ecossistem\u00e1ticos. De acordo com estudo realizado pela Mapbiomas, o Cerrado perdeu 27% de sua vegeta\u00e7\u00e3o nativa nos \u00faltimos 39 anos, o que representa 38 milh\u00f5es de hectares.\n<\/p>\n<p style=\"text-align:justify\">Em toda a cobertura natural do pa\u00eds que sofreu transforma\u00e7\u00e3o no uso do solo, o bioma, proporcionalmente, s\u00f3 foi menos afetado que o Pampa, que perdeu 28% de vegeta\u00e7\u00e3o nativa ao longo desses anos.<\/p>\n<p style=\"text-align:justify\">Tamb\u00e9m conhecido como savana brasileira, o Cerrado ocupa 25% do territ\u00f3rio nacional, em 11 estados que se estendem do Nordeste \u00e0 maior parte do Centro-Oeste, e mant\u00e9m \u00e1reas de transi\u00e7\u00e3o com praticamente todos os biomas, exceto os Pampas. Pelas caracter\u00edsticas adquiridas no contato com mais quatro ecossistemas (Amaz\u00f4nia, Pantanal, Mata Atl\u00e2ntica e Caatinga), \u00e9 considerada a savana mais biodiversa do planeta.<\/p>\n<p style=\"text-align:justify\">Ao longo desse per\u00edodo, o bioma teve 88 milh\u00f5es de hectares atingidos pelo fogo, o que causou a perda de 9,5 milh\u00f5es de hectares. Embora seja mais resiliente aos inc\u00eandios, pesquisadores apontam que as mudan\u00e7as clim\u00e1ticas associadas ao uso indiscriminado do fogo t\u00eam amea\u00e7ado a integridade de sua cobertura natural. \u201c\u00c9 essencial implementar pol\u00edticas p\u00fablicas que promovam a conscientiza\u00e7\u00e3o, reforcem sistemas de monitoramento e apliquem leis rigorosamente contra queimadas ilegais\u201d, refor\u00e7a a pesquisadora do Instituto de Pesquisa Ambiental da Amaz\u00f4nia (Ipam), Vera Arruda.<\/p>\n<p style=\"text-align:justify\">Junto com a cobertura natural do solo, a perda do Cerrado significa perder tamb\u00e9m a sua enorme capacidade de reter g\u00e1s carb\u00f4nico na biomassa de suas longas ra\u00edzes, de recarregar a \u00e1gua subterr\u00e2nea e de manter o ciclo h\u00eddrico que equilibra o planeta. \u201cTemos observado que as \u00e1reas \u00famidas no Cerrado est\u00e3o secando. Al\u00e9m disso, a expans\u00e3o da agricultura sobre essas \u00e1reas v\u00eam ocorrendo em algumas regi\u00f5es no bioma, o que pode afetar o abastecimento h\u00eddrico e resultar em escassez de \u00e1gua para a popula\u00e7\u00e3o e para a agricultura, aumentando tamb\u00e9m a vulnerabilidade a desastres clim\u00e1ticos e \u00e0 perda de biodiversidade\u201d, alerta Joaquim Raposo, pesquisador do Ipam.\n<\/p>\n<p style=\"text-align:justify\">Para se ter uma ideia, de toda a \u00e1rea perdida ao longo dos 39 anos estudados, 500 mil hectares foram de \u00e1reas \u00famidas substitu\u00eddas principalmente por pastagem. S\u00e3o \u00e1reas naturais consideradas fundamentais na manuten\u00e7\u00e3o dos recursos h\u00eddricos, presentes em 6 milh\u00f5es de hectares do bioma onde nascem oito das 12 bacias hidrogr\u00e1ficas brasileiras.<\/p>\n<p style=\"text-align:justify\">Neste 11 de setembro, em que \u00e9 celebrado o Dia do Cerrado, organiza\u00e7\u00f5es da sociedade civil como os institutos Cerrados, Sociedade Popula\u00e7\u00e3o e Natureza, Ipam e WWF Brasil lan\u00e7aram uma campanha de sensibiliza\u00e7\u00e3o sobre a relev\u00e2ncia do bioma e os desafios a serem enfrentados para a sua preserva\u00e7\u00e3o.<\/p>\n<p style=\"text-align:justify\">Chamada Cerrado, Cora\u00e7\u00e3o das \u00c1guas, a campanha foi lan\u00e7ada em um site que re\u00fane informa\u00e7\u00f5es relevantes sobre o bioma, suas caracter\u00edsticas, biodiversidade, povos, turismo e caminhos para a preserva\u00e7\u00e3o, al\u00e9m de reunir boas hist\u00f3rias dessa \u201cfloresta invertida\u201d.\n<\/p>\n<\/div>\n<p><script data-cfasync=\"false\">\n    !function (f, b, e, v, n, t, s) {\n        if (f.fbq) return; n = f.fbq = function () {\n            n.callMethod ?\n                n.callMethod.apply(n, arguments) : n.queue.push(arguments)\n        };\n        if (!f._fbq) f._fbq = n; n.push = n; n.loaded = !0; n.version = '2.0';\n        n.queue = []; t = b.createElement(e); t.async = !0;\n        t.src = v; s = b.getElementsByTagName(e)[0];\n        s.parentNode.insertBefore(t, s)\n    }(window, document, 'script',\n        'https:\/\/connect.facebook.net\/en_US\/fbevents.js');\n    fbq('init', '522546078623747');\n    fbq('track', 'PageView');\n<\/script><br \/>\n<br \/><br \/>\n<br \/><a href=\"https:\/\/www.agrolink.com.br\/noticias\/dia-do-cerrado--bioma-e-o-segundo-mais-ameacado-no-pais_494865.html\">Source link <\/a><\/p>\n","protected":false},"excerpt":{"rendered":"<p>O segundo maior bioma brasileiro tamb\u00e9m ocupa essa posi\u00e7\u00e3o (segundo) quando o assunto \u00e9 amea\u00e7a \u00e0 biodiversidade e aos servi\u00e7os<\/p>\n","protected":false},"author":1,"featured_media":1431,"comment_status":"open","ping_status":"open","sticky":false,"template":"","format":"standard","meta":{"_monsterinsights_skip_tracking":false,"_monsterinsights_sitenote_active":false,"_monsterinsights_sitenote_note":"","_monsterinsights_sitenote_category":0,"_uf_show_specific_survey":0,"_uf_disable_surveys":false,"footnotes":""},"categories":[8,1,14],"tags":[],"class_list":["post-1430","post","type-post","status-publish","format-standard","has-post-thumbnail","hentry","category-agro","category-news","category-politica-agro"],"_links":{"self":[{"href":"https:\/\/agromt.news\/index.php?rest_route=\/wp\/v2\/posts\/1430"}],"collection":[{"href":"https:\/\/agromt.news\/index.php?rest_route=\/wp\/v2\/posts"}],"about":[{"href":"https:\/\/agromt.news\/index.php?rest_route=\/wp\/v2\/types\/post"}],"author":[{"embeddable":true,"href":"https:\/\/agromt.news\/index.php?rest_route=\/wp\/v2\/users\/1"}],"replies":[{"embeddable":true,"href":"https:\/\/agromt.news\/index.php?rest_route=%2Fwp%2Fv2%2Fcomments&post=1430"}],"version-history":[{"count":0,"href":"https:\/\/agromt.news\/index.php?rest_route=\/wp\/v2\/posts\/1430\/revisions"}],"wp:featuredmedia":[{"embeddable":true,"href":"https:\/\/agromt.news\/index.php?rest_route=\/wp\/v2\/media\/1431"}],"wp:attachment":[{"href":"https:\/\/agromt.news\/index.php?rest_route=%2Fwp%2Fv2%2Fmedia&parent=1430"}],"wp:term":[{"taxonomy":"category","embeddable":true,"href":"https:\/\/agromt.news\/index.php?rest_route=%2Fwp%2Fv2%2Fcategories&post=1430"},{"taxonomy":"post_tag","embeddable":true,"href":"https:\/\/agromt.news\/index.php?rest_route=%2Fwp%2Fv2%2Ftags&post=1430"}],"curies":[{"name":"wp","href":"https:\/\/api.w.org\/{rel}","templated":true}]}}