{"id":1429,"date":"2024-09-11T20:22:30","date_gmt":"2024-09-12T00:22:30","guid":{"rendered":"https:\/\/agromt.news\/?p=1429"},"modified":"2024-09-11T20:22:30","modified_gmt":"2024-09-12T00:22:30","slug":"fogo-consumiu-88-milhoes-de-hectares-de-cerrado-entre-1985-e-2023","status":"publish","type":"post","link":"https:\/\/agromt.news\/?p=1429","title":{"rendered":"Fogo consumiu 88 milh\u00f5es de hectares de Cerrado entre 1985 e 2023"},"content":{"rendered":"<p> <br \/>\n<br \/><img decoding=\"async\" src=\"https:\/\/agromt.news\/wp-content\/uploads\/2024\/09\/Orplana-estima-prejuizo-de-R-800-mi-para-produtor-com.webp.webp\" \/><\/p>\n<div>\n<p>O fogo queimou 88 milh\u00f5es de hectares de Cerrado brasileiro entre 1985 e 2023, uma m\u00e9dia de 9,5 milh\u00f5es de hectares todos os anos.<\/p>\n<p>O n\u00famero supera as queimadas na Amaz\u00f4nia, com 7,1 milh\u00f5es de hectares por ano, em m\u00e9dia, apontou nesta quarta-feira (11), o Instituto de Pesquisa Ambiental da Amaz\u00f4nia <a href=\"https:\/\/ipam.org.br\/pt\/\"><strong>(Ipam)<\/strong><\/a>, que coordena o mapeamento do bioma na Rede MapBiomas.<\/p>\n<p>O estudo informa tamb\u00e9m que a \u00e1rea queimada equivale a <strong>43%<\/strong> de toda a extens\u00e3o do Cerrado brasileiro e <strong>supera o territ\u00f3rio do Chile e Turquia<\/strong>.<\/p>\n<\/div>\n<div>\n<h2>Redu\u00e7\u00e3o do Cerrado<\/h2>\n<p>O desmatamento do Cerrado apresenta, al\u00e9m disso, n\u00fameros grandiosos no relat\u00f3rio do MapBiomas, alcan\u00e7ando, entre 1985 e 2023, 38 milh\u00f5es de hectares, ou redu\u00e7\u00e3o de <strong>27%<\/strong> na vegeta\u00e7\u00e3o original do bioma, que, hoje, tem quase metade da sua \u00e1rea alterada por atividades humanas.<\/p>\n<p>\u201cAtualmente, 26 milh\u00f5es de hectares do Cerrado est\u00e3o <a href=\"https:\/\/www.canalrural.com.br\/agricultura\/prejuizo-milionario-incendios-devastam-fazendas-e-maquinario-em-mato-grosso\/\"><strong>ocupados pela agricultura<\/strong><\/a>, dos quais 75% s\u00e3o destinados ao cultivo de soja\u201d, aponta o estudo.<\/p>\n<p>O bioma abriga quase metade da \u00e1rea cultivada com o gr\u00e3o no Brasil, somando 19 milh\u00f5es de hectares. O MapBiomas informa que a outra metade da vegeta\u00e7\u00e3o que permanece em p\u00e9 corresponde a 101 milh\u00f5es de hectares e representa 8% de toda a vegeta\u00e7\u00e3o nativa do Brasil, \u201cgarantindo o posto do Cerrado como savana mais biodiversa do mundo\u201d.<\/p>\n<p>Desse remanescente, 48% est\u00e3o nos estados da regi\u00e3o Matopiba (Maranh\u00e3o, Tocantins, Piau\u00ed e Bahia), que viu sua \u00e1rea de agricultura aumentar 24 vezes desde 1985. A regi\u00e3o tamb\u00e9m concentra 41% do desmatamento registrado no bioma nos \u00faltimos 39 anos.<\/p>\n<h2>Impactos ao clima<\/h2>\n<p>Para o pesquisador Dhemerson Conciani, do Ipam, \u00e9 necess\u00e1rio, diante deste cen\u00e1rio, efetivar \u201cpol\u00edticas p\u00fablicas e mecanismos financeiros que incentivem a conserva\u00e7\u00e3o do Cerrado\u201d, diz ele, na nota.<\/p>\n<p>\u201cSeguir com o desmatamento nesse ritmo trar\u00e1 consequ\u00eancias ainda mais graves para a regula\u00e7\u00e3o do clima e para os setores econ\u00f4micos, principalmente o agroneg\u00f3cio, que depende do clima e dos recursos h\u00eddricos no Cerrado.\u201d<\/p>\n<p>Por outro lado, <strong>14,7%<\/strong> est\u00e3o em \u00e1reas protegidas e p\u00fablicas de uso coletivo, como unidades de conserva\u00e7\u00e3o, terras ind\u00edgenas e territ\u00f3rios quilombolas, que mant\u00eam mais de 93% da sua vegeta\u00e7\u00e3o nativa preservada.<\/p>\n<p>Apesar da preserva\u00e7\u00e3o, o desmatamento em terras ind\u00edgenas no bioma, por exemplo, aumentou 188% em 2023, comportamento oposto ao observado no restante do pa\u00eds, que registrou uma redu\u00e7\u00e3o de 27% da \u00e1rea desmatada.<\/p>\n<p>Sobre os inc\u00eandios no bioma, de acordo com dados do Monitor do Fogo, entre janeiro e agosto de 2024, o bioma j\u00e1 teve 4 milh\u00f5es de hectares afetados por queimadas. Deste total, 79% (ou 3,2 milh\u00f5es de hectares) ocorreram em \u00e1reas de vegeta\u00e7\u00e3o nativa.<\/p>\n<p>Esse valor representa um aumento de <strong>85%<\/strong> em rela\u00e7\u00e3o a igual per\u00edodo do ano passado, quando 2,2 milh\u00f5es de hectares foram queimados. O m\u00eas de agosto de 2024 registrou a maior \u00e1rea queimada desde 2019, com mais de 2,4 milh\u00f5es de hectares afetados no Cerrado, superando os valores observados no mesmo per\u00edodo nos anos anteriores.<\/p>\n<\/div>\n<p><br \/>\n<br \/><a href=\"https:\/\/www.canalrural.com.br\/agricultura\/fogo-consumiu-88-milhoes-de-hectares-de-cerrado-entre-1985-e-2023\/\">Source link <\/a><\/p>\n","protected":false},"excerpt":{"rendered":"<p>O fogo queimou 88 milh\u00f5es de hectares de Cerrado brasileiro entre 1985 e 2023, uma m\u00e9dia de 9,5 milh\u00f5es de<\/p>\n","protected":false},"author":1,"featured_media":1118,"comment_status":"open","ping_status":"open","sticky":false,"template":"","format":"standard","meta":{"_monsterinsights_skip_tracking":false,"_monsterinsights_sitenote_active":false,"_monsterinsights_sitenote_note":"","_monsterinsights_sitenote_category":0,"_uf_show_specific_survey":0,"_uf_disable_surveys":false,"footnotes":""},"categories":[1],"tags":[],"class_list":["post-1429","post","type-post","status-publish","format-standard","has-post-thumbnail","hentry","category-news"],"_links":{"self":[{"href":"https:\/\/agromt.news\/index.php?rest_route=\/wp\/v2\/posts\/1429"}],"collection":[{"href":"https:\/\/agromt.news\/index.php?rest_route=\/wp\/v2\/posts"}],"about":[{"href":"https:\/\/agromt.news\/index.php?rest_route=\/wp\/v2\/types\/post"}],"author":[{"embeddable":true,"href":"https:\/\/agromt.news\/index.php?rest_route=\/wp\/v2\/users\/1"}],"replies":[{"embeddable":true,"href":"https:\/\/agromt.news\/index.php?rest_route=%2Fwp%2Fv2%2Fcomments&post=1429"}],"version-history":[{"count":0,"href":"https:\/\/agromt.news\/index.php?rest_route=\/wp\/v2\/posts\/1429\/revisions"}],"wp:featuredmedia":[{"embeddable":true,"href":"https:\/\/agromt.news\/index.php?rest_route=\/wp\/v2\/media\/1118"}],"wp:attachment":[{"href":"https:\/\/agromt.news\/index.php?rest_route=%2Fwp%2Fv2%2Fmedia&parent=1429"}],"wp:term":[{"taxonomy":"category","embeddable":true,"href":"https:\/\/agromt.news\/index.php?rest_route=%2Fwp%2Fv2%2Fcategories&post=1429"},{"taxonomy":"post_tag","embeddable":true,"href":"https:\/\/agromt.news\/index.php?rest_route=%2Fwp%2Fv2%2Ftags&post=1429"}],"curies":[{"name":"wp","href":"https:\/\/api.w.org\/{rel}","templated":true}]}}