{"id":1428,"date":"2024-09-11T19:55:57","date_gmt":"2024-09-11T23:55:57","guid":{"rendered":"https:\/\/agromt.news\/?p=1428"},"modified":"2024-09-11T19:55:57","modified_gmt":"2024-09-11T23:55:57","slug":"lula-diz-que-governo-vai-recuperar-empresas-para-brasil-ser-autossuficiente-em-fertilizantes","status":"publish","type":"post","link":"https:\/\/agromt.news\/?p=1428","title":{"rendered":"Lula diz que governo vai recuperar empresas para Brasil ser autossuficiente em fertilizantes"},"content":{"rendered":"<p> <br \/>\n<br \/><img decoding=\"async\" src=\"https:\/\/agromt.news\/wp-content\/uploads\/2024\/09\/Entregas-de-fertilizantes-caem-18-em-junho-diz-Anda.jpg\" \/><\/p>\n<div>\n<p>O presidente da Rep\u00fablica, Luiz In\u00e1cio Lula da Silva, disse que o governo tomou a decis\u00e3o de recuperar algumas empresas para que o pa\u00eds se torne \u201cautossuficiente na quest\u00e3o de fertilizantes\u201d.<\/p>\n<p>\u201cCom a guerra da R\u00fassia e da Ucr\u00e2nia, estamos convencidos de que o Brasil precisa ser autossuficiente em tudo que precisa para fazer a terra ser mais produtiva\u201d, declarou.<\/p>\n<\/div>\n<div>\n<p>Em entrevista \u00e0 R\u00e1dio Norte FM nesta quarta-feira (11), o presidente disse n\u00e3o conhecer a reserva de pot\u00e1ssio no Amazonas, mas que, se for f\u00e1cil de explorar e n\u00e3o tiver impactos ambientais negativos, ser\u00e1 feito.<\/p>\n<p>\u201cN\u00e3o conhe\u00e7o a reserva de pot\u00e1ssio no Amazonas, mas se tiver e for f\u00e1cil de explorar sem causar impacto \u00e0 sociedade, ser\u00e1 explorada. Se demandar impacto na Amaz\u00f4nia, a\u00ed vai ser mais dif\u00edcil, temos de analisar se n\u00e3o h\u00e1 possibilidade de encontrar em outros lugares sem impacto negativo na Amaz\u00f4nia\u201d, declarou Lula.<\/p>\n<\/div>\n<p><br \/>\n<br \/><a href=\"https:\/\/www.canalrural.com.br\/agricultura\/lula-diz-que-governo-vai-recuperar-empresas-para-brasil-ser-autossuficiente-em-fertilizantes\/\">Source link <\/a><\/p>\n","protected":false},"excerpt":{"rendered":"<p>O presidente da Rep\u00fablica, Luiz In\u00e1cio Lula da Silva, disse que o governo tomou a decis\u00e3o de recuperar algumas empresas<\/p>\n","protected":false},"author":1,"featured_media":1070,"comment_status":"open","ping_status":"open","sticky":false,"template":"","format":"standard","meta":{"_monsterinsights_skip_tracking":false,"_monsterinsights_sitenote_active":false,"_monsterinsights_sitenote_note":"","_monsterinsights_sitenote_category":0,"_uf_show_specific_survey":0,"_uf_disable_surveys":false,"footnotes":""},"categories":[1],"tags":[],"class_list":["post-1428","post","type-post","status-publish","format-standard","has-post-thumbnail","hentry","category-news"],"_links":{"self":[{"href":"https:\/\/agromt.news\/index.php?rest_route=\/wp\/v2\/posts\/1428"}],"collection":[{"href":"https:\/\/agromt.news\/index.php?rest_route=\/wp\/v2\/posts"}],"about":[{"href":"https:\/\/agromt.news\/index.php?rest_route=\/wp\/v2\/types\/post"}],"author":[{"embeddable":true,"href":"https:\/\/agromt.news\/index.php?rest_route=\/wp\/v2\/users\/1"}],"replies":[{"embeddable":true,"href":"https:\/\/agromt.news\/index.php?rest_route=%2Fwp%2Fv2%2Fcomments&post=1428"}],"version-history":[{"count":0,"href":"https:\/\/agromt.news\/index.php?rest_route=\/wp\/v2\/posts\/1428\/revisions"}],"wp:featuredmedia":[{"embeddable":true,"href":"https:\/\/agromt.news\/index.php?rest_route=\/wp\/v2\/media\/1070"}],"wp:attachment":[{"href":"https:\/\/agromt.news\/index.php?rest_route=%2Fwp%2Fv2%2Fmedia&parent=1428"}],"wp:term":[{"taxonomy":"category","embeddable":true,"href":"https:\/\/agromt.news\/index.php?rest_route=%2Fwp%2Fv2%2Fcategories&post=1428"},{"taxonomy":"post_tag","embeddable":true,"href":"https:\/\/agromt.news\/index.php?rest_route=%2Fwp%2Fv2%2Ftags&post=1428"}],"curies":[{"name":"wp","href":"https:\/\/api.w.org\/{rel}","templated":true}]}}