{"id":1425,"date":"2024-09-11T18:11:31","date_gmt":"2024-09-11T22:11:31","guid":{"rendered":"https:\/\/agromt.news\/?p=1425"},"modified":"2024-09-11T18:11:31","modified_gmt":"2024-09-11T22:11:31","slug":"a-importancia-da-soja-para-o-maranhao-palco-da-abertura-nacional-do-plantio-da-soja","status":"publish","type":"post","link":"https:\/\/agromt.news\/?p=1425","title":{"rendered":"A import\u00e2ncia da soja para o Maranh\u00e3o, palco da Abertura Nacional do Plantio da Soja \u00a0"},"content":{"rendered":"<p> <br \/>\n<\/p>\n<div>\n<p class=\"has-text-align-left\">O Maranh\u00e3o <a href=\"https:\/\/imesc.ma.gov.br\/portal\/Post\/noticias\/582#:~:text=Os%20agricultores%20maranhenses%2C%20em%20especial,em%20838%2C3%20mil%20toneladas.\">\u00e9 o segundo maior produtor da soja do Nordeste<\/a>, conforme dados do Instituto Maranhense de Estudos Socioecon\u00f4micos e Cartogr\u00e1ficos. No estado, <a href=\"https:\/\/www.canalrural.com.br\/agricultura\/projeto-soja-brasil\/\">o gr\u00e3o <\/a>\u00e9 considerado a principal commodity cultivada. N\u00e3o \u00e9 por acaso que a regi\u00e3o de A\u00e7ail\u00e2ndia (MA) <a href=\"https:\/\/www.canalrural.com.br\/agricultura\/projeto-soja-brasil\/abertura-oficial-da-semeadura-da-soja-sera-realizada-pela-primeira-vez-no-maranhao-inscreva-se-gratuitamente\/\">receber\u00e1 a Abertura Nacional do Plantio da Soja 24\/25<\/a>, marcada pelo enfileiramento das plantadeiras no campo, iniciando a semeadura.<\/p>\n<p class=\"has-text-align-left\">De acordo com o presidente da Aprosoja-MA, Jos\u00e9 Carlos Oliveira de Paula, a soja tem um impacto econ\u00f4mico e social importante para o estado, sendo respons\u00e1vel pela gera\u00e7\u00e3o de empregos ao longo da cadeia produtiva de soja e gr\u00e3os, al\u00e9m de agregar valor em diversas regi\u00f5es.<\/p>\n<p class=\"has-text-align-center\"><em>Confira na palma da m\u00e3o informa\u00e7\u00f5es quentes sobre agricultura, pecu\u00e1ria, economia e previs\u00e3o do tempo:<\/em><a href=\"https:\/\/whatsapp.com\/channel\/0029Va9VnZxGk1FplZjiW43k\"><strong><em>\u00a0siga o Canal Rura<\/em><\/strong><\/a><a href=\"https:\/\/www.whatsapp.com\/channel\/0029Va9VnZxGk1FplZjiW43k\"><strong><em>l no WhatsApp!<\/em><\/strong><\/a><\/p>\n<\/div>\n<div>\n<h2 class=\"wp-block-heading\" id=\"h-principais-municipios\">Principais munic\u00edpios<\/h2>\n<figure class=\"wp-block-image size-large is-resized\"><img fetchpriority=\"high\" decoding=\"async\" width=\"1024\" height=\"682\" alt=\"plantio da soja segue lento no oeste da Bahia, aponta Aiba\" class=\"wp-image-4017400\" style=\"width:824px;height:auto\"  data-lazy- src=\"https:\/\/agromt.news\/wp-content\/uploads\/2024\/09\/A-importancia-da-soja-para-o-Maranhao-palco-da-Abertura.jpeg\"\/><img decoding=\"async\" width=\"1024\" height=\"682\" src=\"https:\/\/agromt.news\/wp-content\/uploads\/2024\/09\/A-importancia-da-soja-para-o-Maranhao-palco-da-Abertura.jpeg\" alt=\"plantio da soja segue lento no oeste da Bahia, aponta Aiba\" class=\"wp-image-4017400\" style=\"width:824px;height:auto\"  \/><figcaption class=\"wp-element-caption\">Foto: Jefferson Aleffe\/Marca Comunica\u00e7\u00e3o<\/figcaption><\/figure>\n<p>Os principais munic\u00edpios produtores da soja no Maranh\u00e3o s\u00e3o Balsas, Tasso Fragoso, Carolina, Riach\u00e3o, Samba\u00edba, Alto Parna\u00edba, Fortaleza dos Nogueiras, Loreto, A\u00e7ail\u00e2ndia, Brejo, Chapadinha, Caxias e Graja\u00fa.<\/p>\n<p>\u201cMuitos munic\u00edpios ao redor dessas regi\u00f5es tamb\u00e9m t\u00eam se destacado, mas Balsas j\u00e1 se consolidou como o principal centro do agroneg\u00f3cio no estado. Grandes empresas fornecedoras e compradoras de insumos e maquin\u00e1rios est\u00e3o instaladas na regi\u00e3o, facilitando a comercializa\u00e7\u00e3o dos gr\u00e3os\u201d, comenta de o presidente.<\/p>\n<p>Al\u00e9m disso, institui\u00e7\u00f5es de pesquisa, como a Embrapa, oferecem suporte tecnol\u00f3gico e orienta\u00e7\u00e3o aos produtores, ajudando a expandir a produ\u00e7\u00e3o para outras \u00e1reas, com novas empresas interessadas em investir.<\/p>\n<h2 class=\"wp-block-heading\" id=\"h-e-a-falta-de-chuva\">E a falta de chuva?<\/h2>\n<figure class=\"wp-block-image size-large is-resized\"><img decoding=\"async\" width=\"640\" height=\"480\" alt=\"folhas soja \u00e1gua chuva - frente fria\" class=\"wp-image-2787074\" style=\"width:770px;height:auto\" src=\"https:\/\/agromt.news\/wp-content\/uploads\/2024\/09\/A-importancia-da-soja-para-o-Maranhao-palco-da-Abertura.jpg\"\/><img loading=\"lazy\" decoding=\"async\" width=\"640\" height=\"480\" src=\"https:\/\/agromt.news\/wp-content\/uploads\/2024\/09\/A-importancia-da-soja-para-o-Maranhao-palco-da-Abertura.jpg\" alt=\"folhas soja \u00e1gua chuva - frente fria\" class=\"wp-image-2787074\" style=\"width:770px;height:auto\"\/><figcaption class=\"wp-element-caption\">Foto: Pedro Silvestre<\/figcaption><\/figure>\n<p>Diante da irregularidade nas chuvas, os produtores que iniciam o plantio de soja em outubro enfrentam desafios que podem afetar diretamente a produtividade. A depend\u00eancia clim\u00e1tica torna o in\u00edcio da safra arriscado, especialmente nas microrregi\u00f5es do Maranh\u00e3o, onde o plantio se estende de outubro a janeiro. <\/p>\n<p>Jos\u00e9 Carlos comenta que a variabilidade nas precipita\u00e7\u00f5es pode comprometer o desenvolvimento das plantas, impactando o rendimento. A diversifica\u00e7\u00e3o do ciclo agr\u00edcola tamb\u00e9m exige um planejamento rigoroso para garantir o sucesso da segunda safra. <\/p>\n<p>O vazio sanit\u00e1rio nas <a href=\"https:\/\/www.canalrural.com.br\/agricultura\/projeto-soja-brasil\/soja-fim-do-vazio-sanitario-no-amazonas\/\">primeiras regi\u00f5es do Maranh\u00e3o<\/a>, per\u00edodo em que h\u00e1 a suspens\u00e3o da planta\u00e7\u00e3o da soja, termina em 30 de setembro. <\/p>\n<h2 class=\"wp-block-heading\" id=\"h-comercializacao\">Comercializa\u00e7\u00e3o<\/h2>\n<p>A comercializa\u00e7\u00e3o da soja tamb\u00e9m \u00e9 um grande desafio, j\u00e1 que os produtores frequentemente enfrentam dificuldades para negociar pre\u00e7os justos. A escolha do momento certo para vender \u00e9 crucial para evitar perdas financeiras, o que pode afetar a capacidade de cobrir os custos de produ\u00e7\u00e3o. <\/p>\n<hr class=\"wp-block-separator has-alpha-channel-opacity\"\/>\n<\/div>\n<p><br \/>\n<br \/><a href=\"https:\/\/www.canalrural.com.br\/agricultura\/projeto-soja-brasil\/a-importancia-da-soja-para-o-maranhao-palco-da-largada-oficial-da-semeadura\/\">Source link <\/a><\/p>\n","protected":false},"excerpt":{"rendered":"<p>O Maranh\u00e3o \u00e9 o segundo maior produtor da soja do Nordeste, conforme dados do Instituto Maranhense de Estudos Socioecon\u00f4micos e<\/p>\n","protected":false},"author":1,"featured_media":1066,"comment_status":"open","ping_status":"open","sticky":false,"template":"","format":"standard","meta":{"_monsterinsights_skip_tracking":false,"_monsterinsights_sitenote_active":false,"_monsterinsights_sitenote_note":"","_monsterinsights_sitenote_category":0,"_uf_show_specific_survey":0,"_uf_disable_surveys":false,"footnotes":""},"categories":[1],"tags":[],"class_list":["post-1425","post","type-post","status-publish","format-standard","has-post-thumbnail","hentry","category-news"],"_links":{"self":[{"href":"https:\/\/agromt.news\/index.php?rest_route=\/wp\/v2\/posts\/1425"}],"collection":[{"href":"https:\/\/agromt.news\/index.php?rest_route=\/wp\/v2\/posts"}],"about":[{"href":"https:\/\/agromt.news\/index.php?rest_route=\/wp\/v2\/types\/post"}],"author":[{"embeddable":true,"href":"https:\/\/agromt.news\/index.php?rest_route=\/wp\/v2\/users\/1"}],"replies":[{"embeddable":true,"href":"https:\/\/agromt.news\/index.php?rest_route=%2Fwp%2Fv2%2Fcomments&post=1425"}],"version-history":[{"count":0,"href":"https:\/\/agromt.news\/index.php?rest_route=\/wp\/v2\/posts\/1425\/revisions"}],"wp:featuredmedia":[{"embeddable":true,"href":"https:\/\/agromt.news\/index.php?rest_route=\/wp\/v2\/media\/1066"}],"wp:attachment":[{"href":"https:\/\/agromt.news\/index.php?rest_route=%2Fwp%2Fv2%2Fmedia&parent=1425"}],"wp:term":[{"taxonomy":"category","embeddable":true,"href":"https:\/\/agromt.news\/index.php?rest_route=%2Fwp%2Fv2%2Fcategories&post=1425"},{"taxonomy":"post_tag","embeddable":true,"href":"https:\/\/agromt.news\/index.php?rest_route=%2Fwp%2Fv2%2Ftags&post=1425"}],"curies":[{"name":"wp","href":"https:\/\/api.w.org\/{rel}","templated":true}]}}