{"id":1423,"date":"2024-09-11T17:55:25","date_gmt":"2024-09-11T21:55:25","guid":{"rendered":"https:\/\/agromt.news\/?p=1423"},"modified":"2024-09-11T17:55:25","modified_gmt":"2024-09-11T21:55:25","slug":"marina-quer-autoridade-climatica-robusta-que-sobreviva-a-governos","status":"publish","type":"post","link":"https:\/\/agromt.news\/?p=1423","title":{"rendered":"Marina quer Autoridade Clim\u00e1tica robusta que sobreviva a governos"},"content":{"rendered":"<p> <br \/>\n<\/p>\n<div>\n<p>A ministra do Meio Ambiente e Mudan\u00e7as Clim\u00e1ticas, Marina Silva, disse, nesta quarta-feira (11) que o governo federal ainda est\u00e1 desenhando a estrutura da Autoridade Clim\u00e1tica. <\/p>\n<p>Em entrevista \u00e0 imprensa no Rio de Janeiro, ela afirmou que a ideia \u00e9 deixar uma institui\u00e7\u00e3o que seja capaz de \u201catravessar, o que \u00e9 correto numa democracia, as altern\u00e2ncias de poder\u201d.<\/p>\n<\/div>\n<div>\n<p>A inten\u00e7\u00e3o de criar a Autoridade Clim\u00e1tica foi reafirmada nesta ter\u00e7a-feira (10) pelo presidente da Rep\u00fablica, Luiz In\u00e1cio Lula da Silva, em visita a Manaus.<\/p>\n<p>\u201cO que queremos \u00e9 uma institui\u00e7\u00e3o que seja suficientemente robusta, n\u00e3o em tamanho, mas em qualidade\u201d, disse a ministra.<\/p>\n<h2 class=\"wp-block-heading\" id=\"h-o-que-ha-de-melhor-na-ciencia-brasileira\">\u2018O que h\u00e1 de melhor na ci\u00eancia brasileira\u2019<\/h2>\n<p>As a\u00e7\u00f5es da futura autoridade contar\u00e3o com o suporte e o lastro de um comit\u00ea t\u00e9cnico-cient\u00edfico, que, de acordo com a ministra, reunir\u00e1 \u201co que h\u00e1 de melhor na ci\u00eancia brasileira\u201d. <\/p>\n<p>\u201cA Autoridade Clim\u00e1tica \u00e9 um desenho que vai trabalhar no sentido da articula\u00e7\u00e3o, da formula\u00e7\u00e3o dos regramentos voltados para fazer esse enfrentamento [\u00e0s quest\u00f5es clim\u00e1ticas]\u201d.<\/p>\n<p>Segundo Marina Silva, os eventos clim\u00e1ticos extremos est\u00e3o ocorrendo com mais frequ\u00eancia e que \u00e9 preciso se preparar para situa\u00e7\u00f5es ainda mais extremas. <\/p>\n<p>\u201cO mundo ainda n\u00e3o sabe lidar com esse novo normal. E os cientistas est\u00e3o dizendo que o que era extremo pode se transformar no normal e o que vai ser extremo [no futuro], a gente nem sabe ainda o que \u00e9\u201d, alertou a ministra.<\/p>\n<h2 class=\"wp-block-heading\" id=\"h-seca-e-incendios-no-pais\">Seca e inc\u00eandios no pa\u00eds<\/h2>\n<figure class=\"wp-block-image size-full\"><img fetchpriority=\"high\" decoding=\"async\" width=\"1007\" height=\"601\" alt=\"Inc\u00eandios Pantanal\" class=\"wp-image-4065197\"  data-lazy- src=\"https:\/\/agromt.news\/wp-content\/uploads\/2024\/08\/Captura-de-tela-2024-08-29-112808.jpg\"\/><img decoding=\"async\" width=\"1007\" height=\"601\" src=\"https:\/\/agromt.news\/wp-content\/uploads\/2024\/08\/Captura-de-tela-2024-08-29-112808.jpg\" alt=\"Inc\u00eandios Pantanal\" class=\"wp-image-4065197\"  \/><figcaption class=\"wp-element-caption\">Christiano Antonucci\/Secom-MT<\/figcaption><\/figure>\n<p>Ela tamb\u00e9m falou que o governo est\u00e1 trabalhando para lidar com a situa\u00e7\u00e3o de seca que atinge 25 unidades da Federa\u00e7\u00e3o, das quais nove est\u00e3o com estiagem em 100% de seu territ\u00f3rio, a baixa umidade relativa do ar e os <strong><a href=\"https:\/\/www.canalrural.com.br\/agricultura\/prejuizo-milionario-incendios-devastam-fazendas-e-maquinario-em-mato-grosso\/\">inc\u00eandios<\/a><\/strong> que est\u00e3o ocorrendo em v\u00e1rios pontos do territ\u00f3rio nacional.<\/p>\n<p>\u201cTem uma qu\u00edmica perversa que se complementa nesse momento, que \u00e9 a alta temperatura, baixa umidade, ventos fortes e pessoas ateando fogo em v\u00e1rias regi\u00f5es\u201d, disse a ministra, que defendeu penas mais severas para aqueles que provocam inc\u00eandio criminoso. <\/p>\n<p>\u201cJ\u00e1 s\u00e3o 32 inqu\u00e9ritos investigando a origem criminosa para que o processo de dissuas\u00e3o [aos criminosos] possa ficar claro, de que quem fez a queima criminosa haver\u00e1 de pagar\u201d.<\/p>\n<h2 class=\"wp-block-heading\" id=\"h-emergencia-climatica\">Emerg\u00eancia clim\u00e1tica<\/h2>\n<p>Ela tamb\u00e9m defendeu o fim da regulariza\u00e7\u00e3o fundi\u00e1ria para pessoas que ocuparam ilegalmente e degradaram \u00e1reas de vegeta\u00e7\u00e3o nativa.<\/p>\n<p>Segundo ela, o governo tem se preparado para essa situa\u00e7\u00e3o de emerg\u00eancia clim\u00e1tica desde a transi\u00e7\u00e3o, no fim de 2022, mas o problema deveria ter come\u00e7ado a ser resolvido em 1992, quando houve um alerta dos cientistas sobre as mudan\u00e7as clim\u00e1ticas.<\/p>\n<p>\u201cO fator basilar \u00e9 n\u00e3o terem sido tomadas medidas [contra as situa\u00e7\u00f5es] que levaram \u00e0 mudan\u00e7a do clima. E ela [a mudan\u00e7a clim\u00e1tica] j\u00e1 aconteceu, n\u00f3s j\u00e1 estamos vivendo sob os efeitos dessa mudan\u00e7a. N\u00f3s alcan\u00e7amos 1,5 grau Celsius (\u00b0C) [de eleva\u00e7\u00e3o] de temperatura da Terra [em rela\u00e7\u00e3o ao per\u00edodo pr\u00e9-industrial] no ano passado, e agora os cientistas est\u00e3o verificando se isso vai se estabilizar ou se ainda tem como retroagir\u201d, disse Marina.<\/p>\n<p>\u201cE a\u00ed se voc\u00ea me diz, o que o governo tem que fazer para n\u00e3o secar os rios no ano que vem? Era o que todos os governos e todos os empres\u00e1rios deveriam ter feito desde 1992\u201d, acrescentou.<\/p>\n<h2 class=\"wp-block-heading\" id=\"h-petroleo-na-foz-do-amazonas\">Petr\u00f3leo na foz do Amazonas<\/h2>\n<p>Em rela\u00e7\u00e3o \u00e0 explora\u00e7\u00e3o e produ\u00e7\u00e3o de petr\u00f3leo na Foz do Rio Amazonas, a ministra disse que essa \u00e9 uma decis\u00e3o que cabe ao Conselho Nacional de Pol\u00edtica Energ\u00e9tica (CNPE) e que os aspectos ambientais ser\u00e3o analisados pelo Ibama.<\/p>\n<p>\u201cA discuss\u00e3o sobre os aspectos de conveni\u00eancia e oportunidade de explora\u00e7\u00e3o de petr\u00f3leo \u00e9 uma discuss\u00e3o do CNPE e que o Ibama se atenha \u00e0 viabilidade ambiental dos empreendimentos. Nesse contexto, nem dificultamos nem facilitamos\u201d, afirmou Marina.<\/p>\n<\/div>\n<p><br \/>\n<br \/><a href=\"https:\/\/www.canalrural.com.br\/sustentabilidade\/marina-quer-autoridade-climatica-robusta-que-sobreviva-a-governos\/\">Source link <\/a><\/p>\n","protected":false},"excerpt":{"rendered":"<p>A ministra do Meio Ambiente e Mudan\u00e7as Clim\u00e1ticas, Marina Silva, disse, nesta quarta-feira (11) que o governo federal ainda est\u00e1<\/p>\n","protected":false},"author":1,"featured_media":1424,"comment_status":"open","ping_status":"open","sticky":false,"template":"","format":"standard","meta":{"_monsterinsights_skip_tracking":false,"_monsterinsights_sitenote_active":false,"_monsterinsights_sitenote_note":"","_monsterinsights_sitenote_category":0,"_uf_show_specific_survey":0,"_uf_disable_surveys":false,"footnotes":""},"categories":[1],"tags":[],"class_list":["post-1423","post","type-post","status-publish","format-standard","has-post-thumbnail","hentry","category-news"],"_links":{"self":[{"href":"https:\/\/agromt.news\/index.php?rest_route=\/wp\/v2\/posts\/1423"}],"collection":[{"href":"https:\/\/agromt.news\/index.php?rest_route=\/wp\/v2\/posts"}],"about":[{"href":"https:\/\/agromt.news\/index.php?rest_route=\/wp\/v2\/types\/post"}],"author":[{"embeddable":true,"href":"https:\/\/agromt.news\/index.php?rest_route=\/wp\/v2\/users\/1"}],"replies":[{"embeddable":true,"href":"https:\/\/agromt.news\/index.php?rest_route=%2Fwp%2Fv2%2Fcomments&post=1423"}],"version-history":[{"count":0,"href":"https:\/\/agromt.news\/index.php?rest_route=\/wp\/v2\/posts\/1423\/revisions"}],"wp:featuredmedia":[{"embeddable":true,"href":"https:\/\/agromt.news\/index.php?rest_route=\/wp\/v2\/media\/1424"}],"wp:attachment":[{"href":"https:\/\/agromt.news\/index.php?rest_route=%2Fwp%2Fv2%2Fmedia&parent=1423"}],"wp:term":[{"taxonomy":"category","embeddable":true,"href":"https:\/\/agromt.news\/index.php?rest_route=%2Fwp%2Fv2%2Fcategories&post=1423"},{"taxonomy":"post_tag","embeddable":true,"href":"https:\/\/agromt.news\/index.php?rest_route=%2Fwp%2Fv2%2Ftags&post=1423"}],"curies":[{"name":"wp","href":"https:\/\/api.w.org\/{rel}","templated":true}]}}