{"id":1421,"date":"2024-09-11T17:37:09","date_gmt":"2024-09-11T21:37:09","guid":{"rendered":"https:\/\/agromt.news\/?p=1421"},"modified":"2024-09-11T17:37:09","modified_gmt":"2024-09-11T21:37:09","slug":"g20-agro-discute-sustentabilidade-e-seguranca-alimentar-em-chapada-dos-guimaraes","status":"publish","type":"post","link":"https:\/\/agromt.news\/?p=1421","title":{"rendered":"G20 Agro discute sustentabilidade e seguran\u00e7a alimentar em Chapada dos Guimar\u00e3es"},"content":{"rendered":"<p> <br \/>\n<br \/><img decoding=\"async\" src=\"https:\/\/agromt.news\/wp-content\/uploads\/2024\/09\/G20-Agro-discute-sustentabilidade-e-seguranca-alimentar-em-Chapada-dos.jpeg\" \/><\/p>\n<div>\n<p>O Grupo de Trabalho da Agricultura do G20, realizado em Chapada dos Guimar\u00e3es, Mato Grosso, est\u00e1 reunindo o maior n\u00famero de delega\u00e7\u00f5es da hist\u00f3ria do evento. Com a participa\u00e7\u00e3o de 50 pa\u00edses, o encontro internacional debate temas cruciais como a seguran\u00e7a alimentar, a import\u00e2ncia da agricultura familiar e a sustentabilidade na produ\u00e7\u00e3o agr\u00edcola.<\/p>\n<figure class=\"wp-block-embed is-type-video is-provider-youtube wp-block-embed-youtube wp-embed-aspect-16-9 wp-has-aspect-ratio\">\n<p>\n<iframe title=\"G20 Agro: ministro Carlos F\u00e1varo vai se reunir com Uni\u00e3o Europeia e China\" width=\"800\" height=\"450\" src=\"https:\/\/www.youtube.com\/embed\/YRMDU1AY5dM?feature=oembed\" frameborder=\"0\" allow=\"accelerometer; autoplay; clipboard-write; encrypted-media; gyroscope; picture-in-picture; web-share\" referrerpolicy=\"strict-origin-when-cross-origin\" allowfullscreen><\/iframe><noscript><iframe title=\"G20 Agro: ministro Carlos F\u00e1varo vai se reunir com Uni\u00e3o Europeia e China\" width=\"800\" height=\"450\" src=\"https:\/\/www.youtube.com\/embed\/YRMDU1AY5dM?feature=oembed\" frameborder=\"0\" allow=\"accelerometer; autoplay; clipboard-write; encrypted-media; gyroscope; picture-in-picture; web-share\" referrerpolicy=\"strict-origin-when-cross-origin\" allowfullscreen><\/iframe><\/noscript>\n<\/p>\n<\/figure>\n<p><em>Confira na palma da m\u00e3o informa\u00e7\u00f5es quentes sobre agricultura, pecu\u00e1ria, economia e previs\u00e3o do tempo:<\/em><a href=\"https:\/\/www.whatsapp.com\/channel\/0029Va9VnZxGk1FplZjiW43k\"><em> <\/em><strong>siga o Canal Rural no WhatsApp<\/strong><\/a>!<\/p>\n<p>O ministro da Agricultura, <a href=\"https:\/\/www.canalrural.com.br\/tag\/carlos-favaro\/\">Carlos F\u00e1varo<\/a>, anfitri\u00e3o do evento, destacou a import\u00e2ncia do combate \u00e0 inseguran\u00e7a alimentar, afirmando que \u201ca fome \u00e9 a maior de todas as degrada\u00e7\u00f5es do ser humano\u201d. O evento re\u00fane, al\u00e9m das 20 maiores economias do mundo, a Uni\u00e3o Africana, na\u00e7\u00f5es convidadas pelo Brasil e organismos internacionais.<\/p>\n<\/div>\n<div>\n<h3 class=\"wp-block-heading\" id=\"h-declaracao-ministerial-e-acordos-comerciais\">Declara\u00e7\u00e3o ministerial e acordos comerciais<\/h3>\n<p>Pela primeira vez, o G20 Agro far\u00e1 uma declara\u00e7\u00e3o ministerial ao inv\u00e9s de uma simples carta ao final do evento. Roberto Perosa, coordenador do grupo de trabalho, explicou que essa declara\u00e7\u00e3o ter\u00e1 a for\u00e7a de um acordo internacional, cuja implementa\u00e7\u00e3o depender\u00e1 de cada pa\u00eds. Al\u00e9m das discuss\u00f5es sobre sustentabilidade, o evento prev\u00ea a realiza\u00e7\u00e3o de reuni\u00f5es bilaterais que podem resultar em novos acordos comerciais.<\/p>\n<h3 class=\"wp-block-heading\" id=\"h-sustentabilidade-no-foco\">Sustentabilidade no foco<\/h3>\n<p>O Brasil, como um dos maiores produtores e exportadores de alimentos do mundo, enfrenta press\u00e3o internacional para cumprir suas responsabilidades ambientais. F\u00e1varo ressaltou a import\u00e2ncia de diferenciar os produtores que seguem pr\u00e1ticas sustent\u00e1veis da pequena minoria que ainda comete crimes ambientais. \u201cMais de 97% dos produtores t\u00eam boas pr\u00e1ticas de sustentabilidade\u201d, afirmou o ministro, destacando que pol\u00edticas p\u00fablicas est\u00e3o sendo implementadas para premiar os produtores respons\u00e1veis e punir aqueles que desrespeitam o meio ambiente.<\/p>\n<p>O encontro segue at\u00e9 o final da semana e promete consolidar novas parcerias e diretrizes para o futuro da agricultura global.<\/p>\n<\/div>\n<p><br \/>\n<br \/><a href=\"https:\/\/www.canalrural.com.br\/agricultura\/g20-agro-discute-sustentabilidade-e-seguranca-alimentar-em-chapada-dos-guimaraes\/\">Source link <\/a><\/p>\n","protected":false},"excerpt":{"rendered":"<p>O Grupo de Trabalho da Agricultura do G20, realizado em Chapada dos Guimar\u00e3es, Mato Grosso, est\u00e1 reunindo o maior n\u00famero<\/p>\n","protected":false},"author":1,"featured_media":1422,"comment_status":"open","ping_status":"open","sticky":false,"template":"","format":"standard","meta":{"_monsterinsights_skip_tracking":false,"_monsterinsights_sitenote_active":false,"_monsterinsights_sitenote_note":"","_monsterinsights_sitenote_category":0,"_uf_show_specific_survey":0,"_uf_disable_surveys":false,"footnotes":""},"categories":[1],"tags":[],"class_list":["post-1421","post","type-post","status-publish","format-standard","has-post-thumbnail","hentry","category-news"],"_links":{"self":[{"href":"https:\/\/agromt.news\/index.php?rest_route=\/wp\/v2\/posts\/1421"}],"collection":[{"href":"https:\/\/agromt.news\/index.php?rest_route=\/wp\/v2\/posts"}],"about":[{"href":"https:\/\/agromt.news\/index.php?rest_route=\/wp\/v2\/types\/post"}],"author":[{"embeddable":true,"href":"https:\/\/agromt.news\/index.php?rest_route=\/wp\/v2\/users\/1"}],"replies":[{"embeddable":true,"href":"https:\/\/agromt.news\/index.php?rest_route=%2Fwp%2Fv2%2Fcomments&post=1421"}],"version-history":[{"count":0,"href":"https:\/\/agromt.news\/index.php?rest_route=\/wp\/v2\/posts\/1421\/revisions"}],"wp:featuredmedia":[{"embeddable":true,"href":"https:\/\/agromt.news\/index.php?rest_route=\/wp\/v2\/media\/1422"}],"wp:attachment":[{"href":"https:\/\/agromt.news\/index.php?rest_route=%2Fwp%2Fv2%2Fmedia&parent=1421"}],"wp:term":[{"taxonomy":"category","embeddable":true,"href":"https:\/\/agromt.news\/index.php?rest_route=%2Fwp%2Fv2%2Fcategories&post=1421"},{"taxonomy":"post_tag","embeddable":true,"href":"https:\/\/agromt.news\/index.php?rest_route=%2Fwp%2Fv2%2Ftags&post=1421"}],"curies":[{"name":"wp","href":"https:\/\/api.w.org\/{rel}","templated":true}]}}