{"id":1419,"date":"2024-09-11T17:24:52","date_gmt":"2024-09-11T21:24:52","guid":{"rendered":"https:\/\/agromt.news\/?p=1419"},"modified":"2024-09-11T17:24:52","modified_gmt":"2024-09-11T21:24:52","slug":"brasil-apresenta-recuperacao-de-pastagens-no-g20-agro-como-alternativa-para-aumentar-a-producao-de-alimento","status":"publish","type":"post","link":"https:\/\/agromt.news\/?p=1419","title":{"rendered":"Brasil apresenta recupera\u00e7\u00e3o de pastagens no G20 Agro como alternativa para aumentar a produ\u00e7\u00e3o de alimento"},"content":{"rendered":"<p> <br \/>\n<\/p>\n<div>\n<p>Seguran\u00e7a alimentar e sustentabilidade s\u00e3o os motes do programa que visa transformar 40 milh\u00f5es de hectares de pastagens degradadas em sistemas produtivos eficientes e de baixo carbono.<\/p>\n<p>O projeto pode entrar nos debates do Grupo de Trabalho do G20 Agro, que ocorre em Chapada dos Guimar\u00e3es, em Mato Grosso, at\u00e9 sexta-feira (13).<\/p>\n<p>O programa \u00e9 uma das estrat\u00e9gias do Brasil para intensificar a produ\u00e7\u00e3o agropecu\u00e1ria de forma sustent\u00e1vel, sem avan\u00e7ar sobre \u00e1reas preservadas.<\/p>\n<p>O tema, segundo o assessor especial do Minist\u00e9rio da Agricultura e Pecu\u00e1ria (Mapa), Carlos Ernesto Augustin, deve ser apresentado pelo ministro Carlos F\u00e1varo aos integrantes do G20 e demais organismos internacionais convidados.<\/p>\n<aside class=\"read-too read-too--with-img\">\n<h2 class=\"read-too__title'&gt;Leia Mais&lt;\/h2&gt; &lt;ul class=\" read-too__list=\"\"> <\/h2>\n<li class=\"read-too__list-item\"> <a class=\"read-too__link\" href=\"https:\/\/www.cnnbrasil.com.br\/economia\/macroeconomia\/ministro-da-agricultura-fala-sobre-papel-do-brasil-na-producao-de-biocombustiveis\/\" target=\"_self\" rel=\"noopener\"> <picture class=\"read-too__picture\"> <img decoding=\"async\" class=\"read-too__img\" src=\"https:\/\/www.cnnbrasil.com.br\/wp-content\/uploads\/sites\/12\/Reuters_Direct_Media\/BrazilOnlineReportBusinessNews\/tagreuters.com2022binary_LYNXMPEI80290-FILEDIMAGE.jpg?w=200\" alt=\"Ministro da Agricultura fala sobre papel do Brasil na produ\u00e7\u00e3o de biocombust\u00edveis\" title=\"Ministro da Agricultura fala sobre papel do Brasil na produ\u00e7\u00e3o de biocombust\u00edveis'\" loading=\"lazy\"\/> <\/picture>\n<h3 class=\"read-too__post-title\">Ministro da Agricultura fala sobre papel do Brasil na produ\u00e7\u00e3o de biocombust\u00edveis<\/h3>\n<p> <\/a><\/li>\n<li class=\"read-too__list-item\"> <a class=\"read-too__link\" href=\"https:\/\/www.cnnbrasil.com.br\/politica\/favaro-a-cnn-agronegocio-e-preservacao-do-meio-ambiente-sao-complementares\/\" target=\"_self\" rel=\"noopener\"> <picture class=\"read-too__picture\"> <img decoding=\"async\" class=\"read-too__img\" src=\"https:\/\/www.cnnbrasil.com.br\/wp-content\/uploads\/sites\/12\/2023\/08\/img20230817101736913.jpg?w=200\" alt=\"F\u00e1varo \u00e0 CNN: Agroneg\u00f3cio e preserva\u00e7\u00e3o do meio-ambiente s\u00e3o complementares\" title=\"F\u00e1varo \u00e0 CNN: Agroneg\u00f3cio e preserva\u00e7\u00e3o do meio-ambiente s\u00e3o complementares'\" loading=\"lazy\"\/> <\/picture>\n<h3 class=\"read-too__post-title\">F\u00e1varo \u00e0 CNN: Agroneg\u00f3cio e preserva\u00e7\u00e3o do meio-ambiente s\u00e3o complementares<\/h3>\n<p> <\/a><\/li>\n<li class=\"read-too__list-item\"> <a class=\"read-too__link\" href=\"https:\/\/www.cnnbrasil.com.br\/economia\/macroeconomia\/se-nao-estivermos-nas-discussoes-novas-regras-e-imposicoes-virao-diz-blairo-maggi-sobre-o-g20-agro\/\" target=\"_self\" rel=\"noopener\"> <picture class=\"read-too__picture\"> <img decoding=\"async\" class=\"read-too__img\" src=\"https:\/\/www.cnnbrasil.com.br\/wp-content\/uploads\/sites\/12\/2024\/09\/blairo-maggi.jpg?w=200\" alt=\"\u201cSe n\u00e3o estivermos nas discuss\u00f5es, novas regras e imposi\u00e7\u00f5es vir\u00e3o\u201d, diz Blairo Maggi sobre o G20 Agro\" title=\"\u201cSe n\u00e3o estivermos nas discuss\u00f5es, novas regras e imposi\u00e7\u00f5es vir\u00e3o\u201d, diz Blairo Maggi sobre o G20 Agro'\" loading=\"lazy\"\/> <\/picture>\n<h3 class=\"read-too__post-title\">\u201cSe n\u00e3o estivermos nas discuss\u00f5es, novas regras e imposi\u00e7\u00f5es vir\u00e3o\u201d, diz Blairo Maggi sobre o G20 Agro<\/h3>\n<p> <\/a><\/li>\n<\/aside>\n<p>\u201cProvavelmente o ministro Carlos F\u00e1varo vai lan\u00e7ar esse programa como uma solu\u00e7\u00e3o para a seguran\u00e7a alimentar com sustentabilidade, pedindo ou sugerindo apoio financeiro de outros pa\u00edses, como China, Jap\u00e3o e Oriente M\u00e9dio, j\u00e1 que o foco deles \u00e9 a seguran\u00e7a alimentar. Quando mostramos a possibilidade de produzir sem derrubar \u00e1rvore nenhuma e com sequestro de carbono, \u00e9 tudo o que o mundo quer\u201d, disse Augustin, em entrevista ao Canal Rural e \u00e0 <strong>CNN<\/strong>.<\/p>\n<h2>Recursos do programa<\/h2>\n<p>De acordo com o assessor especial do Mapa, o programa de recupera\u00e7\u00e3o de pastagens conta hoje com recursos entre US$ 1 bilh\u00e3o e US$ 1,5 bilh\u00e3o, sendo parte aporte brasileiro, incluindo da iniciativa privada, e da Ag\u00eancia de Coopera\u00e7\u00e3o Internacional do Jap\u00e3o (Jica).<\/p>\n<p>\u201cMas o importante para n\u00f3s \u00e9 come\u00e7armos esse primeiro ano para darmos credibilidade ao programa e, assim, captar mais recursos. Temos v\u00e1rios pa\u00edses interessados em investir\u201d.<\/p>\n<p>O programa se encontra em processo de cria\u00e7\u00e3o das normativas e regramentos. Neste primeiro momento, considerando o volume de recurso j\u00e1 dispon\u00edvel, \u00e9 poss\u00edvel trabalhar na recupera\u00e7\u00e3o de um milh\u00e3o de hectares de pastagens degradadas, podendo estas voltarem a ser utilizadas como pasto ou transformadas em \u00e1rea agricult\u00e1vel, floresta e at\u00e9 mesmo frut\u00edferas, salienta Augustin.<\/p>\n<p>Segundo ele, tal extens\u00e3o pode chegar a dois milh\u00f5es de hectares no pr\u00f3ximo ano.<\/p>\n<p>\u201cDois milh\u00f5es de hectares \u00e9 um aumento de 4% na \u00e1rea plantada. N\u00f3s n\u00e3o estamos preocupados somente em aumentar a produ\u00e7\u00e3o. Esse programa vai ser regado a requisitos fortes de sustentabilidade. Requisitos que v\u00e3o compor a nova gera\u00e7\u00e3o da agricultura, uma agricultura regenerativa, com sequestro de carbono. Tudo o que o mundo est\u00e1 precisando\u201d, refor\u00e7a o assessor especial do Mapa.<\/p>\n<blockquote class=\"wp-embedded-content\" data-secret=\"PMgdYOQ6O7\">\n<p><a href=\"https:\/\/stories.cnnbrasil.com.br\/economia\/mudancas-climaticas-desafiam-agro-brasileiro-dizem-especialistas\/\">Mudan\u00e7as clim\u00e1ticas desafiam agro brasileiro, dizem especialistas<\/a><\/p>\n<\/blockquote>\n<p><iframe class=\"wp-embedded-content\" sandbox=\"allow-scripts\" security=\"restricted\" style=\"position: absolute; clip: rect(1px, 1px, 1px, 1px);\" title=\"\u201cMudan\u00e7as clim\u00e1ticas desafiam agro brasileiro, dizem especialistas\u201d \u2014 Web Stories CNN Brasil\" data-src=\"https:\/\/stories.cnnbrasil.com.br\/economia\/mudancas-climaticas-desafiam-agro-brasileiro-dizem-especialistas\/embed\/#?secret=2ZMdrJGw4I#?secret=PMgdYOQ6O7\" data-secret=\"PMgdYOQ6O7\" width=\"360\" height=\"600\" frameborder=\"0\" marginwidth=\"0\" marginheight=\"0\" scrolling=\"no\"><\/iframe><\/p>\n<\/div>\n<p><br \/>\n<br \/><a href=\"https:\/\/www.cnnbrasil.com.br\/economia\/macroeconomia\/brasil-apresenta-recuperacao-de-pastagens-no-g20-agro-como-alternativa-para-aumentar-a-producao-de-alimento\/\">Source link <\/a><\/p>\n","protected":false},"excerpt":{"rendered":"<p>Seguran\u00e7a alimentar e sustentabilidade s\u00e3o os motes do programa que visa transformar 40 milh\u00f5es de hectares de pastagens degradadas em<\/p>\n","protected":false},"author":1,"featured_media":1420,"comment_status":"open","ping_status":"open","sticky":false,"template":"","format":"standard","meta":{"_monsterinsights_skip_tracking":false,"_monsterinsights_sitenote_active":false,"_monsterinsights_sitenote_note":"","_monsterinsights_sitenote_category":0,"_uf_show_specific_survey":0,"_uf_disable_surveys":false,"footnotes":""},"categories":[1],"tags":[],"class_list":["post-1419","post","type-post","status-publish","format-standard","has-post-thumbnail","hentry","category-news"],"_links":{"self":[{"href":"https:\/\/agromt.news\/index.php?rest_route=\/wp\/v2\/posts\/1419"}],"collection":[{"href":"https:\/\/agromt.news\/index.php?rest_route=\/wp\/v2\/posts"}],"about":[{"href":"https:\/\/agromt.news\/index.php?rest_route=\/wp\/v2\/types\/post"}],"author":[{"embeddable":true,"href":"https:\/\/agromt.news\/index.php?rest_route=\/wp\/v2\/users\/1"}],"replies":[{"embeddable":true,"href":"https:\/\/agromt.news\/index.php?rest_route=%2Fwp%2Fv2%2Fcomments&post=1419"}],"version-history":[{"count":0,"href":"https:\/\/agromt.news\/index.php?rest_route=\/wp\/v2\/posts\/1419\/revisions"}],"wp:featuredmedia":[{"embeddable":true,"href":"https:\/\/agromt.news\/index.php?rest_route=\/wp\/v2\/media\/1420"}],"wp:attachment":[{"href":"https:\/\/agromt.news\/index.php?rest_route=%2Fwp%2Fv2%2Fmedia&parent=1419"}],"wp:term":[{"taxonomy":"category","embeddable":true,"href":"https:\/\/agromt.news\/index.php?rest_route=%2Fwp%2Fv2%2Fcategories&post=1419"},{"taxonomy":"post_tag","embeddable":true,"href":"https:\/\/agromt.news\/index.php?rest_route=%2Fwp%2Fv2%2Ftags&post=1419"}],"curies":[{"name":"wp","href":"https:\/\/api.w.org\/{rel}","templated":true}]}}