{"id":1412,"date":"2024-09-11T16:26:49","date_gmt":"2024-09-11T20:26:49","guid":{"rendered":"https:\/\/agromt.news\/?p=1412"},"modified":"2024-09-11T16:26:49","modified_gmt":"2024-09-11T20:26:49","slug":"producao-de-safras-de-inverno-na-australia-deve-aumentar","status":"publish","type":"post","link":"https:\/\/agromt.news\/?p=1412","title":{"rendered":"Produ\u00e7\u00e3o de safras de inverno na Austr\u00e1lia deve aumentar"},"content":{"rendered":"<p> <br \/>\n<\/p>\n<div>\n<div class=\"row\">\n<div class=\"col-lg col-infos mt-3 mt-lg-0\">\n<div class=\"section-sub-title\">\n<p itemprop=\"description\">\nAs previs\u00f5es para as principais culturas de inverno apresentam um cen\u00e1rio otimista\n<\/p>\n<\/div>\n<div class=\"container\">\n<div class=\"row\">\n<div class=\"col-lg p-0\">\n<div>\n<div class=\"block-news-main-infos mt-3 text-start\">\n<strong class=\"fn\" itemprop=\"author\" style=\"color: rgb(112, 112, 112); \"><br \/>\n<a href=\"https:\/\/www.agrolink.com.br\/noticias\/javascript:;\" class=\"text-uppercase\" target=\"_blank\" style=\"color: rgb(112, 112, 112); \" rel=\"noopener\">Agrolink<\/a><br \/>\n&#8211; Leonardo Gottems<br \/>\n<\/strong><br \/>\n<br \/>\n<abbr><time datetime=\"2024-09-11T15:22\" itemprop=\"datePublished dateModified\">Publicado em 11\/09\/2024 \u00e0s 15:22h.<\/time><\/abbr>\n<\/div>\n<\/div>\n<\/div>\n<div class=\"col-lg p-0 text-lg-end\">\n<div>\n<div id=\"mdEnviarPagina\" class=\"modal fade\" role=\"dialog\">\n<div class=\"modal-dialog\">\n<div class=\"modal-content\">\n<div class=\"modal-body\">\n<p><strong>Estimado usu\u00e1rio.<\/strong><br \/>Preencha o formul\u00e1rio abaixo para remeter a p\u00e1gina.<\/p>\n<\/div>\n<\/div>\n<\/div>\n<\/div>\n<\/div>\n<\/div>\n<\/div>\n<\/div>\n<\/div>\n<\/div>\n<div class=\"row justify-content-md-center mt-3\">\n<div class=\"col-lg-auto col-image  block-news-main-image d-none d-md-block\">\n<img decoding=\"async\" src=\"https:\/\/www.agrolink.com.br\/upload\/imagens-resizes\/9592102fbfea4c39891e02596ef278f3_858x483.jpg\" class=\"lazyload\" alt=\"As previs\u00f5es para as principais culturas de inverno apresentam um cen\u00e1rio otimista\"\/><br \/>\n<span class=\"d-block mt-1\">As previs\u00f5es para as principais culturas de inverno apresentam um cen\u00e1rio otimista &#8211; Foto: Pixabay<\/span>\n<\/div>\n<\/div>\n<div class=\"section-description section-description-noticias mt-3\">\n<p>A produ\u00e7\u00e3o de safras de inverno na Austr\u00e1lia deve aumentar 17% no ano de comercializa\u00e7\u00e3o de 2024-25, atingindo 55,2 milh\u00f5es de toneladas, conforme relat\u00f3rio divulgado pelo Australian Bureau of Agricultural and Resource Economics and Sciences (ABARES). Se confirmada, essa ser\u00e1 a quinta maior produ\u00e7\u00e3o anual j\u00e1 registrada, segundo o ABARES. O relat\u00f3rio destaca uma revis\u00e3o de 7% em rela\u00e7\u00e3o \u00e0 previs\u00e3o feita em junho de 2024, impulsionada pelo crescimento na produ\u00e7\u00e3o em Nova Gales do Sul, Queensland e Austr\u00e1lia Ocidental, que mais que compensam as quedas observadas em Austr\u00e1lia do Sul e Victoria.\n<\/p>\n<p>As previs\u00f5es para as principais culturas de inverno apresentam um cen\u00e1rio otimista. A produ\u00e7\u00e3o de trigo deve crescer 23%, alcan\u00e7ando 31,8 milh\u00f5es de toneladas, o que representa um aumento de 20% em rela\u00e7\u00e3o \u00e0 m\u00e9dia dos \u00faltimos 10 anos. A cevada tamb\u00e9m segue em alta, com previs\u00e3o de crescer 13%, chegando a 12,2 milh\u00f5es de toneladas, 7% acima da m\u00e9dia de uma d\u00e9cada. J\u00e1 a produ\u00e7\u00e3o de canola deve cair 8%, totalizando 5,5 milh\u00f5es de toneladas, reflexo da redu\u00e7\u00e3o na \u00e1rea plantada. No entanto, essa \u00e1rea ainda est\u00e1 22% acima da m\u00e9dia de 10 anos, o que garante uma produ\u00e7\u00e3o consider\u00e1vel.\n<\/p>\n<p>O aumento da \u00e1rea plantada com culturas de inverno deve chegar a 5%, atingindo 24 milh\u00f5es de hectares em 2024-25. Embora essa expans\u00e3o esteja um pouco abaixo dos recordes observados entre 2020-21 e 2021-22, ela permanece 9% superior \u00e0 m\u00e9dia hist\u00f3rica de 10 anos. Esse crescimento \u00e9 impulsionado por condi\u00e7\u00f5es clim\u00e1ticas mais favor\u00e1veis em Nova Gales do Sul e Queensland, onde as \u00e1reas plantadas cresceram 17% e 34%, respectivamente, favorecendo o desempenho agr\u00edcola desses estados.<br \/>\u00a0\n<\/p>\n<\/div>\n<\/div>\n<p><script data-cfasync=\"false\">\n    !function (f, b, e, v, n, t, s) {\n        if (f.fbq) return; n = f.fbq = function () {\n            n.callMethod ?\n                n.callMethod.apply(n, arguments) : n.queue.push(arguments)\n        };\n        if (!f._fbq) f._fbq = n; n.push = n; n.loaded = !0; n.version = '2.0';\n        n.queue = []; t = b.createElement(e); t.async = !0;\n        t.src = v; s = b.getElementsByTagName(e)[0];\n        s.parentNode.insertBefore(t, s)\n    }(window, document, 'script',\n        'https:\/\/connect.facebook.net\/en_US\/fbevents.js');\n    fbq('init', '522546078623747');\n    fbq('track', 'PageView');\n<\/script><br \/>\n<br \/><br \/>\n<br \/><a href=\"https:\/\/www.agrolink.com.br\/noticias\/producao-de-safras-de-inverno-na-australia-deve-aumentar_494867.html\">Source link <\/a><\/p>\n","protected":false},"excerpt":{"rendered":"<p>As previs\u00f5es para as principais culturas de inverno apresentam um cen\u00e1rio otimista Agrolink &#8211; Leonardo Gottems Publicado em 11\/09\/2024 \u00e0s<\/p>\n","protected":false},"author":1,"featured_media":1413,"comment_status":"open","ping_status":"open","sticky":false,"template":"","format":"standard","meta":{"_monsterinsights_skip_tracking":false,"_monsterinsights_sitenote_active":false,"_monsterinsights_sitenote_note":"","_monsterinsights_sitenote_category":0,"_uf_show_specific_survey":0,"_uf_disable_surveys":false,"footnotes":""},"categories":[8,1,14],"tags":[],"class_list":["post-1412","post","type-post","status-publish","format-standard","has-post-thumbnail","hentry","category-agro","category-news","category-politica-agro"],"_links":{"self":[{"href":"https:\/\/agromt.news\/index.php?rest_route=\/wp\/v2\/posts\/1412"}],"collection":[{"href":"https:\/\/agromt.news\/index.php?rest_route=\/wp\/v2\/posts"}],"about":[{"href":"https:\/\/agromt.news\/index.php?rest_route=\/wp\/v2\/types\/post"}],"author":[{"embeddable":true,"href":"https:\/\/agromt.news\/index.php?rest_route=\/wp\/v2\/users\/1"}],"replies":[{"embeddable":true,"href":"https:\/\/agromt.news\/index.php?rest_route=%2Fwp%2Fv2%2Fcomments&post=1412"}],"version-history":[{"count":0,"href":"https:\/\/agromt.news\/index.php?rest_route=\/wp\/v2\/posts\/1412\/revisions"}],"wp:featuredmedia":[{"embeddable":true,"href":"https:\/\/agromt.news\/index.php?rest_route=\/wp\/v2\/media\/1413"}],"wp:attachment":[{"href":"https:\/\/agromt.news\/index.php?rest_route=%2Fwp%2Fv2%2Fmedia&parent=1412"}],"wp:term":[{"taxonomy":"category","embeddable":true,"href":"https:\/\/agromt.news\/index.php?rest_route=%2Fwp%2Fv2%2Fcategories&post=1412"},{"taxonomy":"post_tag","embeddable":true,"href":"https:\/\/agromt.news\/index.php?rest_route=%2Fwp%2Fv2%2Ftags&post=1412"}],"curies":[{"name":"wp","href":"https:\/\/api.w.org\/{rel}","templated":true}]}}