{"id":1408,"date":"2024-09-11T15:23:51","date_gmt":"2024-09-11T19:23:51","guid":{"rendered":"https:\/\/agromt.news\/?p=1408"},"modified":"2024-09-11T15:23:51","modified_gmt":"2024-09-11T19:23:51","slug":"falta-1-mes-para-a-abertura-nacional-do-plantio-da-soja-24-25","status":"publish","type":"post","link":"https:\/\/agromt.news\/?p=1408","title":{"rendered":"Falta 1 m\u00eas para a Abertura Nacional do Plantio da Soja 24\/25!"},"content":{"rendered":"<p> <br \/>\n<\/p>\n<div>\n<p>Est\u00e1 chegando! Faltam 30 dias para a <a href=\"https:\/\/www.canalrural.com.br\/agricultura\/projeto-soja-brasil\/inscricao-para-a-abertura-nacional-do-plantio-da-soja-24-25-esta-aberta\/\">Abertura Nacional do Plantio da Soja 24\/25<\/a>, evento que ser\u00e1 realizado pela primeira vez no estado do Maranh\u00e3o, no dia 11\/10, \u00e0s 9h. O palco do encontro ser\u00e1 a Fazenda Pau-Brasil, localizada no munic\u00edpio de A\u00e7ail\u00e2ndia. A entrada \u00e9 gratuita e para se inscrever basta acessar o <a href=\"https:\/\/docs.google.com\/forms\/d\/e\/1FAIpQLSexxhQaPqbaJerBXXLiXhX-hCaCzeL7omPY8mHKllh1sAvjZQ\/viewform\">formul\u00e1rio<\/a>.<\/p>\n<figure class=\"wp-block-image size-large\"><img fetchpriority=\"high\" decoding=\"async\" width=\"1024\" height=\"256\" src=\"https:\/\/agromt.news\/wp-content\/uploads\/2024\/09\/Falta-1-mes-para-a-Abertura-Nacional-do-Plantio-da.png\" alt=\"\" class=\"wp-image-4066734\"  \/><\/figure>\n<h2 class=\"wp-block-heading\" id=\"h-topicos-abordados\">T\u00f3picos abordados <\/h2>\n<p>Al\u00e9m de marcar o in\u00edcio do plantio do gr\u00e3o, com o enfileiramento das plantadeiras no campo, o evento tamb\u00e9m aborda diferentes t\u00f3picos de discuss\u00e3o, como:<\/p>\n<ul class=\"wp-block-list\">\n<li>Gest\u00e3o e diversifica\u00e7\u00e3o<\/li>\n<li>Rentabilidade nas propriedades<\/li>\n<li>Consolida\u00e7\u00e3o e import\u00e2ncia do MATOPIBA<\/li>\n<li>Impactos do clima na lavoura<\/li>\n<li>Sustentabilidade na produ\u00e7\u00e3o<\/li>\n<\/ul>\n<\/div>\n<p><br \/>\n<br \/><a href=\"https:\/\/www.canalrural.com.br\/agricultura\/projeto-soja-brasil\/abertura-oficial-da-semeadura-da-soja-sera-realizada-pela-primeira-vez-no-maranhao-inscreva-se-gratuitamente\/\">Source link <\/a><\/p>\n","protected":false},"excerpt":{"rendered":"<p>Est\u00e1 chegando! Faltam 30 dias para a Abertura Nacional do Plantio da Soja 24\/25, evento que ser\u00e1 realizado pela primeira<\/p>\n","protected":false},"author":1,"featured_media":1409,"comment_status":"open","ping_status":"open","sticky":false,"template":"","format":"standard","meta":{"_monsterinsights_skip_tracking":false,"_monsterinsights_sitenote_active":false,"_monsterinsights_sitenote_note":"","_monsterinsights_sitenote_category":0,"_uf_show_specific_survey":0,"_uf_disable_surveys":false,"footnotes":""},"categories":[1],"tags":[],"class_list":["post-1408","post","type-post","status-publish","format-standard","has-post-thumbnail","hentry","category-news"],"_links":{"self":[{"href":"https:\/\/agromt.news\/index.php?rest_route=\/wp\/v2\/posts\/1408"}],"collection":[{"href":"https:\/\/agromt.news\/index.php?rest_route=\/wp\/v2\/posts"}],"about":[{"href":"https:\/\/agromt.news\/index.php?rest_route=\/wp\/v2\/types\/post"}],"author":[{"embeddable":true,"href":"https:\/\/agromt.news\/index.php?rest_route=\/wp\/v2\/users\/1"}],"replies":[{"embeddable":true,"href":"https:\/\/agromt.news\/index.php?rest_route=%2Fwp%2Fv2%2Fcomments&post=1408"}],"version-history":[{"count":0,"href":"https:\/\/agromt.news\/index.php?rest_route=\/wp\/v2\/posts\/1408\/revisions"}],"wp:featuredmedia":[{"embeddable":true,"href":"https:\/\/agromt.news\/index.php?rest_route=\/wp\/v2\/media\/1409"}],"wp:attachment":[{"href":"https:\/\/agromt.news\/index.php?rest_route=%2Fwp%2Fv2%2Fmedia&parent=1408"}],"wp:term":[{"taxonomy":"category","embeddable":true,"href":"https:\/\/agromt.news\/index.php?rest_route=%2Fwp%2Fv2%2Fcategories&post=1408"},{"taxonomy":"post_tag","embeddable":true,"href":"https:\/\/agromt.news\/index.php?rest_route=%2Fwp%2Fv2%2Ftags&post=1408"}],"curies":[{"name":"wp","href":"https:\/\/api.w.org\/{rel}","templated":true}]}}