{"id":1403,"date":"2024-09-11T14:10:24","date_gmt":"2024-09-11T18:10:24","guid":{"rendered":"https:\/\/agromt.news\/?p=1403"},"modified":"2024-09-11T14:10:24","modified_gmt":"2024-09-11T18:10:24","slug":"balanca-comercial-volta-a-ser-positiva-em-agosto","status":"publish","type":"post","link":"https:\/\/agromt.news\/?p=1403","title":{"rendered":"balan\u00e7a comercial volta a ser positiva em agosto"},"content":{"rendered":"<p> <br \/>\n<br \/><img decoding=\"async\" src=\"https:\/\/agromt.news\/wp-content\/uploads\/2024\/08\/Lula-diz-que-esta-no-pe-do-ministro-da-Agricultura.jpg\" \/><\/p>\n<div>\n<p>Ap\u00f3s tr\u00eas meses consecutivos de saldo negativo, a balan\u00e7a comercial do arroz voltou a ser positiva em agosto, com um super\u00e1vit de 29,03 mil toneladas. <\/p>\n<p><em>Confira na palma da m\u00e3o informa\u00e7\u00f5es quentes sobre agricultura, pecu\u00e1ria, economia e previs\u00e3o do tempo:<\/em><a href=\"https:\/\/www.whatsapp.com\/channel\/0029Va9VnZxGk1FplZjiW43k\"><em> <\/em><strong>siga o Canal Rural no WhatsApp<\/strong><\/a>!<\/p>\n<p>No acumulado de 12 meses, por\u00e9m, o d\u00e9ficit \u00e9 de 185,4 mil toneladas, o maior desde out\/21. De acordo com dados da Secex, compilados e analisados pelo <strong><a href=\"https:\/\/www.canalrural.com.br\/tag\/cepea\/\">Cepea<\/a><\/strong>, apesar da queda nas exporta\u00e7\u00f5es em agosto\/24, o volume embarcado foi o segundo maior do ano, voltando a superar as importa\u00e7\u00f5es. <\/p>\n<\/div>\n<div>\n<p>Os pre\u00e7os de exporta\u00e7\u00e3o e importa\u00e7\u00e3o, por sua vez, subiram, mas o custo de importa\u00e7\u00e3o (em R$\/saca) atingiu a m\u00e1xima nominal de toda s\u00e9rie Secex. <\/p>\n<p>O custo FOB (Free on Board) na origem do produto foi de US$ 478,36\/t em agosto\/24, ou de R$ 132,98\/saca de 50 kg. Se deflacionado pelo IGP-DI, trata-se da m\u00e9dia mais alta desde ago\/15, quando atingiu R$ 134,03\/sc de 50 kg.<\/p>\n<\/div>\n<p><br \/>\n<br \/><a href=\"https:\/\/www.canalrural.com.br\/agricultura\/arroz-balanca-comercial-volta-a-ser-positiva-em-agosto\/\">Source link <\/a><\/p>\n","protected":false},"excerpt":{"rendered":"<p>Ap\u00f3s tr\u00eas meses consecutivos de saldo negativo, a balan\u00e7a comercial do arroz voltou a ser positiva em agosto, com um<\/p>\n","protected":false},"author":1,"featured_media":637,"comment_status":"open","ping_status":"open","sticky":false,"template":"","format":"standard","meta":{"_monsterinsights_skip_tracking":false,"_monsterinsights_sitenote_active":false,"_monsterinsights_sitenote_note":"","_monsterinsights_sitenote_category":0,"_uf_show_specific_survey":0,"_uf_disable_surveys":false,"footnotes":""},"categories":[1],"tags":[],"class_list":["post-1403","post","type-post","status-publish","format-standard","has-post-thumbnail","hentry","category-news"],"_links":{"self":[{"href":"https:\/\/agromt.news\/index.php?rest_route=\/wp\/v2\/posts\/1403"}],"collection":[{"href":"https:\/\/agromt.news\/index.php?rest_route=\/wp\/v2\/posts"}],"about":[{"href":"https:\/\/agromt.news\/index.php?rest_route=\/wp\/v2\/types\/post"}],"author":[{"embeddable":true,"href":"https:\/\/agromt.news\/index.php?rest_route=\/wp\/v2\/users\/1"}],"replies":[{"embeddable":true,"href":"https:\/\/agromt.news\/index.php?rest_route=%2Fwp%2Fv2%2Fcomments&post=1403"}],"version-history":[{"count":0,"href":"https:\/\/agromt.news\/index.php?rest_route=\/wp\/v2\/posts\/1403\/revisions"}],"wp:featuredmedia":[{"embeddable":true,"href":"https:\/\/agromt.news\/index.php?rest_route=\/wp\/v2\/media\/637"}],"wp:attachment":[{"href":"https:\/\/agromt.news\/index.php?rest_route=%2Fwp%2Fv2%2Fmedia&parent=1403"}],"wp:term":[{"taxonomy":"category","embeddable":true,"href":"https:\/\/agromt.news\/index.php?rest_route=%2Fwp%2Fv2%2Fcategories&post=1403"},{"taxonomy":"post_tag","embeddable":true,"href":"https:\/\/agromt.news\/index.php?rest_route=%2Fwp%2Fv2%2Ftags&post=1403"}],"curies":[{"name":"wp","href":"https:\/\/api.w.org\/{rel}","templated":true}]}}