{"id":1399,"date":"2024-09-11T12:03:40","date_gmt":"2024-09-11T16:03:40","guid":{"rendered":"https:\/\/agromt.news\/?p=1399"},"modified":"2024-09-11T12:03:40","modified_gmt":"2024-09-11T16:03:40","slug":"brasil-deve-embarcar-ate-5514-milhoes-de-toneladas-da-soja-em-setembro","status":"publish","type":"post","link":"https:\/\/agromt.news\/?p=1399","title":{"rendered":"Brasil deve embarcar at\u00e9 5,514 milh\u00f5es de toneladas da soja em setembro"},"content":{"rendered":"<p> <br \/>\n<\/p>\n<div>\n<p>Conforme o levantamento semanal da Associa\u00e7\u00e3o Nacional dos Exportadores de Cereais (ANEC),<a href=\"https:\/\/www.canalrural.com.br\/agricultura\/projeto-soja-brasil\/\"> as exporta\u00e7\u00f5es brasileiras da soja em gr\u00e3o<\/a> dever\u00e3o ficar em 5,514 milh\u00f5es de toneladas em setembro. No mesmo m\u00eas do \u00faltimo ano, as exporta\u00e7\u00f5es ficaram em 5,546 milh\u00f5es de toneladas. Em agosto, o pa\u00eds embarcou 7,994 milh\u00f5es de toneladas.<\/p>\n<p>Na semana encerrada no dia 7 de setembro de 2024, o Brasil embarcou 1,678 milh\u00e3o de toneladas. Para o per\u00edodo entre 8 e 14 de setembro, a ANEC aponta a exporta\u00e7\u00e3o de 1,561 milh\u00e3o de toneladas.<\/p>\n<p class=\"has-text-align-center\"><em>Confira na palma da m\u00e3o informa\u00e7\u00f5es quentes sobre agricultura, pecu\u00e1ria, economia e previs\u00e3o do tempo:<\/em><a href=\"https:\/\/whatsapp.com\/channel\/0029Va9VnZxGk1FplZjiW43k\"><strong><em>\u00a0siga o Canal Rura<\/em><\/strong><\/a><a href=\"https:\/\/www.whatsapp.com\/channel\/0029Va9VnZxGk1FplZjiW43k\"><strong><em>l no WhatsApp!<\/em><\/strong><\/a><\/p>\n<\/div>\n<div>\n<h2 class=\"wp-block-heading\" id=\"h-farelo-da-soja\">Farelo da soja <\/h2>\n<figure class=\"wp-block-image size-full is-resized\"><img fetchpriority=\"high\" decoding=\"async\" width=\"640\" height=\"430\" alt=\"embarque de soja para mercado externo\" class=\"wp-image-97670\" style=\"width:787px;height:auto\"  data-lazy- src=\"https:\/\/agromt.news\/wp-content\/uploads\/2024\/09\/Brasil-deve-embarcar-ate-5514-milhoes-de-toneladas-da-soja.jpg\"\/><img decoding=\"async\" width=\"640\" height=\"430\" src=\"https:\/\/agromt.news\/wp-content\/uploads\/2024\/09\/Brasil-deve-embarcar-ate-5514-milhoes-de-toneladas-da-soja.jpg\" alt=\"embarque de soja para mercado externo\" class=\"wp-image-97670\" style=\"width:787px;height:auto\"  \/><figcaption class=\"wp-element-caption\">Foto: Fabio Scremin\/APPA<\/figcaption><\/figure>\n<p>Para o farelo da soja, a previs\u00e3o de embarques \u00e9 de 2,015 milh\u00f5es de toneladas em setembro. Em 2023, o total exportado foi de 1,906 milh\u00e3o de toneladas no mesmo per\u00edodo. J\u00e1 em agosto, ficou em 1,986 milh\u00e3o de toneladas. Na semana passada, as exporta\u00e7\u00f5es ficaram em 293,778 mil toneladas e a previs\u00e3o para esta semana \u00e9 de 619,152 mil toneladas.<\/p>\n<\/div>\n<p><br \/>\n<br \/><a href=\"https:\/\/www.canalrural.com.br\/agricultura\/projeto-soja-brasil\/brasil-deve-embarcar-ate-5514-milhoes-de-toneladas-da-soja-em-setembro\/\">Source link <\/a><\/p>\n","protected":false},"excerpt":{"rendered":"<p>Conforme o levantamento semanal da Associa\u00e7\u00e3o Nacional dos Exportadores de Cereais (ANEC), as exporta\u00e7\u00f5es brasileiras da soja em gr\u00e3o dever\u00e3o<\/p>\n","protected":false},"author":1,"featured_media":1400,"comment_status":"open","ping_status":"open","sticky":false,"template":"","format":"standard","meta":{"_monsterinsights_skip_tracking":false,"_monsterinsights_sitenote_active":false,"_monsterinsights_sitenote_note":"","_monsterinsights_sitenote_category":0,"_uf_show_specific_survey":0,"_uf_disable_surveys":false,"footnotes":""},"categories":[1],"tags":[],"class_list":["post-1399","post","type-post","status-publish","format-standard","has-post-thumbnail","hentry","category-news"],"_links":{"self":[{"href":"https:\/\/agromt.news\/index.php?rest_route=\/wp\/v2\/posts\/1399"}],"collection":[{"href":"https:\/\/agromt.news\/index.php?rest_route=\/wp\/v2\/posts"}],"about":[{"href":"https:\/\/agromt.news\/index.php?rest_route=\/wp\/v2\/types\/post"}],"author":[{"embeddable":true,"href":"https:\/\/agromt.news\/index.php?rest_route=\/wp\/v2\/users\/1"}],"replies":[{"embeddable":true,"href":"https:\/\/agromt.news\/index.php?rest_route=%2Fwp%2Fv2%2Fcomments&post=1399"}],"version-history":[{"count":0,"href":"https:\/\/agromt.news\/index.php?rest_route=\/wp\/v2\/posts\/1399\/revisions"}],"wp:featuredmedia":[{"embeddable":true,"href":"https:\/\/agromt.news\/index.php?rest_route=\/wp\/v2\/media\/1400"}],"wp:attachment":[{"href":"https:\/\/agromt.news\/index.php?rest_route=%2Fwp%2Fv2%2Fmedia&parent=1399"}],"wp:term":[{"taxonomy":"category","embeddable":true,"href":"https:\/\/agromt.news\/index.php?rest_route=%2Fwp%2Fv2%2Fcategories&post=1399"},{"taxonomy":"post_tag","embeddable":true,"href":"https:\/\/agromt.news\/index.php?rest_route=%2Fwp%2Fv2%2Ftags&post=1399"}],"curies":[{"name":"wp","href":"https:\/\/api.w.org\/{rel}","templated":true}]}}