{"id":1393,"date":"2024-09-11T10:52:42","date_gmt":"2024-09-11T14:52:42","guid":{"rendered":"https:\/\/agromt.news\/?p=1393"},"modified":"2024-09-11T10:52:42","modified_gmt":"2024-09-11T14:52:42","slug":"fundecitrus-reduz-estimativa-de-producao-no-cinturao-de-sp-e-mg","status":"publish","type":"post","link":"https:\/\/agromt.news\/?p=1393","title":{"rendered":"Fundecitrus reduz estimativa de produ\u00e7\u00e3o no cintur\u00e3o de SP e MG"},"content":{"rendered":"<p> <br \/>\n<br \/><img decoding=\"async\" src=\"https:\/\/agromt.news\/wp-content\/uploads\/2024\/09\/Fundecitrus-reduz-estimativa-de-producao-no-cinturao-de-SP-e.jpeg\" \/><\/p>\n<div>\n<p>O Fundecitrus revisou para baixo a estimativa para a safra de laranja 2024\/25 no cintur\u00e3o <strong><a href=\"https:\/\/www.canalrural.com.br\/agricultura\/laranja\/\">citr\u00edcola<\/a> <\/strong>de S\u00e3o Paulo e Minas Gerais. O volume esperado \u00e9 de 215,78 milh\u00f5es de caixas de 40,8 quilos, redu\u00e7\u00e3o de 16,6 milh\u00f5es de caixas, 7% a menos do esperado em maio.<\/p>\n<p>\u201cA redu\u00e7\u00e3o se deve ao menor tamanho dos frutos, por causa do clima quente e seco. As condi\u00e7\u00f5es clim\u00e1ticas previstas em maio para os primeiros quatro meses da safra foram ainda piores, com volume de chuvas 31% inferior ao esperado\u201d, justificou o Fundecitrus, em nota.<\/p>\n<p><em>Confira na palma da m\u00e3o informa\u00e7\u00f5es quentes sobre agricultura, pecu\u00e1ria, economia e previs\u00e3o do tempo:<\/em><a href=\"https:\/\/www.whatsapp.com\/channel\/0029Va9VnZxGk1FplZjiW43k\"><em> <\/em><strong>siga o Canal Rural no WhatsApp<\/strong><\/a>! <\/p>\n<\/div>\n<div>\n<p>\u201cAl\u00e9m disso, as temperaturas elevadas durante o outono e o inverno intensificaram a evapotranspira\u00e7\u00e3o, agravando a severidade da seca. As temperaturas mais altas tamb\u00e9m aceleraram a matura\u00e7\u00e3o dos frutos, levando a um ritmo de colheita mais r\u00e1pido\u201d, acrescentou.<\/p>\n<p>Conforme o Fundecitrus, em meados de agosto, cerca de 45% da safra estava colhida, ante aproximadamente 30% na m\u00e9dia hist\u00f3rica. Na nota, o gerente-geral do Fundecitrus, Juliano Ayres, disse que a pr\u00f3xima atualiza\u00e7\u00e3o de safra vai trazer dados mais precisos sobre a quarta florada. <\/p>\n<p>\u201cO volume da quarta florada \u00e9 muito mais expressivo nesta safra do que nas anteriores. Nas pr\u00f3ximas semanas, vamos fazer um levantamento de campo para apurar o \u00edndice de pegamento e tamanho desses frutos\u201d, contou.<\/p>\n<p>Ainda conforme o Fundecitrus, como o tamanho m\u00e9dio dos frutos diminuiu de 169 gramas para 155 gramas, agora s\u00e3o necess\u00e1rios 264 frutos para compor uma caixa de 40,8 kg, 23 laranjas a mais do que o projetado em maio. A taxa de queda de frutos est\u00e1 reestimada em 17,10%, \u00edndice inferior ao projetado em maio, que era de 18,50%.<\/p>\n<\/div>\n<p><br \/>\n<br \/><a href=\"https:\/\/www.canalrural.com.br\/agricultura\/fundecitrus-reduz-estimativa-de-producao-de-laranja-o-cinturao-de-sp-e-mg\/\">Source link <\/a><\/p>\n","protected":false},"excerpt":{"rendered":"<p>O Fundecitrus revisou para baixo a estimativa para a safra de laranja 2024\/25 no cintur\u00e3o citr\u00edcola de S\u00e3o Paulo e<\/p>\n","protected":false},"author":1,"featured_media":1394,"comment_status":"open","ping_status":"open","sticky":false,"template":"","format":"standard","meta":{"_monsterinsights_skip_tracking":false,"_monsterinsights_sitenote_active":false,"_monsterinsights_sitenote_note":"","_monsterinsights_sitenote_category":0,"_uf_show_specific_survey":0,"_uf_disable_surveys":false,"footnotes":""},"categories":[1],"tags":[],"class_list":["post-1393","post","type-post","status-publish","format-standard","has-post-thumbnail","hentry","category-news"],"_links":{"self":[{"href":"https:\/\/agromt.news\/index.php?rest_route=\/wp\/v2\/posts\/1393"}],"collection":[{"href":"https:\/\/agromt.news\/index.php?rest_route=\/wp\/v2\/posts"}],"about":[{"href":"https:\/\/agromt.news\/index.php?rest_route=\/wp\/v2\/types\/post"}],"author":[{"embeddable":true,"href":"https:\/\/agromt.news\/index.php?rest_route=\/wp\/v2\/users\/1"}],"replies":[{"embeddable":true,"href":"https:\/\/agromt.news\/index.php?rest_route=%2Fwp%2Fv2%2Fcomments&post=1393"}],"version-history":[{"count":0,"href":"https:\/\/agromt.news\/index.php?rest_route=\/wp\/v2\/posts\/1393\/revisions"}],"wp:featuredmedia":[{"embeddable":true,"href":"https:\/\/agromt.news\/index.php?rest_route=\/wp\/v2\/media\/1394"}],"wp:attachment":[{"href":"https:\/\/agromt.news\/index.php?rest_route=%2Fwp%2Fv2%2Fmedia&parent=1393"}],"wp:term":[{"taxonomy":"category","embeddable":true,"href":"https:\/\/agromt.news\/index.php?rest_route=%2Fwp%2Fv2%2Fcategories&post=1393"},{"taxonomy":"post_tag","embeddable":true,"href":"https:\/\/agromt.news\/index.php?rest_route=%2Fwp%2Fv2%2Ftags&post=1393"}],"curies":[{"name":"wp","href":"https:\/\/api.w.org\/{rel}","templated":true}]}}