{"id":1390,"date":"2024-09-11T09:52:54","date_gmt":"2024-09-11T13:52:54","guid":{"rendered":"https:\/\/agromt.news\/?p=1390"},"modified":"2024-09-11T09:52:54","modified_gmt":"2024-09-11T13:52:54","slug":"sao-paulo-prorroga-ate-sabado-alerta-de-risco-elevado-para-incendios","status":"publish","type":"post","link":"https:\/\/agromt.news\/?p=1390","title":{"rendered":"S\u00e3o Paulo prorroga at\u00e9 s\u00e1bado alerta de risco elevado para inc\u00eandios"},"content":{"rendered":"<p> <br \/>\n<\/p>\n<div>\n<p>A <strong><a href=\"https:\/\/www.canalrural.com.br\/tag\/defesa-civil\/\">Defesa Civil<\/a><\/strong> do estado de S\u00e3o Paulo prorrogou o alerta de risco elevado para inc\u00eandios at\u00e9 o pr\u00f3ximo s\u00e1bado (14).\u00a0O litoral paulista esteve de fora dos \u00faltimos alertas e \u00e9 a \u00fanica regi\u00e3o do estado sem grande risco para inc\u00eandios florestais. Os alertas est\u00e3o vigentes desde o come\u00e7o de setembro.<img decoding=\"async\" src=\"https:\/\/agromt.news\/wp-content\/uploads\/2024\/09\/Sao-Paulo-prorroga-ate-sabado-alerta-de-risco-elevado-para.png\"\/><img decoding=\"async\" src=\"https:\/\/agromt.news\/wp-content\/uploads\/2024\/09\/Sao-Paulo-prorroga-ate-sabado-alerta-de-risco-elevado-para.png\"\/><img decoding=\"async\" src=\"https:\/\/agromt.news\/wp-content\/uploads\/2024\/09\/Sao-Paulo-prorroga-ate-sabado-alerta-de-risco-elevado-para.gif\"\/><img decoding=\"async\" src=\"https:\/\/agromt.news\/wp-content\/uploads\/2024\/09\/Sao-Paulo-prorroga-ate-sabado-alerta-de-risco-elevado-para.gif\"\/><\/p>\n<p><em>Confira na palma da m\u00e3o informa\u00e7\u00f5es quentes sobre agricultura, pecu\u00e1ria, economia e previs\u00e3o do tempo:<\/em><a href=\"https:\/\/www.whatsapp.com\/channel\/0029Va9VnZxGk1FplZjiW43k\"><em> <\/em><strong>siga o Canal Rural no WhatsApp<\/strong><\/a>!<\/p>\n<p>Segundo o <strong>Centro de Gerenciamento de Emerg\u00eancias (CGE)<\/strong> estadual, as temperaturas podem chegar a 39 \u00b0C, e a umidade relativa do ar (URA), a 20% em algumas regi\u00f5es. Os preju\u00edzos \u00e0 agricultura atingem principalmente as lavouras de cana no centro e no norte do estado. O aviso reafirma que, nos pr\u00f3ximos dias, S\u00e3o Paulo ser\u00e1 dominado por um clima seco e est\u00e1vel, e que, sem previs\u00e3o de chuvas, haver\u00e1 eleva\u00e7\u00e3o gradual das temperaturas, que trar\u00e3o uma sensa\u00e7\u00e3o de calor e um ambiente abafado em todo o territ\u00f3rio paulista.<\/p>\n<\/div>\n<div>\n<p>As temperaturas podem chegar aos 33\u202f\u00b0C na regi\u00e3o metropolitana da capital, no per\u00edodo mais quente do dia. No \u00faltimo final de semana,\u00a0term\u00f4metros chegaram a marcar at\u00e9 38\u202f\u00b0C nas ruas, por volta das 13h. A umidade relativa do ar deve ficar abaixo dos 35%. Ao menos duas comunidades, uma em Osasco e outra ao sul da capital, registraram inc\u00eandios hoje, com confirma\u00e7\u00e3o de 13 moradias destru\u00eddas. N\u00e3o houve v\u00edtimas.<\/p>\n<p>Para as regi\u00f5es de S\u00e3o Jos\u00e9 do Rio Preto e Ara\u00e7atuba, as temperaturas devem ficar na casa dos 38\u202f\u00b0C, com umidade relativa do ar abaixo dos 20%. Em Presidente Prudente e Mar\u00edlia, os term\u00f4metros podem registrar temperaturas m\u00e1ximas de 39 \u00baC, com URA abaixo dos 25%. Nas regi\u00f5es de Campinas, Sorocaba, Araraquara e Bauru, temperaturas m\u00e1ximas de 34 \u00b0C com URA abaixo dos 25%. Em Franca, Barretos e Ribeir\u00e3o Preto, onde se concentraram a maior parte dos focos de queimadas desde a segunda quinzena de agosto, as temperaturas m\u00e1ximas podem atingir os 36 \u00b0C, com umidade abaixo dos 25%.\u00a0<\/p>\n<p>A Defesa Civil e a Secretaria de Sa\u00fade recomendam cuidados que incluem hidrata\u00e7\u00e3o constante, o uso de soro nos olhos e nariz e de prote\u00e7\u00e3o dos raios solares, e desaconselham a pr\u00e1tica de atividades f\u00edsicas ao ar livre nos hor\u00e1rios mais cr\u00edticos do dia. Em regi\u00f5es de queimadas, como prote\u00e7\u00e3o adicional, os dois \u00f3rg\u00e3os sugerem o uso de m\u00e1scaras do tipo N95, PFF2 ou P100, que podem reduzir a inala\u00e7\u00e3o de part\u00edculas, em ambientes externos. As recomenda\u00e7\u00f5es s\u00e3o voltadas principalmente para os grupos de risco, como crian\u00e7as com menos de 5 anos, gestantes, portadores de comorbidades e idosos.<\/p>\n<p>Nesta ter\u00e7a-feira (10) o CGE contabiliza dez\u00a0\u00a0focos de inc\u00eandio em todo o territ\u00f3rio paulista. Segundo a Companhia Ambiental do Estado de S\u00e3o Paulo (Cetesb) \u00a0um n\u00famero elevado de esta\u00e7\u00f5es apontou qualidade do ar classificada como \u201cmuito ruim\u201d e \u201cruim\u201d, em decorr\u00eancia de altas concentra\u00e7\u00f5es de part\u00edculas inal\u00e1veis finas (poeira, fuligem e fuma\u00e7a que ficam suspensas na atmosfera em fun\u00e7\u00e3o do seu pequeno tamanho). O \u00f3rg\u00e3o\u00a0suspendeu temporariamente as autoriza\u00e7\u00f5es de queima\u00a0no estado para a despalha de cana, queima fitossanit\u00e1ria ou para manejo. As duas \u00fanicas exce\u00e7\u00f5es s\u00e3o para a implanta\u00e7\u00e3o de aceiros que evitem a propaga\u00e7\u00e3o do fogo e para casos de finalidade fitossanit\u00e1ria solicitados diretamente pela Secretaria de Agricultura e Abastecimento.<\/p>\n<\/div>\n<p><br \/>\n<br \/><a href=\"https:\/\/www.canalrural.com.br\/tempo\/sao-paulo-prorroga-ate-sabado-alerta-de-risco-elevado-para-incendios\/\">Source link <\/a><\/p>\n","protected":false},"excerpt":{"rendered":"<p>A Defesa Civil do estado de S\u00e3o Paulo prorrogou o alerta de risco elevado para inc\u00eandios at\u00e9 o pr\u00f3ximo s\u00e1bado<\/p>\n","protected":false},"author":1,"featured_media":910,"comment_status":"open","ping_status":"open","sticky":false,"template":"","format":"standard","meta":{"_monsterinsights_skip_tracking":false,"_monsterinsights_sitenote_active":false,"_monsterinsights_sitenote_note":"","_monsterinsights_sitenote_category":0,"_uf_show_specific_survey":0,"_uf_disable_surveys":false,"footnotes":""},"categories":[1],"tags":[],"class_list":["post-1390","post","type-post","status-publish","format-standard","has-post-thumbnail","hentry","category-news"],"_links":{"self":[{"href":"https:\/\/agromt.news\/index.php?rest_route=\/wp\/v2\/posts\/1390"}],"collection":[{"href":"https:\/\/agromt.news\/index.php?rest_route=\/wp\/v2\/posts"}],"about":[{"href":"https:\/\/agromt.news\/index.php?rest_route=\/wp\/v2\/types\/post"}],"author":[{"embeddable":true,"href":"https:\/\/agromt.news\/index.php?rest_route=\/wp\/v2\/users\/1"}],"replies":[{"embeddable":true,"href":"https:\/\/agromt.news\/index.php?rest_route=%2Fwp%2Fv2%2Fcomments&post=1390"}],"version-history":[{"count":0,"href":"https:\/\/agromt.news\/index.php?rest_route=\/wp\/v2\/posts\/1390\/revisions"}],"wp:featuredmedia":[{"embeddable":true,"href":"https:\/\/agromt.news\/index.php?rest_route=\/wp\/v2\/media\/910"}],"wp:attachment":[{"href":"https:\/\/agromt.news\/index.php?rest_route=%2Fwp%2Fv2%2Fmedia&parent=1390"}],"wp:term":[{"taxonomy":"category","embeddable":true,"href":"https:\/\/agromt.news\/index.php?rest_route=%2Fwp%2Fv2%2Fcategories&post=1390"},{"taxonomy":"post_tag","embeddable":true,"href":"https:\/\/agromt.news\/index.php?rest_route=%2Fwp%2Fv2%2Ftags&post=1390"}],"curies":[{"name":"wp","href":"https:\/\/api.w.org\/{rel}","templated":true}]}}