{"id":1381,"date":"2024-09-11T07:43:07","date_gmt":"2024-09-11T11:43:07","guid":{"rendered":"https:\/\/agromt.news\/?p=1381"},"modified":"2024-09-11T07:43:07","modified_gmt":"2024-09-11T11:43:07","slug":"estiagem-impulsiona-precos-da-mandioca-para-o-maior-patamar-do-ano","status":"publish","type":"post","link":"https:\/\/agromt.news\/?p=1381","title":{"rendered":"Estiagem impulsiona pre\u00e7os da mandioca para o maior patamar do ano"},"content":{"rendered":"<p> <br \/>\n<\/p>\n<div>\n<div class=\"row\">\n<div class=\"col-lg col-infos mt-3 mt-lg-0\">\n<div class=\"section-sub-title\">\n<p itemprop=\"description\">\nCombina\u00e7\u00e3o de menor oferta e demanda aquecida tem provocado uma escalada nos pre\u00e7os\n<\/p>\n<\/div>\n<div class=\"container\">\n<div class=\"row\">\n<div class=\"col-lg p-0\">\n<div>\n<div class=\"block-news-main-infos mt-3 text-start\">\n<strong class=\"fn\" itemprop=\"author\" style=\"color: rgb(112, 112, 112); \"><br \/>\n<a href=\"https:\/\/www.agrolink.com.br\/noticias\/javascript:;\" class=\"text-uppercase\" target=\"_blank\" style=\"color: rgb(112, 112, 112); \" rel=\"noopener\">Agrolink<\/a><br \/>\n&#8211; Aline Merladete<br \/>\n<\/strong><br \/>\n<br \/>\n<abbr><time datetime=\"2024-09-10T14:46\" itemprop=\"datePublished dateModified\">Publicado em 10\/09\/2024 \u00e0s 14:46h.<\/time><\/abbr>\n<\/div>\n<\/div>\n<\/div>\n<div class=\"col-lg p-0 text-lg-end\">\n<div>\n<div id=\"mdEnviarPagina\" class=\"modal fade\" role=\"dialog\">\n<div class=\"modal-dialog\">\n<div class=\"modal-content\">\n<div class=\"modal-body\">\n<p><strong>Estimado usu\u00e1rio.<\/strong><br \/>Preencha o formul\u00e1rio abaixo para remeter a p\u00e1gina.<\/p>\n<\/div>\n<\/div>\n<\/div>\n<\/div>\n<\/div>\n<\/div>\n<\/div>\n<\/div>\n<\/div>\n<\/div>\n<div class=\"row justify-content-md-center mt-3\">\n<div class=\"col-lg-auto col-image  block-news-main-image d-none d-md-block\">\n<img decoding=\"async\" src=\"https:\/\/www.agrolink.com.br\/upload\/imagens-resizes\/db0ebf678a144dc98675901e9e4fce70_858x483.jpg\" class=\"lazyload\"\/><br \/>\n<span class=\"publicity-photo d-block mt-1\">Foto: Canva<\/span>\n<\/div>\n<\/div>\n<div class=\"section-description section-description-noticias mt-3\">\n<p style=\"text-align:justify\">A seca prolongada nas principais regi\u00f5es produtoras de <a href=\"https:\/\/www.agrolink.com.br\/culturas\/mandioca\/?utm_source=agrolink-detalhe-noticia&amp;utm_medium=detalhe-noticia&amp;utm_campaign=links-internos\" target=\"_blank\" rel=\"noopener\">mandioca<\/a> tem afetado o ritmo dos trabalhos no campo, al\u00e9m de manter o interesse dos vendedores baixo, seja pela expectativa de pre\u00e7os mais altos ou pela rentabilidade limitada. Essa combina\u00e7\u00e3o de menor oferta e demanda aquecida tem provocado uma escalada nos pre\u00e7os da raiz.\n<\/p>\n<p style=\"text-align:justify\">Segundo dados informados pelo Cepea, os pre\u00e7os superaram R$ 1,00 por grama de amido em muitas negocia\u00e7\u00f5es, o maior valor registrado desde janeiro. Entre os dias 2 e 6 de setembro, o pre\u00e7o nominal m\u00e9dio a prazo da tonelada de <a href=\"https:\/\/www.agrolink.com.br\/culturas\/mandioca\/?utm_source=agrolink-detalhe-noticia&amp;utm_medium=detalhe-noticia&amp;utm_campaign=links-internos\" target=\"_blank\" rel=\"noopener\">mandioca<\/a> entregue \u00e0s fecularias foi de R$ 557,70 (equivalente a R$ 0,9699 por grama de amido), um aumento de 3,9% em rela\u00e7\u00e3o \u00e0 semana anterior.\n<\/p>\n<p style=\"text-align:justify\">Desde o valor m\u00ednimo observado em maio, os pre\u00e7os j\u00e1 subiram 37,3%, embora ainda estejam 10,4% abaixo do mesmo per\u00edodo de 2023.<\/p>\n<\/div>\n<\/div>\n<p><script data-cfasync=\"false\">\n    !function (f, b, e, v, n, t, s) {\n        if (f.fbq) return; n = f.fbq = function () {\n            n.callMethod ?\n                n.callMethod.apply(n, arguments) : n.queue.push(arguments)\n        };\n        if (!f._fbq) f._fbq = n; n.push = n; n.loaded = !0; n.version = '2.0';\n        n.queue = []; t = b.createElement(e); t.async = !0;\n        t.src = v; s = b.getElementsByTagName(e)[0];\n        s.parentNode.insertBefore(t, s)\n    }(window, document, 'script',\n        'https:\/\/connect.facebook.net\/en_US\/fbevents.js');\n    fbq('init', '522546078623747');\n    fbq('track', 'PageView');\n<\/script><br \/>\n<br \/><br \/>\n<br \/><a href=\"https:\/\/www.agrolink.com.br\/noticias\/estiagem-impulsiona-precos-da-mandioca-para-o-maior-patamar-do-ano_494824.html\">Source link <\/a><\/p>\n","protected":false},"excerpt":{"rendered":"<p>Combina\u00e7\u00e3o de menor oferta e demanda aquecida tem provocado uma escalada nos pre\u00e7os Agrolink &#8211; Aline Merladete Publicado em 10\/09\/2024<\/p>\n","protected":false},"author":1,"featured_media":1382,"comment_status":"open","ping_status":"open","sticky":false,"template":"","format":"standard","meta":{"_monsterinsights_skip_tracking":false,"_monsterinsights_sitenote_active":false,"_monsterinsights_sitenote_note":"","_monsterinsights_sitenote_category":0,"_uf_show_specific_survey":0,"_uf_disable_surveys":false,"footnotes":""},"categories":[8,1,14],"tags":[],"class_list":["post-1381","post","type-post","status-publish","format-standard","has-post-thumbnail","hentry","category-agro","category-news","category-politica-agro"],"_links":{"self":[{"href":"https:\/\/agromt.news\/index.php?rest_route=\/wp\/v2\/posts\/1381"}],"collection":[{"href":"https:\/\/agromt.news\/index.php?rest_route=\/wp\/v2\/posts"}],"about":[{"href":"https:\/\/agromt.news\/index.php?rest_route=\/wp\/v2\/types\/post"}],"author":[{"embeddable":true,"href":"https:\/\/agromt.news\/index.php?rest_route=\/wp\/v2\/users\/1"}],"replies":[{"embeddable":true,"href":"https:\/\/agromt.news\/index.php?rest_route=%2Fwp%2Fv2%2Fcomments&post=1381"}],"version-history":[{"count":0,"href":"https:\/\/agromt.news\/index.php?rest_route=\/wp\/v2\/posts\/1381\/revisions"}],"wp:featuredmedia":[{"embeddable":true,"href":"https:\/\/agromt.news\/index.php?rest_route=\/wp\/v2\/media\/1382"}],"wp:attachment":[{"href":"https:\/\/agromt.news\/index.php?rest_route=%2Fwp%2Fv2%2Fmedia&parent=1381"}],"wp:term":[{"taxonomy":"category","embeddable":true,"href":"https:\/\/agromt.news\/index.php?rest_route=%2Fwp%2Fv2%2Fcategories&post=1381"},{"taxonomy":"post_tag","embeddable":true,"href":"https:\/\/agromt.news\/index.php?rest_route=%2Fwp%2Fv2%2Ftags&post=1381"}],"curies":[{"name":"wp","href":"https:\/\/api.w.org\/{rel}","templated":true}]}}