{"id":1368,"date":"2024-09-10T23:15:48","date_gmt":"2024-09-11T03:15:48","guid":{"rendered":"https:\/\/agromt.news\/?p=1368"},"modified":"2024-09-10T23:15:48","modified_gmt":"2024-09-11T03:15:48","slug":"saiba-como-minimizar-os-impactos-da-fumaca-das-queimadas","status":"publish","type":"post","link":"https:\/\/agromt.news\/?p=1368","title":{"rendered":"Saiba como minimizar os impactos da fuma\u00e7a das queimadas"},"content":{"rendered":"<p> <br \/>\n<\/p>\n<div>\n<p style=\"text-align:justify\">Com a intensifica\u00e7\u00e3o das queimadas no Brasil, \u00e9 importante adotar medidas preventivas para evitar a exposi\u00e7\u00e3o \u00e0 fuma\u00e7a, que pode afetar seriamente a sa\u00fade, especialmente de grupos vulner\u00e1veis. Para ajudar a popula\u00e7\u00e3o a enfrentar esses riscos, recomenda\u00e7\u00f5es t\u00eam sido elaboradas para reduzir os danos causados pela inala\u00e7\u00e3o de poluentes liberados pela queima de biomassa.\n<\/p>\n<p style=\"text-align:justify\"><strong>Cuidados para reduzir a exposi\u00e7\u00e3o \u00e0 fuma\u00e7a<\/strong><\/p>\n<p style=\"text-align:justify\">Entre as principais orienta\u00e7\u00f5es, \u00e9 recomendado aumentar a ingest\u00e3o de \u00e1gua e l\u00edquidos, ajudando a manter as vias respirat\u00f3rias \u00famidas e protegidas. Al\u00e9m disso, deve-se priorizar a perman\u00eancia em ambientes fechados e bem vedados, especialmente durante os hor\u00e1rios de maior concentra\u00e7\u00e3o de poluentes. Quando poss\u00edvel, busque locais com ar condicionado e filtros de ar, que ajudam a diminuir a quantidade de part\u00edculas inaladas.\n<\/p>\n<p style=\"text-align:justify\">Al\u00e9m disso, \u00e9 importante\u00a0manter portas e janelas fechadas e evitar atividades f\u00edsicas ao ar livre. Para quem precisa sair de casa, o uso de m\u00e1scaras como N95, PFF2 ou P100 \u00e9 indicado, pois elas oferecem maior prote\u00e7\u00e3o contra as part\u00edculas presentes no ar.\n<\/p>\n<p style=\"text-align:justify\"><strong>Cuidados necess\u00e1rios para evitar a exposi\u00e7\u00e3o \u00e0 fuma\u00e7a das queimadas<\/strong><\/p>\n<ul>\n<li style=\"text-align: justify;\"><strong>Aumente a ingest\u00e3o de l\u00edquidos<\/strong><\/li>\n<\/ul>\n<p style=\"text-align:justify\">Manter as vias respirat\u00f3rias \u00famidas ajuda a proteger contra os poluentes presentes na fuma\u00e7a.<\/p>\n<ul>\n<li><strong>Permane\u00e7a em ambientes fechados<\/strong><\/li>\n<\/ul>\n<p>Fique em locais bem vedados e, quando poss\u00edvel, com ar condicionado e filtros de ar para minimizar a exposi\u00e7\u00e3o.<\/p>\n<ul>\n<li><strong>Feche portas e janelas nos hor\u00e1rios cr\u00edticos<\/strong><\/li>\n<\/ul>\n<p>Evite a entrada de fuma\u00e7a em casa durante os per\u00edodos de maior concentra\u00e7\u00e3o de poluentes no ar.<\/p>\n<ul>\n<li><strong>Evite atividades ao ar livre<\/strong><\/li>\n<\/ul>\n<p>Limite atividades f\u00edsicas fora de casa, especialmente durante os picos de polui\u00e7\u00e3o.<\/p>\n<ul>\n<li><strong>Use m\u00e1scaras adequadas ao sair de casa<\/strong><\/li>\n<\/ul>\n<p>Opte por m\u00e1scaras como N95, PFF2 ou P100 para reduzir a inala\u00e7\u00e3o de part\u00edculas presentes no ar.<\/p>\n<ul>\n<li><strong>Proteja alimentos e objetos de contato com a fuma\u00e7a<\/strong><\/li>\n<\/ul>\n<p>N\u00e3o consuma alimentos ou bebidas que tenham sido expostos a cinzas ou detritos das queimadas.<\/p>\n<ul>\n<li><strong>Grupos de risco devem redobrar cuidados<\/strong><\/li>\n<\/ul>\n<p>Crian\u00e7as, idosos, gestantes e pessoas com problemas respirat\u00f3rios ou card\u00edacos devem prestar aten\u00e7\u00e3o especial aos sintomas e buscar atendimento m\u00e9dico em caso de complica\u00e7\u00f5es.<\/p>\n<ul>\n<li><strong>Mantenha medicamentos \u00e0 m\u00e3o<\/strong><\/li>\n<\/ul>\n<p>Pessoas com condi\u00e7\u00f5es cr\u00f4nicas devem garantir que seus rem\u00e9dios estejam sempre acess\u00edveis e prontos para uso em caso de crise.<\/p>\n<\/div>\n<p><script data-cfasync=\"false\">\n    !function (f, b, e, v, n, t, s) {\n        if (f.fbq) return; n = f.fbq = function () {\n            n.callMethod ?\n                n.callMethod.apply(n, arguments) : n.queue.push(arguments)\n        };\n        if (!f._fbq) f._fbq = n; n.push = n; n.loaded = !0; n.version = '2.0';\n        n.queue = []; t = b.createElement(e); t.async = !0;\n        t.src = v; s = b.getElementsByTagName(e)[0];\n        s.parentNode.insertBefore(t, s)\n    }(window, document, 'script',\n        'https:\/\/connect.facebook.net\/en_US\/fbevents.js');\n    fbq('init', '522546078623747');\n    fbq('track', 'PageView');\n<\/script><br \/>\n<br \/><br \/>\n<br \/><a href=\"https:\/\/www.agrolink.com.br\/noticias\/saiba-como-minimizar-os-impactos-da-fumaca-das-queimadas_494828.html\">Source link <\/a><\/p>\n","protected":false},"excerpt":{"rendered":"<p>Com a intensifica\u00e7\u00e3o das queimadas no Brasil, \u00e9 importante adotar medidas preventivas para evitar a exposi\u00e7\u00e3o \u00e0 fuma\u00e7a, que pode<\/p>\n","protected":false},"author":1,"featured_media":1369,"comment_status":"open","ping_status":"open","sticky":false,"template":"","format":"standard","meta":{"_monsterinsights_skip_tracking":false,"_monsterinsights_sitenote_active":false,"_monsterinsights_sitenote_note":"","_monsterinsights_sitenote_category":0,"_uf_show_specific_survey":0,"_uf_disable_surveys":false,"footnotes":""},"categories":[8,1,14],"tags":[],"class_list":["post-1368","post","type-post","status-publish","format-standard","has-post-thumbnail","hentry","category-agro","category-news","category-politica-agro"],"_links":{"self":[{"href":"https:\/\/agromt.news\/index.php?rest_route=\/wp\/v2\/posts\/1368"}],"collection":[{"href":"https:\/\/agromt.news\/index.php?rest_route=\/wp\/v2\/posts"}],"about":[{"href":"https:\/\/agromt.news\/index.php?rest_route=\/wp\/v2\/types\/post"}],"author":[{"embeddable":true,"href":"https:\/\/agromt.news\/index.php?rest_route=\/wp\/v2\/users\/1"}],"replies":[{"embeddable":true,"href":"https:\/\/agromt.news\/index.php?rest_route=%2Fwp%2Fv2%2Fcomments&post=1368"}],"version-history":[{"count":0,"href":"https:\/\/agromt.news\/index.php?rest_route=\/wp\/v2\/posts\/1368\/revisions"}],"wp:featuredmedia":[{"embeddable":true,"href":"https:\/\/agromt.news\/index.php?rest_route=\/wp\/v2\/media\/1369"}],"wp:attachment":[{"href":"https:\/\/agromt.news\/index.php?rest_route=%2Fwp%2Fv2%2Fmedia&parent=1368"}],"wp:term":[{"taxonomy":"category","embeddable":true,"href":"https:\/\/agromt.news\/index.php?rest_route=%2Fwp%2Fv2%2Fcategories&post=1368"},{"taxonomy":"post_tag","embeddable":true,"href":"https:\/\/agromt.news\/index.php?rest_route=%2Fwp%2Fv2%2Ftags&post=1368"}],"curies":[{"name":"wp","href":"https:\/\/api.w.org\/{rel}","templated":true}]}}