{"id":1365,"date":"2024-09-10T21:21:48","date_gmt":"2024-09-11T01:21:48","guid":{"rendered":"https:\/\/agromt.news\/?p=1365"},"modified":"2024-09-10T21:21:48","modified_gmt":"2024-09-11T01:21:48","slug":"tres-tratores-avaliados-em-r-720-mil-sao-apreendidos-em-fiscalizacao","status":"publish","type":"post","link":"https:\/\/agromt.news\/?p=1365","title":{"rendered":"Tr\u00eas tratores avaliados em R$ 720 mil s\u00e3o apreendidos em fiscaliza\u00e7\u00e3o"},"content":{"rendered":"<p> <br \/>\n<br \/><img decoding=\"async\" src=\"https:\/\/agromt.news\/wp-content\/uploads\/2024\/09\/Tres-tratores-avaliados-em-R-720-mil-sao-apreendidos-em.jpg\" \/><\/p>\n<div>\n<p>\u201cUm caminh\u00e3o prancha carregando tr\u00eas tratores novos oriundos de Len\u00e7\u00f3is Paulista, S\u00e3o Paulo, com destino \u00e0 A\u00e7ail\u00e2ndia, no Maranh\u00e3o, foi retido durante fiscaliza\u00e7\u00e3o conjunta com a equipe itinerante de Bel\u00e9m\u201d, informou o coordenador da unidade, Gustavo Bozola. <\/p>\n<p>Segundo ele, os servidores desconfiaram da veracidade das informa\u00e7\u00f5es contidas na nota fiscal, que informava apenas a remessa da carga para fora do estado e n\u00e3o dizia se era opera\u00e7\u00e3o de venda ou presta\u00e7\u00e3o de servi\u00e7o, o que exige apresenta\u00e7\u00e3o do contrato.<\/p>\n<p>\u201cAl\u00e9m disso, pelas informa\u00e7\u00f5es do documento fiscal, houve quebra de tr\u00e2nsito, que \u00e9 quando a nota fiscal informa um local de destino e a mercadoria vai para outro, porque o destinat\u00e1rio era uma empresa de A\u00e7ail\u00e2ndia no Maranh\u00e3o, e o ve\u00edculo foi parado quando entrava no estado do Par\u00e1\u201d, contou o fiscal de receitas estaduais.<\/p>\n<p>A nota fiscal foi desconsiderada e lavrado Termo de Apreens\u00e3o e Dep\u00f3sito (TAD) no valor de R$ 246.316,95.<\/p>\n<\/div>\n<p><br \/>\n<br \/><a href=\"https:\/\/www.canalrural.com.br\/economia\/tres-tratores-avaliados-em-r-720-mil-sao-apreendidos-em-fiscalizacao\/\">Source link <\/a><\/p>\n","protected":false},"excerpt":{"rendered":"<p>\u201cUm caminh\u00e3o prancha carregando tr\u00eas tratores novos oriundos de Len\u00e7\u00f3is Paulista, S\u00e3o Paulo, com destino \u00e0 A\u00e7ail\u00e2ndia, no Maranh\u00e3o, foi<\/p>\n","protected":false},"author":1,"featured_media":1366,"comment_status":"open","ping_status":"open","sticky":false,"template":"","format":"standard","meta":{"_monsterinsights_skip_tracking":false,"_monsterinsights_sitenote_active":false,"_monsterinsights_sitenote_note":"","_monsterinsights_sitenote_category":0,"_uf_show_specific_survey":0,"_uf_disable_surveys":false,"footnotes":""},"categories":[1],"tags":[],"class_list":["post-1365","post","type-post","status-publish","format-standard","has-post-thumbnail","hentry","category-news"],"_links":{"self":[{"href":"https:\/\/agromt.news\/index.php?rest_route=\/wp\/v2\/posts\/1365"}],"collection":[{"href":"https:\/\/agromt.news\/index.php?rest_route=\/wp\/v2\/posts"}],"about":[{"href":"https:\/\/agromt.news\/index.php?rest_route=\/wp\/v2\/types\/post"}],"author":[{"embeddable":true,"href":"https:\/\/agromt.news\/index.php?rest_route=\/wp\/v2\/users\/1"}],"replies":[{"embeddable":true,"href":"https:\/\/agromt.news\/index.php?rest_route=%2Fwp%2Fv2%2Fcomments&post=1365"}],"version-history":[{"count":0,"href":"https:\/\/agromt.news\/index.php?rest_route=\/wp\/v2\/posts\/1365\/revisions"}],"wp:featuredmedia":[{"embeddable":true,"href":"https:\/\/agromt.news\/index.php?rest_route=\/wp\/v2\/media\/1366"}],"wp:attachment":[{"href":"https:\/\/agromt.news\/index.php?rest_route=%2Fwp%2Fv2%2Fmedia&parent=1365"}],"wp:term":[{"taxonomy":"category","embeddable":true,"href":"https:\/\/agromt.news\/index.php?rest_route=%2Fwp%2Fv2%2Fcategories&post=1365"},{"taxonomy":"post_tag","embeddable":true,"href":"https:\/\/agromt.news\/index.php?rest_route=%2Fwp%2Fv2%2Ftags&post=1365"}],"curies":[{"name":"wp","href":"https:\/\/api.w.org\/{rel}","templated":true}]}}