{"id":1363,"date":"2024-09-10T20:52:08","date_gmt":"2024-09-11T00:52:08","guid":{"rendered":"https:\/\/agromt.news\/?p=1363"},"modified":"2024-09-10T20:52:08","modified_gmt":"2024-09-11T00:52:08","slug":"nao-coloque-todas-as-fichas-na-la-nina","status":"publish","type":"post","link":"https:\/\/agromt.news\/?p=1363","title":{"rendered":"N\u00e3o coloque todas as fichas na La Ni\u00f1a"},"content":{"rendered":"<p> <br \/>\n<\/p>\n<div>\n<p style=\"text-align:justify\">Desde a primeira semana de maio entramos numa condi\u00e7\u00e3o de Neutralidade do fen\u00f4meno El Ni\u00f1o Oscila\u00e7\u00e3o Sul (ENSO). Ou seja, sa\u00edmos de um El Ni\u00f1o, quando as \u00e1guas do oceano pac\u00edfico equatorial est\u00e3o mais aquecidas, com valores superiores \u00e0 +0.5\u00b0C acima da m\u00e9dia hist\u00f3rica, migrando para uma condi\u00e7\u00e3o de temperaturas mais pr\u00f3ximas \u00e0 m\u00e9dia hist\u00f3rica.\n<\/p>\n<p style=\"text-align:justify\">Ao mesmo tempo, praticamente todas as simula\u00e7\u00f5es clim\u00e1ticas vinham indicando uma r\u00e1pida transi\u00e7\u00e3o para o per\u00edodo de La Ni\u00f1a, quando h\u00e1 um resfriamento das \u00e1guas no oceano pac\u00edfico equatorial.<\/p>\n<p style=\"text-align:justify\">Apesar do fen\u00f4meno ser monitorado nesta regi\u00e3o, h\u00e1 altera\u00e7\u00f5es nos regimes de chuva e temperaturas em todos os continentes do globo, inclusive no Brasil. Isso se torna extremamente relevante para o produtor brasileiro, visto que ele deve adequar as pr\u00e1ticas de cultivo de acordo com o regime clim\u00e1tico vigente.<\/p>\n<p style=\"text-align:justify\">De maneira geral, a condi\u00e7\u00e3o de La Ni\u00f1a, entre a primavera e ver\u00e3o, pode ser favor\u00e1vel \u00e0s chuvas no centro-oeste e sudeste, assim como no extremo norte do Brasil. Enquanto que o sul, enfrenta um per\u00edodo com maior restri\u00e7\u00e3o de chuvas.<\/p>\n<p style=\"text-align:center\"><em><img decoding=\"async\" class=\"img-fluid\" src=\"https:\/\/www.agrolink.com.br\/Upload\/noticias\/f8ad7efc649448af9dbf806b94e129a9.jpg\"\/><br \/>O gr\u00e1fico indica os valores observados de anomalia de temperatura na regi\u00e3o de monitoramento desde o final da condi\u00e7\u00e3o de El Ni\u00f1o. Valores entre +0,5 e -0,5\u00b0C s\u00e3o considerados como a condi\u00e7\u00e3o de Neutralidade. Fonte: NOAA.<\/em><\/p>\n<p style=\"text-align:justify\">No entanto, o ritmo em que as \u00e1guas v\u00eam se resfriando est\u00e1 mais lento do que em outras ocasi\u00f5es, contrariando o indicado por algumas proje\u00e7\u00f5es, como por exemplo as simula\u00e7\u00f5es do centro norte americano.<\/p>\n<p style=\"text-align:justify\">\u00a0<\/p>\n<p style=\"text-align:center\"><img decoding=\"async\" class=\"img-fluid\" src=\"https:\/\/www.agrolink.com.br\/Upload\/noticias\/1e25695076724deebf459c3ee112025e.jpg\"\/><br \/><em>Previs\u00e3o para as anomalias de temperatura da superf\u00edcie do mar na regi\u00e3o do Ni\u00f1o3.4 do centro Americano. Fonte: NCEP\/NOAA<\/em><\/p>\n<p style=\"text-align:justify\">Por outro lado, o centro Australiano, indica um cen\u00e1rio mais conservador e com menores condi\u00e7\u00f5es para o surgimento da La Ni\u00f1a. Enquanto a simula\u00e7\u00e3o dos EUA indica at\u00e9 66% de chances para a entrada de uma La Ni\u00f1a, a simula\u00e7\u00e3o dos australianos indica uma possibilidade de no m\u00e1ximo 15% para a configura\u00e7\u00e3o desta La Ni\u00f1a.<\/p>\n<p style=\"text-align:center\"><img decoding=\"async\" class=\"img-fluid\" src=\"https:\/\/www.agrolink.com.br\/Upload\/noticias\/a3f967475a484c169eb9b38f68631d09.jpg\"\/><br \/><em>Previs\u00e3o para as anomalias de temperatura da superf\u00edcie do mar na regi\u00e3o do Ni\u00f1o3.4 do Australiano. Fonte: BOM<\/em><\/p>\n<p style=\"text-align:justify\">O gr\u00e1fico da previs\u00e3o por conjunto do Centro Europeu, na regi\u00e3o NINO3.4, mostra um decl\u00ednio gradual das anomalias, indicando uma tend\u00eancia para condi\u00e7\u00f5es de La Ni\u00f1a.<\/p>\n<p style=\"text-align:center\"><img decoding=\"async\" class=\"img-fluid\" src=\"https:\/\/www.agrolink.com.br\/Upload\/noticias\/06949756829346239582f62129d9922d.jpg\"\/><br \/><em>Previs\u00e3o por conjunto para as anomalias de temperatura da superf\u00edcie do mar, na regi\u00e3o do Ni\u00f1o3.4, das simula\u00e7\u00f5es realizadas pelo Centro Europeu. Fonte: ECMWF<\/em><\/p>\n<p style=\"text-align:justify\">Embora a maior parte das previs\u00f5es apontem para a manuten\u00e7\u00e3o de anomalias negativas, a intensidade parece ser relativamente fraca, sugerindo que, se uma La Ni\u00f1a se desenvolver, ela poder\u00e1 ser de curta dura\u00e7\u00e3o e de fraca intensidade. Isso pode impactar a distribui\u00e7\u00e3o de chuvas e a temperatura em algumas regi\u00f5es agr\u00edcolas do Brasil, mas sem o impacto severo de uma La Ni\u00f1a forte e prolongada.<\/p>\n<p style=\"text-align:justify\">Al\u00e9m disso, ao final de ambas as proje\u00e7\u00f5es, caminham para a retomada da Neutralidade nos meses de ver\u00e3o. Sendo que o modelo Australiano, mant\u00e9m as condi\u00e7\u00f5es mais prop\u00edcias para neutralidade durante todo o horizonte de previs\u00e3o, enquanto que a simula\u00e7\u00e3o norte americana indica os valores acima de -0.5\u00b0C a partir do trimestre de Janeiro, Fevereiro e Mar\u00e7o, com alguns membros indicando at\u00e9 mesmo a possibilidade da retomada de um El Nino, no final do horizonte de previs\u00e3o, que coincide com o final da safra de ver\u00e3o no Brasil.\n<\/p>\n<p style=\"text-align:justify\">Portanto, apostar fortemente nas condi\u00e7\u00f5es de La Ni\u00f1a nesta Safra de 2024\/25 pode n\u00e3o ser a estrat\u00e9gia mais adequada.<\/p>\n<p style=\"text-align:justify\">Vale ressaltar que a maioria das proje\u00e7\u00f5es de longo prazo indicam um quadro de chuvas mais irregulares em grande parte do Brasil, com temperaturas significativamente acima da m\u00e9dia. Ainda que as temperaturas n\u00e3o sejam t\u00e3o extremas quanto as registradas no decorrer da safra de 2023\/24.<\/p>\n<h2 style=\"text-align:justify\">Poss\u00edveis Impactos Clim\u00e1ticos no Plantio da Soja:<\/h2>\n<h3 style=\"text-align:justify\">Distribui\u00e7\u00e3o Irregular das Chuvas:<\/h3>\n<ul>\n<li style=\"text-align: justify;\">O cen\u00e1rio de neutralidade clim\u00e1tica, com possibilidade de La Ni\u00f1a ainda incerta, pode resultar em chuvas irregulares, sobretudo no in\u00edcio da primavera (setembro\/outubro), que \u00e9 justamente o per\u00edodo de plantio da soja nas principais regi\u00f5es produtoras. Esta irregularidade pode comprometer a germina\u00e7\u00e3o e emerg\u00eancia das pl\u00e2ntulas, e o estande das lavouras.<\/li>\n<li style=\"text-align: justify;\">Para as regi\u00f5es do Centro-Oeste e Sudeste, historicamente beneficiadas por La Ni\u00f1a com chuvas mais frequentes, a neutralidade pode gerar um padr\u00e3o de chuvas menos previs\u00edvel. O agricultor deve estar atento ao monitoramento de curto prazo e localizado, se necess\u00e1rio, ajustar as opera\u00e7\u00f5es de plantio, talvez postergando o in\u00edcio para garantir que a umidade do solo seja adequada.<\/li>\n<li style=\"text-align: justify;\">J\u00e1 no Sul do Brasil, que enfrenta maior risco de d\u00e9ficit h\u00eddrico sob condi\u00e7\u00f5es de La Ni\u00f1a, a recomenda\u00e7\u00e3o \u00e9 adotar pr\u00e1ticas conservacionistas de manejo do solo, como o plantio direto, para otimizar a reten\u00e7\u00e3o de \u00e1gua e minimizar o impacto de uma poss\u00edvel estiagem durante o ciclo inicial da soja.<\/li>\n<\/ul>\n<h3 style=\"text-align:justify\">Temperaturas Elevadas:<\/h3>\n<ul>\n<li style=\"text-align: justify;\">Outro ponto de aten\u00e7\u00e3o \u00e9 a expectativa de temperaturas acima da m\u00e9dia, ainda que n\u00e3o t\u00e3o extremas quanto as da safra anterior (2023\/24). Temperaturas elevadas podem acelerar o desenvolvimento fenol\u00f3gico da soja, diminuindo o ciclo vegetativo e comprometendo o enchimento de gr\u00e3os em fases subsequentes.<\/li>\n<li style=\"text-align: justify;\">Para mitigar o impacto do calor excessivo, a aduba\u00e7\u00e3o equilibrada com foco em melhorar a resist\u00eancia fisiol\u00f3gica das plantas ao estresse t\u00e9rmico, bem como a escolha de variedades adaptadas a condi\u00e7\u00f5es de maior temperatura, s\u00e3o estrat\u00e9gias importantes.<\/li>\n<\/ul>\n<h3 style=\"text-align:justify\">Janelas de Plantio:<\/h3>\n<ul>\n<li style=\"text-align: justify;\">Dada a incerteza clim\u00e1tica, os produtores devem considerar o escalonamento do plantio, dividindo a semeadura em diferentes per\u00edodos, o que reduz o risco de perda total em caso de per\u00edodos prolongados de estiagem ou chuvas excessivas.<\/li>\n<li style=\"text-align: justify;\">Al\u00e9m disso, a escolha de cultivares de ciclo precoce ou m\u00e9dio pode ser ben\u00e9fica em regi\u00f5es onde o regime de chuvas for mais irregular, permitindo que a soja complete seu ciclo antes que uma poss\u00edvel seca afete a fase reprodutiva.<\/li>\n<\/ul>\n<h3 style=\"text-align:justify\">Qualidade da Semeadura:<\/h3>\n<ul>\n<li style=\"text-align: justify;\">Devido \u00e0 incerteza clim\u00e1tica, uma boa prepara\u00e7\u00e3o do solo e uma semeadura de precis\u00e3o s\u00e3o fundamentais para garantir uma popula\u00e7\u00e3o adequada de plantas. Condi\u00e7\u00f5es de solo com boa reten\u00e7\u00e3o de umidade e sem compacta\u00e7\u00e3o podem ajudar a superar eventuais falhas na emerg\u00eancia devido \u00e0 irregularidade das chuvas.<\/li>\n<\/ul>\n<h2>Recomenda\u00e7\u00f5es B\u00e1sicas para Mitiga\u00e7\u00e3o de Riscos:<\/h2>\n<h3>Manejo Integrado de Pragas e Doen\u00e7as (MIP):<\/h3>\n<ul>\n<li>Sob um cen\u00e1rio clim\u00e1tico mais quente, o desenvolvimento de pragas e doen\u00e7as pode ser favorecido. Condi\u00e7\u00f5es de temperatura acima da m\u00e9dia e per\u00edodos de estresse h\u00eddrico podem aumentar a press\u00e3o de pragas como a lagarta-da-soja (Anticarsia gemmatalis) e o percevejo-marrom (Euschistus heros), exigindo monitoramento constante e aplica\u00e7\u00e3o estrat\u00e9gica de defensivos.<\/li>\n<\/ul>\n<h3>Plantio Direto e Manejo de Palhada:<\/h3>\n<ul>\n<li>O sistema de plantio direto contribui para a manuten\u00e7\u00e3o da umidade no solo, aspecto crucial em condi\u00e7\u00f5es de chuvas irregulares ou escassas. A presen\u00e7a de palhada pode ajudar a minimizar as perdas de \u00e1gua por evapora\u00e7\u00e3o, al\u00e9m de melhorar a estrutura do solo para o desenvolvimento das ra\u00edzes.<\/li>\n<\/ul>\n<h3>Uso de Cultivares Tolerantes:<\/h3>\n<ul>\n<li style=\"text-align: justify;\">A escolha de cultivares tolerantes ao estresse h\u00eddrico e t\u00e9rmico \u00e9 uma pr\u00e1tica cada vez mais recomendada, especialmente em regi\u00f5es mais vulner\u00e1veis a per\u00edodos de seca, como o Sul do Brasil durante as condi\u00e7\u00f5es de La Ni\u00f1a.<\/li>\n<\/ul>\n<\/div>\n<p><script data-cfasync=\"false\">\n    !function (f, b, e, v, n, t, s) {\n        if (f.fbq) return; n = f.fbq = function () {\n            n.callMethod ?\n                n.callMethod.apply(n, arguments) : n.queue.push(arguments)\n        };\n        if (!f._fbq) f._fbq = n; n.push = n; n.loaded = !0; n.version = '2.0';\n        n.queue = []; t = b.createElement(e); t.async = !0;\n        t.src = v; s = b.getElementsByTagName(e)[0];\n        s.parentNode.insertBefore(t, s)\n    }(window, document, 'script',\n        'https:\/\/connect.facebook.net\/en_US\/fbevents.js');\n    fbq('init', '522546078623747');\n    fbq('track', 'PageView');\n<\/script><br \/>\n<br \/><br \/>\n<br \/><a href=\"https:\/\/www.agrolink.com.br\/noticias\/nao-coloque-todas-as-fichas-na-la-nina_494829.html\">Source link <\/a><\/p>\n","protected":false},"excerpt":{"rendered":"<p>Desde a primeira semana de maio entramos numa condi\u00e7\u00e3o de Neutralidade do fen\u00f4meno El Ni\u00f1o Oscila\u00e7\u00e3o Sul (ENSO). Ou seja,<\/p>\n","protected":false},"author":1,"featured_media":1364,"comment_status":"open","ping_status":"open","sticky":false,"template":"","format":"standard","meta":{"_monsterinsights_skip_tracking":false,"_monsterinsights_sitenote_active":false,"_monsterinsights_sitenote_note":"","_monsterinsights_sitenote_category":0,"_uf_show_specific_survey":0,"_uf_disable_surveys":false,"footnotes":""},"categories":[8,1,14],"tags":[],"class_list":["post-1363","post","type-post","status-publish","format-standard","has-post-thumbnail","hentry","category-agro","category-news","category-politica-agro"],"_links":{"self":[{"href":"https:\/\/agromt.news\/index.php?rest_route=\/wp\/v2\/posts\/1363"}],"collection":[{"href":"https:\/\/agromt.news\/index.php?rest_route=\/wp\/v2\/posts"}],"about":[{"href":"https:\/\/agromt.news\/index.php?rest_route=\/wp\/v2\/types\/post"}],"author":[{"embeddable":true,"href":"https:\/\/agromt.news\/index.php?rest_route=\/wp\/v2\/users\/1"}],"replies":[{"embeddable":true,"href":"https:\/\/agromt.news\/index.php?rest_route=%2Fwp%2Fv2%2Fcomments&post=1363"}],"version-history":[{"count":0,"href":"https:\/\/agromt.news\/index.php?rest_route=\/wp\/v2\/posts\/1363\/revisions"}],"wp:featuredmedia":[{"embeddable":true,"href":"https:\/\/agromt.news\/index.php?rest_route=\/wp\/v2\/media\/1364"}],"wp:attachment":[{"href":"https:\/\/agromt.news\/index.php?rest_route=%2Fwp%2Fv2%2Fmedia&parent=1363"}],"wp:term":[{"taxonomy":"category","embeddable":true,"href":"https:\/\/agromt.news\/index.php?rest_route=%2Fwp%2Fv2%2Fcategories&post=1363"},{"taxonomy":"post_tag","embeddable":true,"href":"https:\/\/agromt.news\/index.php?rest_route=%2Fwp%2Fv2%2Ftags&post=1363"}],"curies":[{"name":"wp","href":"https:\/\/api.w.org\/{rel}","templated":true}]}}