{"id":1361,"date":"2024-09-10T20:24:46","date_gmt":"2024-09-11T00:24:46","guid":{"rendered":"https:\/\/agromt.news\/?p=1361"},"modified":"2024-09-10T20:24:46","modified_gmt":"2024-09-11T00:24:46","slug":"producao-e-preservacao-sao-complementares-diz-favaro","status":"publish","type":"post","link":"https:\/\/agromt.news\/?p=1361","title":{"rendered":"Produ\u00e7\u00e3o e preserva\u00e7\u00e3o s\u00e3o complementares, diz F\u00e1varo"},"content":{"rendered":"<p> <br \/>\n<br \/><img decoding=\"async\" src=\"https:\/\/agromt.news\/wp-content\/uploads\/2024\/09\/Producao-e-preservacao-sao-complementares-diz-Favaro.jpeg\" \/><\/p>\n<div>\n<p>\u201cN\u00e3o h\u00e1 diverg\u00eancia entre produzir e preservar. S\u00e3o complementares\u201d. A declara\u00e7\u00e3o \u00e9 do ministro da Agricultura e Pecu\u00e1ria <strong><a href=\"https:\/\/www.gov.br\/agricultura\/pt-br\">(Mapa)<\/a><\/strong>, Carlos F\u00e1varo. <\/p>\n<p>Segundo ele, essa \u00e9 uma das bases do texto que ser\u00e1 deliberado durante o encontro do grupo de trabalho da agricultura do G20, realizado no estado de Mato Grosso durante esta semana.<\/p>\n<\/div>\n<div>\n<p>A reuni\u00e3o do G20 Agro entre os dias 10 e 13 de setembro em Chapada dos Guimar\u00e3es re\u00fane ministros da Agricultura dos 20 pa\u00edses que fazem parte do grupo, al\u00e9m da rec\u00e9m-integrada Uni\u00e3o Africana, al\u00e9m de representantes de delega\u00e7\u00f5es e organismos internacionais convidados.<\/p>\n<p>\u201cAt\u00e9 pouco tempo atr\u00e1s t\u00ednhamos discursos antagonistas entre produzir e preservar. E fica mais do que provado: essa \u00e9 uma das maiores miss\u00f5es que quero deixar \u00e0 frente do Minist\u00e9rio da Agricultura, a de que n\u00e3o h\u00e1 diverg\u00eancia entre produzir e preservar\u201d, disse F\u00e1varo.<\/p>\n<p>De acordo com o ministro, ningu\u00e9m consegue produzir \u201cmesmo sabendo lidar com a terra, tendo sementes, equipamentos, m\u00e1quinas, gen\u00e9tica de \u00faltima gera\u00e7\u00e3o, se n\u00e3o tiver clima favor\u00e1vel, chuva e sol na medida certa\u201d.<\/p>\n<h2 class=\"wp-block-heading\" id=\"h-abertura-de-mercados\">Abertura de mercados<\/h2>\n<p>Nos \u00faltimos 20 meses, o Brasil conquistou 184 <strong><a href=\"https:\/\/www.canalrural.com.br\/agricultura\/mapa-anuncia-abertura-de-mercado-no-marrocos-para-graos-secos-destilados\/\">novos mercados para os produtos agropecu\u00e1rios<\/a><\/strong>, entre eles o M\u00e9xico para carne bovina e su\u00edna, negocia\u00e7\u00e3o que, conforme F\u00e1varo, se arrastava h\u00e1 20 anos.<\/p>\n<p>Na opini\u00e3o do ministro do Mapa, a realiza\u00e7\u00e3o do G20 no Brasil e da COP 30 no Par\u00e1 em 2025, mostram que o pa\u00eds voltou a ser protagonista nas rela\u00e7\u00f5es internacionais. \u201cCome\u00e7amos a colher os frutos dessas boas rela\u00e7\u00f5es\u201d.<\/p>\n<\/div>\n<p><br \/>\n<br \/><a href=\"https:\/\/www.canalrural.com.br\/agricultura\/producao-e-preservacao-sao-complementares-diz-favaro\/\">Source link <\/a><\/p>\n","protected":false},"excerpt":{"rendered":"<p>\u201cN\u00e3o h\u00e1 diverg\u00eancia entre produzir e preservar. S\u00e3o complementares\u201d. A declara\u00e7\u00e3o \u00e9 do ministro da Agricultura e Pecu\u00e1ria (Mapa), Carlos<\/p>\n","protected":false},"author":1,"featured_media":1362,"comment_status":"open","ping_status":"open","sticky":false,"template":"","format":"standard","meta":{"_monsterinsights_skip_tracking":false,"_monsterinsights_sitenote_active":false,"_monsterinsights_sitenote_note":"","_monsterinsights_sitenote_category":0,"_uf_show_specific_survey":0,"_uf_disable_surveys":false,"footnotes":""},"categories":[1],"tags":[],"class_list":["post-1361","post","type-post","status-publish","format-standard","has-post-thumbnail","hentry","category-news"],"_links":{"self":[{"href":"https:\/\/agromt.news\/index.php?rest_route=\/wp\/v2\/posts\/1361"}],"collection":[{"href":"https:\/\/agromt.news\/index.php?rest_route=\/wp\/v2\/posts"}],"about":[{"href":"https:\/\/agromt.news\/index.php?rest_route=\/wp\/v2\/types\/post"}],"author":[{"embeddable":true,"href":"https:\/\/agromt.news\/index.php?rest_route=\/wp\/v2\/users\/1"}],"replies":[{"embeddable":true,"href":"https:\/\/agromt.news\/index.php?rest_route=%2Fwp%2Fv2%2Fcomments&post=1361"}],"version-history":[{"count":0,"href":"https:\/\/agromt.news\/index.php?rest_route=\/wp\/v2\/posts\/1361\/revisions"}],"wp:featuredmedia":[{"embeddable":true,"href":"https:\/\/agromt.news\/index.php?rest_route=\/wp\/v2\/media\/1362"}],"wp:attachment":[{"href":"https:\/\/agromt.news\/index.php?rest_route=%2Fwp%2Fv2%2Fmedia&parent=1361"}],"wp:term":[{"taxonomy":"category","embeddable":true,"href":"https:\/\/agromt.news\/index.php?rest_route=%2Fwp%2Fv2%2Fcategories&post=1361"},{"taxonomy":"post_tag","embeddable":true,"href":"https:\/\/agromt.news\/index.php?rest_route=%2Fwp%2Fv2%2Ftags&post=1361"}],"curies":[{"name":"wp","href":"https:\/\/api.w.org\/{rel}","templated":true}]}}