{"id":1353,"date":"2024-09-10T18:47:01","date_gmt":"2024-09-10T22:47:01","guid":{"rendered":"https:\/\/agromt.news\/?p=1353"},"modified":"2024-09-10T18:47:01","modified_gmt":"2024-09-10T22:47:01","slug":"seca-do-rio-madeira-pode-se-agravar-ainda-mais-aponta-sgb","status":"publish","type":"post","link":"https:\/\/agromt.news\/?p=1353","title":{"rendered":"Seca do Rio Madeira pode se agravar ainda mais, aponta SGB"},"content":{"rendered":"<p> <br \/>\n<br \/><img decoding=\"async\" src=\"https:\/\/agromt.news\/wp-content\/uploads\/2024\/09\/Seca-do-Rio-Madeira-pode-se-agravar-ainda-mais-aponta.jpg\" \/><\/p>\n<div>\n<p>Sem previs\u00f5es para um volume significativo de chuvas na Amaz\u00f4nia, o Rio Madeira continua batendo recordes no registro dos n\u00edveis mais baixos da cota da s\u00e9rie hist\u00f3rica do Servi\u00e7o Geol\u00f3gico do Brasil <strong><a href=\"https:\/\/www.sgb.gov.br\/\">(SGB)<\/a><\/strong>. <\/p>\n<p>Desde a \u00faltima semana, a cota j\u00e1 havia superado a m\u00ednima registrada em 2023, de 1,10 metro e, na manh\u00e3 desta ter\u00e7a-feira (10), a medi\u00e7\u00e3o na esta\u00e7\u00e3o de <strong><a href=\"https:\/\/www.canalrural.com.br\/agricultura\/rondonia-declara-situacao-de-emergencia-por-incendios-florestais\/\">Porto Velho<\/a><\/strong> atingiu <strong>71 cent\u00edmetros<\/strong>, a menor registrada desde 1967.<\/p>\n<p>De acordo com o engenheiro hidr\u00f3logo do SGB Guilherme Cardoso, a maior preocupa\u00e7\u00e3o do momento \u00e9 o prolongamento do per\u00edodo de estiagem, como ocorreu em 2023, quando somente no final de outubro as chuvas foram significativas.<\/p>\n<\/div>\n<div>\n<p>\u201cOs modelos de previs\u00e3o do GFS [<em>Global Forecast System<\/em>, do Servi\u00e7o Nacional de Meteorologia dos Estados Unidos] n\u00e3o apresentam chuvas significativas para os pr\u00f3ximos 15 dias\u201d, informou Cardoso.<\/p>\n<h2 class=\"wp-block-heading\" id=\"h-proximos-tres-meses\">Pr\u00f3ximos tr\u00eas meses<\/h2>\n<p>As proje\u00e7\u00f5es para os pr\u00f3ximos tr\u00eas meses tamb\u00e9m n\u00e3o apresentam volumes de chuva significativos e, segundo Cardoso, isso desenha um cen\u00e1rio de seca semelhante ao de 2023, mas agravado pela antecipa\u00e7\u00e3o da vazante do Rio Madeira.<\/p>\n<p>\u201cEsse atraso [nas chuvas] vai fazer com que a gente tenha um per\u00edodo de estiagem muito maior do que estamos acostumados porque a gente j\u00e1 come\u00e7ou a observar n\u00edveis muito baixos em julho, em n\u00edveis que normalmente s\u00f3 ocorrem antes do final de setembro\u201d, explica.<\/p>\n<p>Apesar da ado\u00e7\u00e3o de medidas como a suspens\u00e3o da navega\u00e7\u00e3o no per\u00edodo noturno, desde o dia 11 de julho, e a declara\u00e7\u00e3o de escassez h\u00eddrica pela Ag\u00eancia Nacional de \u00c1guas e Saneamento B\u00e1sico (ANA), no final do mesmo m\u00eas, a popula\u00e7\u00e3o da regi\u00e3o ainda enfrenta dificuldades como o isolamento de algumas comunidades.<\/p>\n<p>De acordo com o Departamento Nacional de Infraestrutura de Transportes (DNIT), o plano de manuten\u00e7\u00e3o aquavi\u00e1ria da hidrovia do Rio Madeira j\u00e1 prev\u00ea cronograma de dragagens regulares para evitar a interrup\u00e7\u00e3o por completo de trechos do rio.<\/p>\n<p>Cardoso explica que, apesar da cota do Rio Madeira j\u00e1 ter atingido n\u00edveis muito baixos, at\u00e9 esta semana a vaz\u00e3o do rio ainda n\u00e3o foi impactada de forma cr\u00edtica.<\/p>\n<p>\u201cNesses termos, a gente ainda tem uma vaz\u00e3o \u00fatil bem significativa. Na quinta-feira da semana passada, n\u00f3s fizemos uma medi\u00e7\u00e3o de vaz\u00e3o e medimos <strong>2.800 metros c\u00fabicos<\/strong> por segundo, que \u00e9 uma vaz\u00e3o bastante representativa\u201d, disse.<\/p>\n<h2 class=\"wp-block-heading\" id=\"h-seca-prolongada\">Seca prolongada<\/h2>\n<p>De acordo com o engenheiro, com a seca prolongada, a tend\u00eancia \u00e9 que a vaz\u00e3o tamb\u00e9m seja impactada, podendo chegar ao ponto de interromper a gera\u00e7\u00e3o de energia el\u00e9trica nas usinas hidrel\u00e9tricas de Jirau e Santo Ant\u00f4nio, ambas em Rond\u00f4nia. <\/p>\n<p>Em 2023, as duas unidades, que t\u00eam capacidade instalada de 3.750 Megawatts (MW) e 3.568 MW, respectivamente, foram desligadas em outubro, ap\u00f3s a queda de 50% na vaz\u00e3o do Rio Madeira.<\/p>\n<p>\u201cHoje a opera\u00e7\u00e3o dessas hidrel\u00e9tricas j\u00e1 est\u00e1 com muita restri\u00e7\u00e3o. Daqui a pouco pode haver uma parada, e n\u00e3o conseguir\u00e3o ter a capacidade de gerar energia. E a\u00ed a gente come\u00e7a a ver, n\u00e3o s\u00f3 um cen\u00e1rio de escassez h\u00eddrica, como de restri\u00e7\u00e3o energ\u00e9tica\u201d, disse Guilherme Cardoso.<\/p>\n<h2 class=\"wp-block-heading\" id=\"h-capacidade-reduzida\">Capacidade reduzida<\/h2>\n<p>O Operador Nacional do Sistema El\u00e9trico (ONS) informou por meio de nota que desde o dia 3, sete unidades geradoras da UHE de Santo Ant\u00f4nio est\u00e3o em funcionamento com uma capacidade de apenas 490 MW. <\/p>\n<p>A capacidade da UHE de Jirau tamb\u00e9m foi reduzida a opera\u00e7\u00e3o de dez unidades geradoras, com capacidade de 260 MW. O operador descartou qualquer risco de inseguran\u00e7a energ\u00e9tica.<\/p>\n<p>\u201cA aflu\u00eancia abaixo da m\u00e9dia vem sendo um ponto de aten\u00e7\u00e3o desde dezembro de 2023. Por\u00e9m, cabe ressaltar que o Sistema Interligado Nacional disp\u00f5e de recursos suficientes para atender as demandas de carga e pot\u00eancia da sociedade\u201d, diz o ONS.<\/p>\n<\/div>\n<p><br \/>\n<br \/><a href=\"https:\/\/www.canalrural.com.br\/nacional\/seca-do-rio-madeira-pode-se-agravar-ainda-mais-aponta-sgb\/\">Source link <\/a><\/p>\n","protected":false},"excerpt":{"rendered":"<p>Sem previs\u00f5es para um volume significativo de chuvas na Amaz\u00f4nia, o Rio Madeira continua batendo recordes no registro dos n\u00edveis<\/p>\n","protected":false},"author":1,"featured_media":1354,"comment_status":"open","ping_status":"open","sticky":false,"template":"","format":"standard","meta":{"_monsterinsights_skip_tracking":false,"_monsterinsights_sitenote_active":false,"_monsterinsights_sitenote_note":"","_monsterinsights_sitenote_category":0,"_uf_show_specific_survey":0,"_uf_disable_surveys":false,"footnotes":""},"categories":[1],"tags":[],"class_list":["post-1353","post","type-post","status-publish","format-standard","has-post-thumbnail","hentry","category-news"],"_links":{"self":[{"href":"https:\/\/agromt.news\/index.php?rest_route=\/wp\/v2\/posts\/1353"}],"collection":[{"href":"https:\/\/agromt.news\/index.php?rest_route=\/wp\/v2\/posts"}],"about":[{"href":"https:\/\/agromt.news\/index.php?rest_route=\/wp\/v2\/types\/post"}],"author":[{"embeddable":true,"href":"https:\/\/agromt.news\/index.php?rest_route=\/wp\/v2\/users\/1"}],"replies":[{"embeddable":true,"href":"https:\/\/agromt.news\/index.php?rest_route=%2Fwp%2Fv2%2Fcomments&post=1353"}],"version-history":[{"count":0,"href":"https:\/\/agromt.news\/index.php?rest_route=\/wp\/v2\/posts\/1353\/revisions"}],"wp:featuredmedia":[{"embeddable":true,"href":"https:\/\/agromt.news\/index.php?rest_route=\/wp\/v2\/media\/1354"}],"wp:attachment":[{"href":"https:\/\/agromt.news\/index.php?rest_route=%2Fwp%2Fv2%2Fmedia&parent=1353"}],"wp:term":[{"taxonomy":"category","embeddable":true,"href":"https:\/\/agromt.news\/index.php?rest_route=%2Fwp%2Fv2%2Fcategories&post=1353"},{"taxonomy":"post_tag","embeddable":true,"href":"https:\/\/agromt.news\/index.php?rest_route=%2Fwp%2Fv2%2Ftags&post=1353"}],"curies":[{"name":"wp","href":"https:\/\/api.w.org\/{rel}","templated":true}]}}