{"id":1351,"date":"2024-09-10T18:23:00","date_gmt":"2024-09-10T22:23:00","guid":{"rendered":"https:\/\/agromt.news\/?p=1351"},"modified":"2024-09-10T18:23:00","modified_gmt":"2024-09-10T22:23:00","slug":"incendios-devastam-fazendas-e-maquinario-em-mato-grosso","status":"publish","type":"post","link":"https:\/\/agromt.news\/?p=1351","title":{"rendered":"inc\u00eandios devastam fazendas e maquin\u00e1rio em Mato Grosso"},"content":{"rendered":"<p> <br \/>\n<br \/><img decoding=\"async\" src=\"https:\/\/agromt.news\/wp-content\/uploads\/2024\/09\/incendios-devastam-fazendas-e-maquinario-em-Mato-Grosso.jpg\" \/><\/p>\n<div>\n<figure class=\"wp-block-embed is-type-video is-provider-youtube wp-block-embed-youtube wp-embed-aspect-16-9 wp-has-aspect-ratio\">\n<p>\n<iframe title=\"Preju\u00edzo milion\u00e1rio: inc\u00eandios destroem fazendas e maquin\u00e1rio em Mato Grosso\" width=\"800\" height=\"450\" src=\"https:\/\/www.youtube.com\/embed\/9DNx1L720Rk?feature=oembed\" frameborder=\"0\" allow=\"accelerometer; autoplay; clipboard-write; encrypted-media; gyroscope; picture-in-picture; web-share\" referrerpolicy=\"strict-origin-when-cross-origin\" allowfullscreen><\/iframe><noscript><iframe title=\"Preju\u00edzo milion\u00e1rio: inc\u00eandios destroem fazendas e maquin\u00e1rio em Mato Grosso\" width=\"800\" height=\"450\" src=\"https:\/\/www.youtube.com\/embed\/9DNx1L720Rk?feature=oembed\" frameborder=\"0\" allow=\"accelerometer; autoplay; clipboard-write; encrypted-media; gyroscope; picture-in-picture; web-share\" referrerpolicy=\"strict-origin-when-cross-origin\" allowfullscreen><\/iframe><\/noscript>\n<\/p>\n<\/figure>\n<p><strong>Mato Grosso<\/strong> registrou mais de 2 mil focos de inc\u00eandio nas \u00faltimas 24 horas, de acordo com o Sistema de Queimadas do Instituto Nacional de Pesquisas Espaciais (<strong><a href=\"https:\/\/www.canalrural.com.br\/tag\/inpe\/\">Inpe<\/a><\/strong>). O fogo avan\u00e7a rapidamente pelas fazendas, destruindo \u00e1reas de palhada, um trator e duas carretas na rodovia MT-140, que liga Santa Rita do Trivelato a Planalto da Serra. Um dos motoristas, com queimaduras graves em 70% do corpo, infelizmente n\u00e3o resistiu aos ferimentos.<\/p>\n<p><em>Confira na palma da m\u00e3o informa\u00e7\u00f5es quentes sobre agricultura, pecu\u00e1ria, economia e previs\u00e3o do tempo:<\/em><a href=\"https:\/\/www.whatsapp.com\/channel\/0029Va9VnZxGk1FplZjiW43k\"><em> <\/em><strong>siga o Canal Rural no WhatsApp<\/strong><\/a>!<\/p>\n<p>Propriet\u00e1rios, colaboradores e vizinhos da Fazenda Morada da Serra uniram for\u00e7as para tentar conter as chamas e minimizar os preju\u00edzos. Vandir Matschinske, agricultor da regi\u00e3o, lamentou as perdas. \u201c<em>Queimou mais de 250 hectares s\u00f3 da minha propriedade. Estamos \u00e0 beira de come\u00e7ar uma nova safra, com o adubo j\u00e1 aplicado, e agora n\u00e3o sabemos o que fazer. \u00c9 um grande preju\u00edzo<\/em>\u201c, disse ele, suspeitando que o fogo tenha sido iniciado por neglig\u00eancia externa, possivelmente de uma bituca de cigarro jogada por um ve\u00edculo.<\/p>\n<\/div>\n<div>\n<p>O consultor agron\u00f4mico Taimon Semler alertou que as perdas n\u00e3o se limitam \u00e0s planta\u00e7\u00f5es e ao maquin\u00e1rio. \u201c<em>Um inc\u00eandio como esse pode comprometer o solo, afetando a microbiota e a mat\u00e9ria org\u00e2nica acumulada ao longo de d\u00e9cadas. A perda pode chegar a 15 sacas por hectare, dependendo da intensidade do fogo e das condi\u00e7\u00f5es do solo<\/em>.\u201d<\/p>\n<p>Enquanto as autoridades e os produtores continuam a combater o fogo, o prefeito de Santa Rita do Trivelato, Egon Hoepers, destacou o desafio crescente dos inc\u00eandios. \u201c<em>Estamos lutando contra o fogo h\u00e1 mais de 15 dias. Com os ventos fortes, ele se espalha muito r\u00e1pido, e \u00e9 dif\u00edcil control\u00e1-lo. Temos mais de cem m\u00e1quinas trabalhando, e j\u00e1 estamos nos preparando para lidar com situa\u00e7\u00f5es como essa no futuro<\/em>.\u201d<\/p>\n<p>O inc\u00eandio nas \u00e1reas rurais de Mato Grosso n\u00e3o s\u00f3 causa preju\u00edzos milion\u00e1rios aos produtores como tamb\u00e9m amea\u00e7a a fauna local e compromete o futuro das colheitas e da sustentabilidade do solo.<\/p>\n<\/div>\n<p><br \/>\n<br \/><a href=\"https:\/\/www.canalrural.com.br\/agricultura\/prejuizo-milionario-incendios-devastam-fazendas-e-maquinario-em-mato-grosso\/\">Source link <\/a><\/p>\n","protected":false},"excerpt":{"rendered":"<p>Mato Grosso registrou mais de 2 mil focos de inc\u00eandio nas \u00faltimas 24 horas, de acordo com o Sistema de<\/p>\n","protected":false},"author":1,"featured_media":1352,"comment_status":"open","ping_status":"open","sticky":false,"template":"","format":"standard","meta":{"_monsterinsights_skip_tracking":false,"_monsterinsights_sitenote_active":false,"_monsterinsights_sitenote_note":"","_monsterinsights_sitenote_category":0,"_uf_show_specific_survey":0,"_uf_disable_surveys":false,"footnotes":""},"categories":[1],"tags":[],"class_list":["post-1351","post","type-post","status-publish","format-standard","has-post-thumbnail","hentry","category-news"],"_links":{"self":[{"href":"https:\/\/agromt.news\/index.php?rest_route=\/wp\/v2\/posts\/1351"}],"collection":[{"href":"https:\/\/agromt.news\/index.php?rest_route=\/wp\/v2\/posts"}],"about":[{"href":"https:\/\/agromt.news\/index.php?rest_route=\/wp\/v2\/types\/post"}],"author":[{"embeddable":true,"href":"https:\/\/agromt.news\/index.php?rest_route=\/wp\/v2\/users\/1"}],"replies":[{"embeddable":true,"href":"https:\/\/agromt.news\/index.php?rest_route=%2Fwp%2Fv2%2Fcomments&post=1351"}],"version-history":[{"count":0,"href":"https:\/\/agromt.news\/index.php?rest_route=\/wp\/v2\/posts\/1351\/revisions"}],"wp:featuredmedia":[{"embeddable":true,"href":"https:\/\/agromt.news\/index.php?rest_route=\/wp\/v2\/media\/1352"}],"wp:attachment":[{"href":"https:\/\/agromt.news\/index.php?rest_route=%2Fwp%2Fv2%2Fmedia&parent=1351"}],"wp:term":[{"taxonomy":"category","embeddable":true,"href":"https:\/\/agromt.news\/index.php?rest_route=%2Fwp%2Fv2%2Fcategories&post=1351"},{"taxonomy":"post_tag","embeddable":true,"href":"https:\/\/agromt.news\/index.php?rest_route=%2Fwp%2Fv2%2Ftags&post=1351"}],"curies":[{"name":"wp","href":"https:\/\/api.w.org\/{rel}","templated":true}]}}