{"id":1349,"date":"2024-09-10T18:06:08","date_gmt":"2024-09-10T22:06:08","guid":{"rendered":"https:\/\/agromt.news\/?p=1349"},"modified":"2024-09-10T18:06:08","modified_gmt":"2024-09-10T22:06:08","slug":"a-fome-e-a-maior-de-todas-as-degradacoes-do-ser-humano-diz-ministro-carlos-favaro","status":"publish","type":"post","link":"https:\/\/agromt.news\/?p=1349","title":{"rendered":"\u2018A fome \u00e9 a maior de todas as degrada\u00e7\u00f5es do ser humano\u2019, diz ministro Carlos F\u00e1varo"},"content":{"rendered":"<p> <br \/>\n<br \/><img decoding=\"async\" src=\"https:\/\/agromt.news\/wp-content\/uploads\/2024\/09\/\u2018A-fome-e-a-maior-de-todas-as-degradacoes-do.jpeg\" \/><\/p>\n<div>\n<p>A reuni\u00e3o do <strong>G20 Agro<\/strong>, que ocorre entre os dias 10 e 13 de setembro, em Mato Grosso, \u00e9 considerada a maior ades\u00e3o de ministros da hist\u00f3ria. O encontro do Grupo de Trabalho da Agricultura \u00e9 realizado em Chapada dos Guimar\u00e3es e, de acordo com o ministro <strong><a href=\"https:\/\/www.canalrural.com.br\/tag\/carlos-favaro\/\">Carlos F\u00e1varo<\/a><\/strong>, a escolha do local se deu n\u00e3o apenas por ser um s\u00edmbolo da produ\u00e7\u00e3o agropecu\u00e1ria, mas tamb\u00e9m pelo compromisso com a sustentabilidade.<\/p>\n<p><em>Confira na palma da m\u00e3o informa\u00e7\u00f5es quentes sobre agricultura, pecu\u00e1ria, economia e previs\u00e3o do tempo:<\/em><a href=\"https:\/\/www.whatsapp.com\/channel\/0029Va9VnZxGk1FplZjiW43k\"><em> <\/em><strong>siga o Canal Rural no WhatsApp<\/strong><\/a>!<\/p>\n<p>O Brasil sediar o G20, afirmam autoridades e especialistas de diversos segmentos ligados ao agroneg\u00f3cio, \u00e9 considerado uma oportunidade para a constru\u00e7\u00e3o de uma narrativa verdadeira e precisa sobre o potencial do pa\u00eds, ao mesmo tempo em que se analisam as necessidades e se realizam novas negocia\u00e7\u00f5es e acordos.<\/p>\n<\/div>\n<div>\n<p>\u201c<em>Nossa presid\u00eancia escolheu falar de um mundo mais justo e um planeta sustent\u00e1vel. E como n\u00e3o falar de um mundo justo onde ainda existem pessoas que passam fome? Considero a fome a maior de todas as degrada\u00e7\u00f5es do ser humano. O princ\u00edpio b\u00e1sico de todo ser humano \u00e9 se alimentar bem<\/em>\u201d, declarou o ministro da Agricultura e Pecu\u00e1ria, Carlos F\u00e1varo, na abertura do encontro.<\/p>\n<p>Entre os temas mais importantes a serem debatidos nos quatro dias est\u00e3o a sustentabilidade nos sistemas agroalimentares em seus m\u00faltiplos aspectos, a amplia\u00e7\u00e3o da contribui\u00e7\u00e3o do com\u00e9rcio internacional para a seguran\u00e7a alimentar e nutricional, o reconhecimento do papel da agricultura familiar e a promo\u00e7\u00e3o da integra\u00e7\u00e3o da pesca e aquicultura nas cadeias sociais locais e globais.<\/p>\n<h2 class=\"wp-block-heading\" id=\"h-g20-reune-80-do-pib-global\"><strong>G20 re\u00fane 80% do PIB global<\/strong><\/h2>\n<p>Historicamente, o G20 \u00e9 composto por 20 pa\u00edses. Contudo, o n\u00famero subiu para 21 com a entrada da Uni\u00e3o Africana, conforme o coordenador do GT G20 Agro e secret\u00e1rio de Com\u00e9rcio e Rela\u00e7\u00f5es Internacionais do Minist\u00e9rio da Agricultura e Pecu\u00e1ria (Mapa), Roberto Perosa.<\/p>\n<p>Al\u00e9m desses pa\u00edses, cerca de 30 delega\u00e7\u00f5es foram convidadas e mais 20 organismos internacionais est\u00e3o participando.<\/p>\n<p>\u201c<em>Temos aqui representantes de 50 pa\u00edses no total. \u00c9 uma grande oportunidade para o Brasil retomar seu protagonismo internacional. A ades\u00e3o foi total. Temos um recorde de presen\u00e7a de ministros da Agricultura, assim como de organismos internacionais<\/em>\u201d, destacou Roberto Perosa.<\/p>\n<p>O ministro Carlos F\u00e1varo lembrou que o \u201c<em>G20 representa 80% do PIB global e \u00e9 a oportunidade de construirmos propostas e compromissos concretos para melhorar a qualidade de vida de todas as pessoas do planeta<\/em>\u201d.<\/p>\n<h2 class=\"wp-block-heading\" id=\"h-declaracao-ministerial\"><strong>Declara\u00e7\u00e3o ministerial<\/strong><\/h2>\n<p>Segundo o coordenador do GT G20 Agro, pela primeira vez nos \u00faltimos anos do G20, o grupo da agricultura far\u00e1 uma declara\u00e7\u00e3o ministerial, e n\u00e3o uma carta ao final do evento.<\/p>\n<p>\u201c<em>\u00c9 uma declara\u00e7\u00e3o que gerar\u00e1 efeitos nos pa\u00edses que a assinarem ao final do evento. Ela tem a for\u00e7a de um acordo internacional<\/em>\u201d, pontuou Roberto Perosa.<\/p>\n<\/div>\n<p><br \/>\n<br \/><a href=\"https:\/\/www.canalrural.com.br\/agricultura\/g20-agro-a-fome-e-a-maior-de-todas-as-degradacoes-do-ser-humano-diz-ministro-carlos-favaro\/\">Source link <\/a><\/p>\n","protected":false},"excerpt":{"rendered":"<p>A reuni\u00e3o do G20 Agro, que ocorre entre os dias 10 e 13 de setembro, em Mato Grosso, \u00e9 considerada<\/p>\n","protected":false},"author":1,"featured_media":1350,"comment_status":"open","ping_status":"open","sticky":false,"template":"","format":"standard","meta":{"_monsterinsights_skip_tracking":false,"_monsterinsights_sitenote_active":false,"_monsterinsights_sitenote_note":"","_monsterinsights_sitenote_category":0,"_uf_show_specific_survey":0,"_uf_disable_surveys":false,"footnotes":""},"categories":[1],"tags":[],"class_list":["post-1349","post","type-post","status-publish","format-standard","has-post-thumbnail","hentry","category-news"],"_links":{"self":[{"href":"https:\/\/agromt.news\/index.php?rest_route=\/wp\/v2\/posts\/1349"}],"collection":[{"href":"https:\/\/agromt.news\/index.php?rest_route=\/wp\/v2\/posts"}],"about":[{"href":"https:\/\/agromt.news\/index.php?rest_route=\/wp\/v2\/types\/post"}],"author":[{"embeddable":true,"href":"https:\/\/agromt.news\/index.php?rest_route=\/wp\/v2\/users\/1"}],"replies":[{"embeddable":true,"href":"https:\/\/agromt.news\/index.php?rest_route=%2Fwp%2Fv2%2Fcomments&post=1349"}],"version-history":[{"count":0,"href":"https:\/\/agromt.news\/index.php?rest_route=\/wp\/v2\/posts\/1349\/revisions"}],"wp:featuredmedia":[{"embeddable":true,"href":"https:\/\/agromt.news\/index.php?rest_route=\/wp\/v2\/media\/1350"}],"wp:attachment":[{"href":"https:\/\/agromt.news\/index.php?rest_route=%2Fwp%2Fv2%2Fmedia&parent=1349"}],"wp:term":[{"taxonomy":"category","embeddable":true,"href":"https:\/\/agromt.news\/index.php?rest_route=%2Fwp%2Fv2%2Fcategories&post=1349"},{"taxonomy":"post_tag","embeddable":true,"href":"https:\/\/agromt.news\/index.php?rest_route=%2Fwp%2Fv2%2Ftags&post=1349"}],"curies":[{"name":"wp","href":"https:\/\/api.w.org\/{rel}","templated":true}]}}