{"id":1346,"date":"2024-09-10T17:20:21","date_gmt":"2024-09-10T21:20:21","guid":{"rendered":"https:\/\/agromt.news\/?p=1346"},"modified":"2024-09-10T17:20:21","modified_gmt":"2024-09-10T21:20:21","slug":"queda-de-temperatura-e-chances-de-chuva-preta-afetam-o-pais-nos-proximos-dias","status":"publish","type":"post","link":"https:\/\/agromt.news\/?p=1346","title":{"rendered":"Queda de temperatura e chances de chuva preta afetam o pa\u00eds nos pr\u00f3ximos dias"},"content":{"rendered":"<p> <br \/>\n<\/p>\n<div>\n<p>Uma nova <strong><a href=\"https:\/\/www.canalrural.com.br\/tempo\/frente-fria-a-vista-chuva-retorna-ao-sul-apos-dia-de-calor-intenso\/\">frente fria<\/a><\/strong> se desloca em dire\u00e7\u00e3o \u00e0 regi\u00e3o central do Brasil nos pr\u00f3ximos dias. Essa condi\u00e7\u00e3o traz al\u00edvio tempor\u00e1rio a algumas \u00e1reas afetadas por calor extremo e fuma\u00e7a densa.<\/p>\n<p>No entanto, o sistema n\u00e3o ser\u00e1 capaz de dissipar completamente o bloqueio atmosf\u00e9rico respons\u00e1vel pela onda de calor que afeta grande parte do pa\u00eds. Assim, a temperatura voltar\u00e1 a subir.<\/p>\n<h2 class=\"wp-block-heading\" id=\"h-chuva-e-queda-de-temperatura\">Chuva e queda de temperatura<\/h2>\n<p>A passagem dessa frente fria trar\u00e1 chuva para o Sul, Centro-Oeste e Sudeste. No Sul, onde a semana foi marcada por um contraste intenso de temperaturas, o sistema promover\u00e1 redu\u00e7\u00e3o significativa do calor. <\/p>\n<\/div>\n<div>\n<p>Os estados mais impactados ser\u00e3o Paran\u00e1, Santa Catarina e o norte do Rio Grande do Sul. Nessas \u00e1reas, as temperaturas cair\u00e3o de forma acentuada, aliviando o desconforto do calor.<\/p>\n<h2 class=\"wp-block-heading\" id=\"h-calor-no-centro-norte\">Calor no centro-norte<\/h2>\n<p>Apesar do al\u00edvio trazido pela frente fria, a onda de calor e o bloqueio atmosf\u00e9rico n\u00e3o se dissipar\u00e3o completamente. Isso porque o sistema que originou a onda de calor permanece ativo no centro-norte do Brasil. <\/p>\n<p>Ap\u00f3s o deslocamento da frente fria para o Atl\u00e2ntico, a massa de ar quente voltar\u00e1 a se espalhar sobre os estados do Cone-Sul. Por isso, o al\u00edvio ser\u00e1 tempor\u00e1rio e o calor poder\u00e1 retornar nos dias seguintes.<\/p>\n<p>De acordo com a Climatempo, \u00e9 importante destacar que uma onda de calor n\u00e3o afeta apenas uma cidade ou regi\u00e3o espec\u00edfica, mas engloba vastas \u00e1reas, estendendo-se por diversas regi\u00f5es do pa\u00eds.<\/p>\n<h2 class=\"wp-block-heading\" id=\"h-chuva-preta\">Chuva preta?<\/h2>\n<p>Outra preocupa\u00e7\u00e3o \u00e9 a possibilidade de chuva preta, conforme a <strong><a href=\"https:\/\/www.climatempo.com.br\/\">Climatempo<\/a><\/strong>. O fen\u00f4meno ocorre quando a fuligem das queimadas se mistura \u00e0s gotas de chuva, resultando em precipita\u00e7\u00f5es carregadas de part\u00edculas escuras.<\/p>\n<p>Esse fen\u00f4meno, comum em \u00e1reas afetadas por inc\u00eandios, pode ser observado nos pr\u00f3ximos dias, principalmente no <strong>Sul e Sudeste do Brasil<\/strong>, onde a fuma\u00e7a e as chuvas se encontram.<\/p>\n<p>No Centro-Oeste, os destaques ser\u00e3o o Mato Grosso do Sul, o sul de Mato Grosso e o sul de Goi\u00e1s, que sentir\u00e3o a redu\u00e7\u00e3o de temperatura no final de semana, quando o sistema alcan\u00e7ar essas regi\u00f5es. <\/p>\n<p>J\u00e1 no Sudeste, o sistema favorecer\u00e1 a redu\u00e7\u00e3o do calor extremo, com \u00eanfase em S\u00e3o Paulo, Rio De Janeiro e sul de Minas Gerais, onde as temperaturas devem ficar mais amenas.<\/p>\n<h2 class=\"wp-block-heading\" id=\"h-quando-vamos-respirar-melhor\">Quando vamos respirar melhor?<\/h2>\n<figure class=\"wp-block-image size-full\"><img fetchpriority=\"high\" fetchpriority=\"high\" decoding=\"async\" width=\"838\" height=\"468\" src=\"https:\/\/agromt.news\/wp-content\/uploads\/2024\/08\/5-cuidados-para-proteger-a-saude-em-meio-ao-clima.jpg\" alt=\"Inc\u00eandios em SP: 5 cuidados para proteger a sa\u00fade em meio ao clima seco e \u00e0 fuma\u00e7a\" class=\"wp-image-4064846\"  \/><figcaption class=\"wp-element-caption\">Foto: Defesa Civil de Votuporanga<\/figcaption><\/figure>\n<p>Com as queimadas na regi\u00e3o central da Am\u00e9rica do Sul, abrangendo \u00e1reas do Brasil, Bol\u00edvia e Paraguai, a fuma\u00e7a continuar\u00e1 a se espalhar nos pr\u00f3ximos dias. <\/p>\n<p>O avan\u00e7o da frente fria na sexta-feira (13) ajudar\u00e1 a limpar a atmosfera no Rio Grande do Sul e em Santa Catarina, mas redirecionar\u00e1 a fuma\u00e7a para as regi\u00f5es Sudeste e Centro-Oeste.<\/p>\n<p>Infelizmente, n\u00e3o h\u00e1 uma previs\u00e3o concreta de melhora significativa na qualidade do ar, j\u00e1 que os inc\u00eandios florestais devem continuar intensos.<\/p>\n<\/div>\n<p><br \/>\n<br \/><a href=\"https:\/\/www.canalrural.com.br\/tempo\/queda-de-temperatura-e-possibilidade-de-chuva-preta-afetam-o-pais-nos-proximos-dias\/\">Source link <\/a><\/p>\n","protected":false},"excerpt":{"rendered":"<p>Uma nova frente fria se desloca em dire\u00e7\u00e3o \u00e0 regi\u00e3o central do Brasil nos pr\u00f3ximos dias. Essa condi\u00e7\u00e3o traz al\u00edvio<\/p>\n","protected":false},"author":1,"featured_media":901,"comment_status":"open","ping_status":"open","sticky":false,"template":"","format":"standard","meta":{"_monsterinsights_skip_tracking":false,"_monsterinsights_sitenote_active":false,"_monsterinsights_sitenote_note":"","_monsterinsights_sitenote_category":0,"_uf_show_specific_survey":0,"_uf_disable_surveys":false,"footnotes":""},"categories":[1],"tags":[],"class_list":["post-1346","post","type-post","status-publish","format-standard","has-post-thumbnail","hentry","category-news"],"_links":{"self":[{"href":"https:\/\/agromt.news\/index.php?rest_route=\/wp\/v2\/posts\/1346"}],"collection":[{"href":"https:\/\/agromt.news\/index.php?rest_route=\/wp\/v2\/posts"}],"about":[{"href":"https:\/\/agromt.news\/index.php?rest_route=\/wp\/v2\/types\/post"}],"author":[{"embeddable":true,"href":"https:\/\/agromt.news\/index.php?rest_route=\/wp\/v2\/users\/1"}],"replies":[{"embeddable":true,"href":"https:\/\/agromt.news\/index.php?rest_route=%2Fwp%2Fv2%2Fcomments&post=1346"}],"version-history":[{"count":0,"href":"https:\/\/agromt.news\/index.php?rest_route=\/wp\/v2\/posts\/1346\/revisions"}],"wp:featuredmedia":[{"embeddable":true,"href":"https:\/\/agromt.news\/index.php?rest_route=\/wp\/v2\/media\/901"}],"wp:attachment":[{"href":"https:\/\/agromt.news\/index.php?rest_route=%2Fwp%2Fv2%2Fmedia&parent=1346"}],"wp:term":[{"taxonomy":"category","embeddable":true,"href":"https:\/\/agromt.news\/index.php?rest_route=%2Fwp%2Fv2%2Fcategories&post=1346"},{"taxonomy":"post_tag","embeddable":true,"href":"https:\/\/agromt.news\/index.php?rest_route=%2Fwp%2Fv2%2Ftags&post=1346"}],"curies":[{"name":"wp","href":"https:\/\/api.w.org\/{rel}","templated":true}]}}