{"id":1344,"date":"2024-09-10T16:56:01","date_gmt":"2024-09-10T20:56:01","guid":{"rendered":"https:\/\/agromt.news\/?p=1344"},"modified":"2024-09-10T16:56:01","modified_gmt":"2024-09-10T20:56:01","slug":"vazio-sanitario-termina-hoje-no-amazonas","status":"publish","type":"post","link":"https:\/\/agromt.news\/?p=1344","title":{"rendered":"vazio sanit\u00e1rio termina hoje no Amazonas"},"content":{"rendered":"<p> <br \/>\n<br \/><img decoding=\"async\" src=\"https:\/\/agromt.news\/wp-content\/uploads\/2024\/09\/vazio-sanitario-termina-hoje-no-Amazonas.jpg\" \/><\/p>\n<div>\n<p>O per\u00edodo do <a href=\"https:\/\/www.canalrural.com.br\/agricultura\/projeto-soja-brasil\/\">vazio sanit\u00e1rio da soja <\/a>no Amazonas, estabelecido pelo Minist\u00e9rio da Agricultura e Pecu\u00e1ria, termina nesta ter\u00e7a-feira (10), permitindo que o plantio seja retomado a partir de amanh\u00e3 (11). A medida de 90 dias \u00e9 essencial para a preven\u00e7\u00e3o da Ferrugem Asi\u00e1tica, doen\u00e7a causada pelo fungo <em>Phakopsora pachyrhizi<\/em>, que pode comprometer a produ\u00e7\u00e3o.<\/p>\n<p>Segundo a Ag\u00eancia de Defesa Agropecu\u00e1ria e Florestal do Estado do Amazonas (Adaf), Humait\u00e1, L\u00e1brea e Canutama s\u00e3o os principais munic\u00edpios produtores da soja do estado. A regi\u00e3o n\u00e3o registrou casos de Ferrugem Asi\u00e1tica, refletindo o sucesso das medidas preventivas.<\/p>\n<h3 class=\"wp-block-heading\" id=\"h-o-papel-do-vazio-sanitario\">O papel do vazio sanit\u00e1rio<\/h3>\n<p>O vazio sanit\u00e1rio tem como principal objetivo reduzir a presen\u00e7a do fungo que provoca a Ferrugem Asi\u00e1tica, uma das doen\u00e7as mais graves para a cultura da soja. O per\u00edodo de aus\u00eancia de plantas no campo interrompe o ciclo de vida do fungo, reduzindo significativamente o risco de contamina\u00e7\u00e3o nas safras seguintes. A medida \u00e9 obrigat\u00f3ria e respeitada em v\u00e1rias regi\u00f5es produtoras do pa\u00eds, conforme o calend\u00e1rio agr\u00edcola de cada estado.<\/p>\n<\/div>\n<div>\n<p class=\"has-text-align-center\"><em>Confira na palma da m\u00e3o informa\u00e7\u00f5es quentes sobre agricultura, pecu\u00e1ria, economia e previs\u00e3o do tempo:<\/em><a href=\"https:\/\/whatsapp.com\/channel\/0029Va9VnZxGk1FplZjiW43k\"><strong><em>\u00a0siga o Canal Rura<\/em><\/strong><\/a><a href=\"https:\/\/www.whatsapp.com\/channel\/0029Va9VnZxGk1FplZjiW43k\"><strong><em>l no WhatsApp!<\/em><\/strong><\/a><\/p>\n<h3 class=\"wp-block-heading\" id=\"h-confira-abaixo-o-cronograma-do-periodo-de-vazio-sanitario-no-pais\">Confira abaixo o cronograma do per\u00edodo de vazio sanit\u00e1rio no pa\u00eds:<\/h3>\n<h3 class=\"wp-block-heading\">Regi\u00e3o Centro-Oeste<\/h3>\n<ul class=\"wp-block-list\">\n<li><strong>Distrito Federal<\/strong>: 01 de julho a 30 de setembro<\/li>\n<li><strong>Goi\u00e1s<\/strong>: 27 de junho a 24 de setembro<\/li>\n<li><strong>Mato Grosso<\/strong>: 08 de junho a 06 de setembro<\/li>\n<li><strong>Mato Grosso do Sul<\/strong>: 15 de junho a 15 de setembro<\/li>\n<\/ul>\n<h3 class=\"wp-block-heading\">Regi\u00e3o Nordeste<\/h3>\n<ul class=\"wp-block-list\">\n<li><strong>Alagoas<\/strong>: 01 de janeiro de 2025 a 01 de abril de 2025<\/li>\n<li><strong>Bahia<\/strong>: 26 de junho a 24 de setembro<\/li>\n<li><strong>Cear\u00e1<\/strong>: 03 de novembro a 31 de janeiro<\/li>\n<li><strong>Maranh\u00e3o<\/strong>:\n<ul class=\"wp-block-list\">\n<li>Regi\u00e3o 1: 03 de julho a 30 de setembro<\/li>\n<li>Regi\u00e3o 2: 03 de agosto a 31 de outubro<\/li>\n<li>Regi\u00e3o 3: 02 de setembro a 30 de novembro<\/li>\n<\/ul>\n<\/li>\n<li><strong>Piau\u00ed<\/strong>:\n<ul class=\"wp-block-list\">\n<li>Regi\u00e3o 1: 01 de setembro a 30 de novembro<\/li>\n<li>Regi\u00e3o 2: 01 de agosto a 31 de outubro<\/li>\n<li>Regi\u00e3o 3: 01 de julho a 29 de setembro<\/li>\n<\/ul>\n<\/li>\n<\/ul>\n<h3 class=\"wp-block-heading\">Regi\u00e3o Norte<\/h3>\n<ul class=\"wp-block-list\">\n<li><strong>Acre<\/strong>: 22 de junho a 20 de setembro<\/li>\n<li><strong>Amap\u00e1<\/strong>: 01 de dezembro a 28 de fevereiro de 2025<\/li>\n<li><strong>Amazonas<\/strong>: 10 de junho a 10 de setembro<\/li>\n<li><strong>Par\u00e1<\/strong>:\n<ul class=\"wp-block-list\">\n<li>Regi\u00e3o 1: 15 de junho a 15 de setembro<\/li>\n<li>Regi\u00e3o 2: 01 de agosto a 31 de outubro<\/li>\n<li>Regi\u00e3o 3: 15 de agosto a 15 de novembro<\/li>\n<\/ul>\n<\/li>\n<li><strong>Rond\u00f4nia<\/strong>: 10 de junho a 10 de setembro<\/li>\n<li><strong>Roraima<\/strong>: 19 de dezembro a 18 de mar\u00e7o de 2025<\/li>\n<li><strong>Tocantins<\/strong>: 01 de julho a 30 de setembro<\/li>\n<\/ul>\n<h3 class=\"wp-block-heading\">Regi\u00e3o Sudeste<\/h3>\n<ul class=\"wp-block-list\">\n<li><strong>Minas Gerais<\/strong>: 01 de julho a 30 de setembro<\/li>\n<li><strong>Rio de Janeiro<\/strong>: 15 de junho a 28 de setembro<\/li>\n<li><strong>S\u00e3o Paulo<\/strong>:\n<ul class=\"wp-block-list\">\n<li>Regi\u00e3o 1: 01 de junho a 31 de agosto<\/li>\n<li>Regi\u00e3o 2: 12 de junho a 12 de setembro<\/li>\n<li>Regi\u00e3o 3: 15 de junho a 15 de setembro<\/li>\n<\/ul>\n<\/li>\n<\/ul>\n<h3 class=\"wp-block-heading\">Regi\u00e3o Sul<\/h3>\n<ul class=\"wp-block-list\">\n<li><strong>Paran\u00e1<\/strong>:\n<ul class=\"wp-block-list\">\n<li>Regi\u00e3o 1: 21 de junho a 19 de setembro<\/li>\n<li>Regi\u00e3o 2: 02 de junho a 31 de agosto<\/li>\n<li>Regi\u00e3o 3: 22 de junho a 20 de setembro<\/li>\n<\/ul>\n<\/li>\n<li><strong>Rio Grande do Sul<\/strong>: 03 de julho a 30 de setembro<\/li>\n<li><strong>Santa Catarina<\/strong>:\n<ul class=\"wp-block-list\">\n<li>Regi\u00e3o 1: 04 de julho a 12 de outubro<\/li>\n<li>Regi\u00e3o 2: 04 de julho a 01 de outubro<\/li>\n<li>Regi\u00e3o 3: 04 de julho a 01 de outubro<\/li>\n<li>Regi\u00e3o 4: 04 de julho a 01 de outubro<\/li>\n<\/ul>\n<\/li>\n<\/ul>\n<p>Fonte: Embrapa Soja<\/p>\n<\/div>\n<p><br \/>\n<br \/><a href=\"https:\/\/www.canalrural.com.br\/agricultura\/projeto-soja-brasil\/soja-fim-do-vazio-sanitario-no-amazonas\/\">Source link <\/a><\/p>\n","protected":false},"excerpt":{"rendered":"<p>O per\u00edodo do vazio sanit\u00e1rio da soja no Amazonas, estabelecido pelo Minist\u00e9rio da Agricultura e Pecu\u00e1ria, termina nesta ter\u00e7a-feira (10),<\/p>\n","protected":false},"author":1,"featured_media":1345,"comment_status":"open","ping_status":"open","sticky":false,"template":"","format":"standard","meta":{"_monsterinsights_skip_tracking":false,"_monsterinsights_sitenote_active":false,"_monsterinsights_sitenote_note":"","_monsterinsights_sitenote_category":0,"_uf_show_specific_survey":0,"_uf_disable_surveys":false,"footnotes":""},"categories":[1],"tags":[],"class_list":["post-1344","post","type-post","status-publish","format-standard","has-post-thumbnail","hentry","category-news"],"_links":{"self":[{"href":"https:\/\/agromt.news\/index.php?rest_route=\/wp\/v2\/posts\/1344"}],"collection":[{"href":"https:\/\/agromt.news\/index.php?rest_route=\/wp\/v2\/posts"}],"about":[{"href":"https:\/\/agromt.news\/index.php?rest_route=\/wp\/v2\/types\/post"}],"author":[{"embeddable":true,"href":"https:\/\/agromt.news\/index.php?rest_route=\/wp\/v2\/users\/1"}],"replies":[{"embeddable":true,"href":"https:\/\/agromt.news\/index.php?rest_route=%2Fwp%2Fv2%2Fcomments&post=1344"}],"version-history":[{"count":0,"href":"https:\/\/agromt.news\/index.php?rest_route=\/wp\/v2\/posts\/1344\/revisions"}],"wp:featuredmedia":[{"embeddable":true,"href":"https:\/\/agromt.news\/index.php?rest_route=\/wp\/v2\/media\/1345"}],"wp:attachment":[{"href":"https:\/\/agromt.news\/index.php?rest_route=%2Fwp%2Fv2%2Fmedia&parent=1344"}],"wp:term":[{"taxonomy":"category","embeddable":true,"href":"https:\/\/agromt.news\/index.php?rest_route=%2Fwp%2Fv2%2Fcategories&post=1344"},{"taxonomy":"post_tag","embeddable":true,"href":"https:\/\/agromt.news\/index.php?rest_route=%2Fwp%2Fv2%2Ftags&post=1344"}],"curies":[{"name":"wp","href":"https:\/\/api.w.org\/{rel}","templated":true}]}}