{"id":1338,"date":"2024-09-10T16:20:47","date_gmt":"2024-09-10T20:20:47","guid":{"rendered":"https:\/\/agromt.news\/?p=1338"},"modified":"2024-09-10T16:20:47","modified_gmt":"2024-09-10T20:20:47","slug":"a-fome-e-a-maior-de-todas-as-degradacoes-do-ser-humano-diz-ministro-carlos-favaro-no-g20-agro","status":"publish","type":"post","link":"https:\/\/agromt.news\/?p=1338","title":{"rendered":"\u201cA fome \u00e9 a maior de todas as degrada\u00e7\u00f5es do ser humano\u201d, diz ministro Carlos F\u00e1varo no G20 Agro"},"content":{"rendered":"<p> <br \/>\n<\/p>\n<div>\n<p>A reuni\u00e3o do G20 Agro, que ocorre entre os dias 10 e 13 de setembro, em Mato Grosso, \u00e9 considerada a maior ades\u00e3o de ministros da hist\u00f3ria.<\/p>\n<p>O encontro do Grupo de Trabalho da Agricultura \u00e9 realizado na Chapada dos Guimar\u00e3es e, de acordo com o ministro da Agricultura e Pecu\u00e1ria, Carlos F\u00e1varo, a escolha do local se deu n\u00e3o apenas por ser s\u00edmbolo da produ\u00e7\u00e3o agropecu\u00e1ria, mas tamb\u00e9m pelo compromisso com a sustentabilidade.<\/p>\n<p>O Brasil sediar o G20, afirmam autoridades e especialistas de diversos segmentos ligados ao agroneg\u00f3cio, \u00e9 considerado uma oportunidade para a constru\u00e7\u00e3o de uma narrativa verdadeira e correta sobre o potencial do pa\u00eds, ao mesmo tempo em que se analisa o que ainda precisa ser feito e se realizam novas negocia\u00e7\u00f5es e acordos.<\/p>\n<p>\u201cNossa presid\u00eancia escolheu falar de um mundo mais justo e um planeta sustent\u00e1vel. E como n\u00e3o falar de um mundo justo onde ainda existem pessoas que passam fome. Considero a fome a maior de todas as degrada\u00e7\u00f5es do ser humano. O princ\u00edpio b\u00e1sico de todo ser humano \u00e9 se alimentar bem\u201d, disse F\u00e1varo na abertura do encontro.<\/p>\n<p>Entre os assuntos mais importantes a serem debatidos nos quatro dias, est\u00e3o a sustentabilidade nos sistemas agroalimentares em seus m\u00faltiplos aspectos, amplia\u00e7\u00e3o da contribui\u00e7\u00e3o do com\u00e9rcio internacional para a seguran\u00e7a alimentar e nutricional, reconhecimento do papel da agricultura familiar e a promo\u00e7\u00e3o da integra\u00e7\u00e3o da pesca e aquicultura nas cadeias sociais locais e globais.<\/p>\n<aside class=\"read-too read-too--with-img\">\n<h2 class=\"read-too__title'&gt;Leia Mais&lt;\/h2&gt; &lt;ul class=\" read-too__list=\"\"> <\/h2>\n<li class=\"read-too__list-item\"> <a class=\"read-too__link\" href=\"https:\/\/www.cnnbrasil.com.br\/economia\/macroeconomia\/ministro-da-agricultura-fala-sobre-papel-do-brasil-na-producao-de-biocombustiveis\/\" target=\"_self\" rel=\"noopener\"> <picture class=\"read-too__picture\"> <img decoding=\"async\" class=\"read-too__img\" src=\"https:\/\/www.cnnbrasil.com.br\/wp-content\/uploads\/sites\/12\/Reuters_Direct_Media\/BrazilOnlineReportBusinessNews\/tagreuters.com2022binary_LYNXMPEI80290-FILEDIMAGE.jpg?w=200\" alt=\"Ministro da Agricultura fala sobre papel do Brasil na produ\u00e7\u00e3o de biocombust\u00edveis\" title=\"Ministro da Agricultura fala sobre papel do Brasil na produ\u00e7\u00e3o de biocombust\u00edveis'\" loading=\"lazy\"\/> <\/picture>\n<h3 class=\"read-too__post-title\">Ministro da Agricultura fala sobre papel do Brasil na produ\u00e7\u00e3o de biocombust\u00edveis<\/h3>\n<p> <\/a><\/li>\n<li class=\"read-too__list-item\"> <a class=\"read-too__link\" href=\"https:\/\/www.cnnbrasil.com.br\/economia\/macroeconomia\/opep-eleva-previsao-para-crescimento-do-pib-global-este-ano-de-29-para-30-2\/\" target=\"_self\" rel=\"noopener\"> <picture class=\"read-too__picture\"> <img decoding=\"async\" class=\"read-too__img\" src=\"https:\/\/www.cnnbrasil.com.br\/wp-content\/uploads\/sites\/12\/Reuters_Direct_Media\/BrazilOnlineReportBusinessNews\/tagreuters.com2024binary_LYNXMPEK101H7-FILEDIMAGE.jpg?w=200\" alt=\"Opep eleva previs\u00e3o para crescimento do PIB global este ano, de 2,9% para 3,0%\" title=\"Opep eleva previs\u00e3o para crescimento do PIB global este ano, de 2,9% para 3,0%'\" loading=\"lazy\"\/> <\/picture>\n<h3 class=\"read-too__post-title\">Opep eleva previs\u00e3o para crescimento do PIB global este ano, de 2,9% para 3,0%<\/h3>\n<p> <\/a><\/li>\n<li class=\"read-too__list-item\"> <a class=\"read-too__link\" href=\"https:\/\/www.cnnbrasil.com.br\/economia\/macroeconomia\/vendas-no-varejo-brasileiro-caem-02-em-agosto-mostra-indice-da-cielo\/\" target=\"_self\" rel=\"noopener\"> <picture class=\"read-too__picture\"> <img decoding=\"async\" class=\"read-too__img\" src=\"https:\/\/www.cnnbrasil.com.br\/wp-content\/uploads\/sites\/12\/2022\/05\/jfcrz_abr_0104222214_1.jpg?w=200\" alt=\"Vendas no varejo brasileiro caem 0,2% em agosto, mostra \u00edndice da Cielo\" title=\"Vendas no varejo brasileiro caem 0,2% em agosto, mostra \u00edndice da Cielo'\" loading=\"lazy\"\/> <\/picture>\n<h3 class=\"read-too__post-title\">Vendas no varejo brasileiro caem 0,2% em agosto, mostra \u00edndice da Cielo<\/h3>\n<p> <\/a><\/li>\n<\/aside>\n<h2>G20 re\u00fane 80% do PIB global<\/h2>\n<p>Historicamente o G20 \u00e9 composto por 20 pa\u00edses. Contudo, o n\u00famero subiu para 21 com a entrada da Uni\u00e3o Africana, conforme o coordenador do GT G20 Agro e secret\u00e1rio de Com\u00e9rcio e Rela\u00e7\u00f5es Internacionais do Minist\u00e9rio da Agricultura e Pecu\u00e1ria, Roberto Perosa.<\/p>\n<p>Al\u00e9m destes pa\u00edses, cerca de 30 delega\u00e7\u00f5es e mais 20 organismos internacionais foram convidadas.<\/p>\n<p>\u201cTemos aqui representantes de 50 pa\u00edses no total. \u00c9 uma grande oportunidade para o Brasil retomar o seu protagonismo internacional. A ades\u00e3o foi total. Temos recorde de presen\u00e7a de ministros da Agricultura, assim como dos organismos internacionais\u201d, destacou Perosa.<\/p>\n<p>O ministro Carlos F\u00e1varo lembrou que o \u201cG20 representa 80% do PIB global e \u00e9 a oportunidade de construirmos propostas e compromissos concretos para melhorar a qualidade de vida de todas as pessoas do planeta\u201d.<\/p>\n<h2>Declara\u00e7\u00e3o ministerial<\/h2>\n<p>Segundo o coordenador do GT G20 Agro, pela primeira vez nos \u00faltimos anos do G20 o grupo da agricultura far\u00e1 uma declara\u00e7\u00e3o ministerial, e n\u00e3o uma carta ao final do evento.<\/p>\n<p>\u201c\u00c9 uma declara\u00e7\u00e3o que gerar\u00e1 efeitos nos pa\u00edses que assinaram ela ao final do evento. Ela tem a for\u00e7a de um acordo internacional\u201d, pontuou Roberto Perosa.<\/p>\n<div class=\"post__video\">\n<div class=\"cnn component-video has--live\">\n<div class=\"component-inner\">\n<div id=\"player_macroeconomia_9NZm9xMISlw\" class=\"video-wrapper \">\n<div class=\"video-wrapper-inner\">\n<div class=\"overlay-wrapper\"> <button class=\"video-button js-video-play active\" aria-label=\"Assista o v\u00eddeo F\u00e1varo \u00e0 CNN: Agroneg\u00f3cio e preserva\u00e7\u00e3o do meio-ambiente s\u00e3o complementares | LIVE CNN\" tabindex=\"0\"> <img decoding=\"async\" class=\"thumbnail-image\" src=\"https:\/\/img.youtube.com\/vi\/9NZm9xMISlw\/sddefault.jpg\" alt=\"F\u00e1varo \u00e0 CNN: Agroneg\u00f3cio e preserva\u00e7\u00e3o do meio-ambiente s\u00e3o complementares | LIVE CNN\"\/> <span class=\"video-play-button\" aria-label=\"Bot\u00e3o play do v\u00eddeo F\u00e1varo \u00e0 CNN: Agroneg\u00f3cio e preserva\u00e7\u00e3o do meio-ambiente s\u00e3o complementares | LIVE CNN\"\/> <span class=\"video-gradient\"\/> <span class=\"video-title\">F\u00e1varo \u00e0 CNN: Agroneg\u00f3cio e preserva\u00e7\u00e3o do meio-ambiente s\u00e3o complementares | LIVE CNN<\/span> <\/button> <\/div>\n<p> <span class=\"embedded-video video-player-wrapper\" data-youtube-plcmt=\"1\" data-youtube-vpmute=\"0\" data-youtube-width=\"640px\" data-youtube-height=\"480px\" data-youtube-ui=\"macroeconomia\" data-youtube-play=\"0\" data-youtube-mute=\"0\" data-youtube-id=\"9NZm9xMISlw\" data-youtube-vpa=\"click\" data-youtube-hl=\"pt\" data-youtube-position=\"\"\/> <\/div>\n<\/p><\/div>\n<\/p><\/div>\n<\/p><\/div>\n<\/div>\n<\/div>\n<p><br \/>\n<br \/><a href=\"https:\/\/www.cnnbrasil.com.br\/economia\/macroeconomia\/a-fome-e-a-maior-de-todas-as-degradacoes-do-ser-humano-diz-ministro-carlos-favaro-no-g20-agro\/\">Source link <\/a><\/p>\n","protected":false},"excerpt":{"rendered":"<p>A reuni\u00e3o do G20 Agro, que ocorre entre os dias 10 e 13 de setembro, em Mato Grosso, \u00e9 considerada<\/p>\n","protected":false},"author":1,"featured_media":1339,"comment_status":"open","ping_status":"open","sticky":false,"template":"","format":"standard","meta":{"_monsterinsights_skip_tracking":false,"_monsterinsights_sitenote_active":false,"_monsterinsights_sitenote_note":"","_monsterinsights_sitenote_category":0,"_uf_show_specific_survey":0,"_uf_disable_surveys":false,"footnotes":""},"categories":[1],"tags":[],"class_list":["post-1338","post","type-post","status-publish","format-standard","has-post-thumbnail","hentry","category-news"],"_links":{"self":[{"href":"https:\/\/agromt.news\/index.php?rest_route=\/wp\/v2\/posts\/1338"}],"collection":[{"href":"https:\/\/agromt.news\/index.php?rest_route=\/wp\/v2\/posts"}],"about":[{"href":"https:\/\/agromt.news\/index.php?rest_route=\/wp\/v2\/types\/post"}],"author":[{"embeddable":true,"href":"https:\/\/agromt.news\/index.php?rest_route=\/wp\/v2\/users\/1"}],"replies":[{"embeddable":true,"href":"https:\/\/agromt.news\/index.php?rest_route=%2Fwp%2Fv2%2Fcomments&post=1338"}],"version-history":[{"count":0,"href":"https:\/\/agromt.news\/index.php?rest_route=\/wp\/v2\/posts\/1338\/revisions"}],"wp:featuredmedia":[{"embeddable":true,"href":"https:\/\/agromt.news\/index.php?rest_route=\/wp\/v2\/media\/1339"}],"wp:attachment":[{"href":"https:\/\/agromt.news\/index.php?rest_route=%2Fwp%2Fv2%2Fmedia&parent=1338"}],"wp:term":[{"taxonomy":"category","embeddable":true,"href":"https:\/\/agromt.news\/index.php?rest_route=%2Fwp%2Fv2%2Fcategories&post=1338"},{"taxonomy":"post_tag","embeddable":true,"href":"https:\/\/agromt.news\/index.php?rest_route=%2Fwp%2Fv2%2Ftags&post=1338"}],"curies":[{"name":"wp","href":"https:\/\/api.w.org\/{rel}","templated":true}]}}