{"id":1336,"date":"2024-09-10T16:05:36","date_gmt":"2024-09-10T20:05:36","guid":{"rendered":"https:\/\/agromt.news\/?p=1336"},"modified":"2024-09-10T16:05:36","modified_gmt":"2024-09-10T20:05:36","slug":"pr-suspende-por-90-dias-queima-controlada-no-campo","status":"publish","type":"post","link":"https:\/\/agromt.news\/?p=1336","title":{"rendered":"PR suspende por 90 dias queima controlada no campo"},"content":{"rendered":"<p> <br \/>\n<br \/><img decoding=\"async\" src=\"https:\/\/agromt.news\/wp-content\/uploads\/2024\/09\/PR-suspende-por-90-dias-queima-controlada-no-campo.jpeg\" \/><\/p>\n<div>\n<p>Est\u00e1 suspensa por 90 dias no Paran\u00e1 qualquer queima controlada para atividades agrossilvopastoris, incluindo o m\u00e9todo usado para a despalha de cana-de-a\u00e7\u00facar. A Portaria n\u00ba 338\/2024, publicada pelo Instituto \u00c1gua e Terra (IAT) na segunda-feira (09), prev\u00ea ainda que as usinas de produ\u00e7\u00e3o de a\u00e7\u00facar e \u00e1lcool ficam respons\u00e1veis por comunicar sobre a proibi\u00e7\u00e3o aos fornecedores de mat\u00e9ria-prima.<\/p>\n<p>A combina\u00e7\u00e3o de \u00e1reas h\u00e1 muito tempo sem chuva e a baixa umidade relativa do ar com as altas temperaturas at\u00edpicas para o inverno fez com que o Paran\u00e1 atingisse nesta semana o per\u00edodo de maior vulnerabilidade para queimadas ambientais. A medida busca amenizar a ocorr\u00eancia de inc\u00eandios florestais em todo o Estado.<\/p>\n<p>De acordo com o Sistema de Tecnologia e Monitoramento Ambiental do Paran\u00e1 (Simepar), a umidade relativa do ar atingiu na segunda-feira (06) 18,1% em Londrina, na regi\u00e3o Norte, 19% em Loanda e 20% em Alt\u00f4nia, ambas no Noroeste. Curitiba registrou 27%. Segundo a Organiza\u00e7\u00e3o Mundial da Sa\u00fade (OMS), a umidade ideal para a sa\u00fade dos seres humanos deve estar entre 50 e 60%.<\/p>\n<\/div>\n<div>\n<p>\u201c\u00c9 um momento clim\u00e1tico muito cr\u00edtico, em que tivemos de tomar essa decis\u00e3o para inibir qualquer queima no campo. Um foco de fogo, nas condi\u00e7\u00f5es atuais, pode se transformar em inc\u00eandio de grandes propor\u00e7\u00f5es\u201d, afirmou a gerente de Licenciamento do IAT, Ivonete Coelho da Silva Chaves.<\/p>\n<p><em>Confira na palma da m\u00e3o informa\u00e7\u00f5es quentes sobre agricultura, pecu\u00e1ria, economia e previs\u00e3o do tempo:<\/em><a href=\"https:\/\/chat.whatsapp.com\/GHKRkeycj3F4NXbhRGrgO7\"><em>\u00a0<\/em><strong>siga o Canal Rural PR no<\/strong> WhatsApp.<\/a> <\/p>\n<p>Segundo o Corpo de Bombeiros, foram registrados mais de 10 mil focos do tipo no Estado de janeiro a agosto deste ano. Situa\u00e7\u00e3o que fez com que o governador Carlos Massa Ratinho Junior decretasse situa\u00e7\u00e3o de emerg\u00eancia em por causa da estiagem. <\/p>\n<p>FOR\u00c7A-TAREFA<\/p>\n<p>O governador anunciou tamb\u00e9m, nesta ter\u00e7a-feira (10), uma for\u00e7a-tarefa para a\u00e7\u00f5es de combate a inc\u00eandios florestais no Paran\u00e1. A medida prev\u00ea a contrata\u00e7\u00e3o de aeronaves especializadas para combate \u00e0s chamas, forma\u00e7\u00e3o de brigadistas, compra de equipamentos (abafadores, mochilas costal e sopradores, por exemplo) e contrata\u00e7\u00e3o de caminh\u00f5es-pipa para auxiliar no combate a inc\u00eandios.<\/p>\n<p>O investimento anunciado de R$ 24 milh\u00f5es concentra-se, sobretudo, nos munic\u00edpios onde h\u00e1 Unidades de Conserva\u00e7\u00e3o (UCs); parques estaduais e nacionais; \u00c1reas de Prote\u00e7\u00e3o Ambiental (APA); \u00c1reas de Preserva\u00e7\u00e3o Permanente (APP); e \u00c1reas de Relevante Interesse Ecol\u00f3gico (ARIE).<\/p>\n<p>A situa\u00e7\u00e3o de seca deve persistir durante todo o m\u00eas de setembro, com um breve intervalo a partir do dia 13 com a chegada de uma frente fria, segundo o Sistema de Tecnologia e Monitoramento Ambiental do Paran\u00e1 (Simepar). Ap\u00f3s essa pausa, o tempo seco retorna, com previs\u00e3o de que cidades do Noroeste, como Paranava\u00ed, Colorado e Quer\u00eancia do Norte, passem dos 40\u00baC a partir do dia 21 de setembro, sendo que Santa Cruz de Monte Castelo chegue \u00e0 temperatura de at\u00e9 45\u00baC.<\/p>\n<p>RECOMENDA\u00c7\u00d5ES \u2013 Quando as condi\u00e7\u00f5es clim\u00e1ticas apontam para altos riscos de inc\u00eandios florestais, a Defesa Civil emite alertas \u00e0s unidades regionais dos bombeiros, para que a corpora\u00e7\u00e3o possa atuar de maneira mais \u00e1gil aos focos que surgirem.<\/p>\n<p>A recomenda\u00e7\u00e3o \u00e9 para que a popula\u00e7\u00e3o se sensibilize para evitar qualquer inc\u00eandio, evitando utilizar fogo para limpeza de terreno, n\u00e3o queimar lixo, n\u00e3o soltar bal\u00f5es e fazer a destina\u00e7\u00e3o correta de material vegetal, evitando montes de folhas e galhos. No caso da ocorr\u00eancia de queimadas, a indica\u00e7\u00e3o \u00e9 entrar em contato imediatamente com o Corpo de Bombeiros.<\/p>\n<p>O clima seco tamb\u00e9m causa desconforto respirat\u00f3rio e pode agravar condi\u00e7\u00f5es respirat\u00f3rias como asma e bronquite \u2013 em especial nas crian\u00e7as. Isso acontece porque o tempo seco desidrata as vias a\u00e9reas e causa irrita\u00e7\u00e3o. Por isso, neste per\u00edodo \u00e9 importante se hidratar com frequ\u00eancia. (Com informa\u00e7\u00f5es AEN).<\/p>\n<\/div>\n<p><br \/>\n<br \/><a href=\"https:\/\/www.canalrural.com.br\/nacional\/parana\/pr-proibe-queima-controlada-campo\/\">Source link <\/a><\/p>\n","protected":false},"excerpt":{"rendered":"<p>Est\u00e1 suspensa por 90 dias no Paran\u00e1 qualquer queima controlada para atividades agrossilvopastoris, incluindo o m\u00e9todo usado para a despalha<\/p>\n","protected":false},"author":1,"featured_media":1337,"comment_status":"open","ping_status":"open","sticky":false,"template":"","format":"standard","meta":{"_monsterinsights_skip_tracking":false,"_monsterinsights_sitenote_active":false,"_monsterinsights_sitenote_note":"","_monsterinsights_sitenote_category":0,"_uf_show_specific_survey":0,"_uf_disable_surveys":false,"footnotes":""},"categories":[1],"tags":[],"class_list":["post-1336","post","type-post","status-publish","format-standard","has-post-thumbnail","hentry","category-news"],"_links":{"self":[{"href":"https:\/\/agromt.news\/index.php?rest_route=\/wp\/v2\/posts\/1336"}],"collection":[{"href":"https:\/\/agromt.news\/index.php?rest_route=\/wp\/v2\/posts"}],"about":[{"href":"https:\/\/agromt.news\/index.php?rest_route=\/wp\/v2\/types\/post"}],"author":[{"embeddable":true,"href":"https:\/\/agromt.news\/index.php?rest_route=\/wp\/v2\/users\/1"}],"replies":[{"embeddable":true,"href":"https:\/\/agromt.news\/index.php?rest_route=%2Fwp%2Fv2%2Fcomments&post=1336"}],"version-history":[{"count":0,"href":"https:\/\/agromt.news\/index.php?rest_route=\/wp\/v2\/posts\/1336\/revisions"}],"wp:featuredmedia":[{"embeddable":true,"href":"https:\/\/agromt.news\/index.php?rest_route=\/wp\/v2\/media\/1337"}],"wp:attachment":[{"href":"https:\/\/agromt.news\/index.php?rest_route=%2Fwp%2Fv2%2Fmedia&parent=1336"}],"wp:term":[{"taxonomy":"category","embeddable":true,"href":"https:\/\/agromt.news\/index.php?rest_route=%2Fwp%2Fv2%2Fcategories&post=1336"},{"taxonomy":"post_tag","embeddable":true,"href":"https:\/\/agromt.news\/index.php?rest_route=%2Fwp%2Fv2%2Ftags&post=1336"}],"curies":[{"name":"wp","href":"https:\/\/api.w.org\/{rel}","templated":true}]}}