{"id":1334,"date":"2024-09-10T15:43:21","date_gmt":"2024-09-10T19:43:21","guid":{"rendered":"https:\/\/agromt.news\/?p=1334"},"modified":"2024-09-10T15:43:21","modified_gmt":"2024-09-10T19:43:21","slug":"volume-negociado-na-semana-e-o-2o-menor-na-safra-24-25","status":"publish","type":"post","link":"https:\/\/agromt.news\/?p=1334","title":{"rendered":"volume negociado na semana \u00e9 o 2\u00ba menor na safra 24\/25"},"content":{"rendered":"<p> <br \/>\n<br \/><img decoding=\"async\" src=\"https:\/\/agromt.news\/wp-content\/uploads\/2024\/09\/volume-negociado-na-semana-e-o-2o-menor-na-safra.jpg\" \/><\/p>\n<div>\n<p>A safra de <strong><a href=\"https:\/\/www.canalrural.com.br\/agricultura\/cana\/\">cana-de-a\u00e7\u00facar<\/a><\/strong> 2024\/25 caminha cheia de incertezas, relacionadas especialmente ao volume a ser processado e \u00e0s produ\u00e7\u00f5es de a\u00e7\u00facar e de etanol, por conta dos impactos da seca e de inc\u00eandios no final de agosto. As informa\u00e7\u00f5es partem de levantamentos do <strong><a href=\"https:\/\/www.canalrural.com.br\/tag\/cepea\/\">Cepea<\/a><\/strong>.<\/p>\n<p><em>Confira na palma da m\u00e3o informa\u00e7\u00f5es quentes sobre agricultura, pecu\u00e1ria, economia e previs\u00e3o do tempo:<\/em><a href=\"https:\/\/www.whatsapp.com\/channel\/0029Va9VnZxGk1FplZjiW43k\"><em> <\/em><strong>siga o Canal Rural no WhatsApp<\/strong><\/a>!<\/p>\n<p>Na \u00faltima semana, a demanda por hidratado esteve baixa, resultando no segundo menor volume do biocombust\u00edvel comercializado por usinas paulistas na temporada 2024\/25, conforme apontam as pesquisas. <\/p>\n<\/div>\n<div>\n<p>Dessa forma, entre 2 e 6 de setembro, o Indicador Cepea\/Esalq do hidratado fechou em R$ 2,5081\/litro (l\u00edquido de ICMS e PIS\/Cofins), recuo de 1,88% frente ao do per\u00edodo anterior. J\u00e1 para o anidro, o indicador subiu 0,65%, a R$ 2,9358\/litro, valor l\u00edquido de impostos (PIS\/Cofins).<\/p>\n<\/div>\n<p><br \/>\n<br \/><a href=\"https:\/\/www.canalrural.com.br\/agricultura\/etanol-volume-negociado-na-semana-e-o-2o-menor-na-safra-24-25\/\">Source link <\/a><\/p>\n","protected":false},"excerpt":{"rendered":"<p>A safra de cana-de-a\u00e7\u00facar 2024\/25 caminha cheia de incertezas, relacionadas especialmente ao volume a ser processado e \u00e0s produ\u00e7\u00f5es de<\/p>\n","protected":false},"author":1,"featured_media":1335,"comment_status":"open","ping_status":"open","sticky":false,"template":"","format":"standard","meta":{"_monsterinsights_skip_tracking":false,"_monsterinsights_sitenote_active":false,"_monsterinsights_sitenote_note":"","_monsterinsights_sitenote_category":0,"_uf_show_specific_survey":0,"_uf_disable_surveys":false,"footnotes":""},"categories":[1],"tags":[],"class_list":["post-1334","post","type-post","status-publish","format-standard","has-post-thumbnail","hentry","category-news"],"_links":{"self":[{"href":"https:\/\/agromt.news\/index.php?rest_route=\/wp\/v2\/posts\/1334"}],"collection":[{"href":"https:\/\/agromt.news\/index.php?rest_route=\/wp\/v2\/posts"}],"about":[{"href":"https:\/\/agromt.news\/index.php?rest_route=\/wp\/v2\/types\/post"}],"author":[{"embeddable":true,"href":"https:\/\/agromt.news\/index.php?rest_route=\/wp\/v2\/users\/1"}],"replies":[{"embeddable":true,"href":"https:\/\/agromt.news\/index.php?rest_route=%2Fwp%2Fv2%2Fcomments&post=1334"}],"version-history":[{"count":0,"href":"https:\/\/agromt.news\/index.php?rest_route=\/wp\/v2\/posts\/1334\/revisions"}],"wp:featuredmedia":[{"embeddable":true,"href":"https:\/\/agromt.news\/index.php?rest_route=\/wp\/v2\/media\/1335"}],"wp:attachment":[{"href":"https:\/\/agromt.news\/index.php?rest_route=%2Fwp%2Fv2%2Fmedia&parent=1334"}],"wp:term":[{"taxonomy":"category","embeddable":true,"href":"https:\/\/agromt.news\/index.php?rest_route=%2Fwp%2Fv2%2Fcategories&post=1334"},{"taxonomy":"post_tag","embeddable":true,"href":"https:\/\/agromt.news\/index.php?rest_route=%2Fwp%2Fv2%2Ftags&post=1334"}],"curies":[{"name":"wp","href":"https:\/\/api.w.org\/{rel}","templated":true}]}}