{"id":1332,"date":"2024-09-10T15:28:07","date_gmt":"2024-09-10T19:28:07","guid":{"rendered":"https:\/\/agromt.news\/?p=1332"},"modified":"2024-09-10T15:28:07","modified_gmt":"2024-09-10T19:28:07","slug":"favaro-a-cnn-agronegocio-e-preservacao-do-meio-ambiente-sao-complementares","status":"publish","type":"post","link":"https:\/\/agromt.news\/?p=1332","title":{"rendered":"F\u00e1varo \u00e0 CNN: Agroneg\u00f3cio e preserva\u00e7\u00e3o do meio-ambiente s\u00e3o complementares"},"content":{"rendered":"<p> <br \/>\n<\/p>\n<div>\n<p>O <a href=\"https:\/\/www.cnnbrasil.com.br\/tudo-sobre\/carlos-favaro\/\">ministro da Agricultura, Carlos F\u00e1varo<\/a>, destacou a import\u00e2ncia da harmonia entre o agroneg\u00f3cio e a preserva\u00e7\u00e3o ambiental durante entrevista \u00e0 <strong>CNN Brasil<\/strong>. A declara\u00e7\u00e3o foi feita no contexto do encontro do grupo de trabalho da agricultura do <a href=\"https:\/\/www.cnnbrasil.com.br\/tudo-sobre\/g20\/\">G20<\/a>, que est\u00e1 sendo realizado no estado de Mato Grosso esta semana.<\/p>\n<p>F\u00e1varo enfatizou que produ\u00e7\u00e3o e preserva\u00e7\u00e3o s\u00e3o a\u00e7\u00f5es complementares e fundamentais. \u201cAt\u00e9 pouco tempo atr\u00e1s, t\u00ednhamos discursos antagonistas entre produzir e preservar, e fica mais do que provado que n\u00e3o h\u00e1 diverg\u00eancia entre produzir e preservar\u201d, afirmou o ministro.<\/p>\n<aside class=\"read-too read-too--with-img\">\n<h2 class=\"read-too__title'&gt;Leia mais&lt;\/h2&gt; &lt;ul class=\" read-too__list=\"\"> <\/h2>\n<li class=\"read-too__list-item\"> <a class=\"read-too__link\" href=\"https:\/\/www.cnnbrasil.com.br\/nacional\/todas-as-regioes-do-brasil-estao-em-alerta-para-forte-calor-e-baixa-umidade\/\" target=\"_self\" rel=\"noopener\"> <picture class=\"read-too__picture\"> <img decoding=\"async\" class=\"read-too__img\" src=\"https:\/\/www.cnnbrasil.com.br\/wp-content\/uploads\/sites\/12\/2024\/09\/sp-agora-1.jpg?w=200\" alt=\"Todas as regi\u00f5es do Brasil est\u00e3o em alerta para forte calor e baixa umidade\" title=\"Todas as regi\u00f5es do Brasil est\u00e3o em alerta para forte calor e baixa umidade'\" loading=\"lazy\"\/> <\/picture>\n<h3 class=\"read-too__post-title\">Todas as regi\u00f5es do Brasil est\u00e3o em alerta para forte calor e baixa umidade<\/h3>\n<p> <\/a><\/li>\n<li class=\"read-too__list-item\"> <a class=\"read-too__link\" href=\"https:\/\/www.cnnbrasil.com.br\/economia\/macroeconomia\/se-nao-estivermos-nas-discussoes-novas-regras-e-imposicoes-virao-diz-blairo-maggi-sobre-o-g20-agro\/\" target=\"_self\" rel=\"noopener\"> <picture class=\"read-too__picture\"> <img decoding=\"async\" class=\"read-too__img\" src=\"https:\/\/www.cnnbrasil.com.br\/wp-content\/uploads\/sites\/12\/2024\/09\/blairo-maggi.jpg?w=200\" alt=\"\u201cSe n\u00e3o estivermos nas discuss\u00f5es, novas regras e imposi\u00e7\u00f5es vir\u00e3o\u201d, diz Blairo Maggi sobre o G20 Agro\" title=\"\u201cSe n\u00e3o estivermos nas discuss\u00f5es, novas regras e imposi\u00e7\u00f5es vir\u00e3o\u201d, diz Blairo Maggi sobre o G20 Agro'\" loading=\"lazy\"\/> <\/picture>\n<h3 class=\"read-too__post-title\">\u201cSe n\u00e3o estivermos nas discuss\u00f5es, novas regras e imposi\u00e7\u00f5es vir\u00e3o\u201d, diz Blairo Maggi sobre o G20 Agro<\/h3>\n<p> <\/a><\/li>\n<li class=\"read-too__list-item\"> <a class=\"read-too__link\" href=\"https:\/\/www.cnnbrasil.com.br\/economia\/macroeconomia\/andice-de-commodities-do-banco-central-cai-231-em-agosto-ante-julho\/\" target=\"_self\" rel=\"noopener\"> <picture class=\"read-too__picture\"> <img decoding=\"async\" class=\"read-too__img\" src=\"https:\/\/www.cnnbrasil.com.br\/wp-content\/uploads\/sites\/12\/2021\/11\/2021-10-29T230952Z_1_LYNXMPEH9S17Q_RTROPTP_3_BUNGELTD-RESULTS.jpg?w=200\" alt=\"\u00cdndice de Commodities do BC cai 2,31% em agosto; agro puxa baixa\" title=\"\u00cdndice de Commodities do BC cai 2,31% em agosto; agro puxa baixa'\" loading=\"lazy\"\/> <\/picture>\n<h3 class=\"read-too__post-title\">\u00cdndice de Commodities do BC cai 2,31% em agosto; agro puxa baixa<\/h3>\n<p> <\/a><\/li>\n<\/aside>\n<h2>Equil\u00edbrio clim\u00e1tico e produ\u00e7\u00e3o agr\u00edcola<\/h2>\n<p>O ministro ressaltou a rela\u00e7\u00e3o direta entre o equil\u00edbrio clim\u00e1tico e a capacidade de produ\u00e7\u00e3o agr\u00edcola. Segundo ele, mesmo com tecnologia avan\u00e7ada, sementes de alta qualidade e equipamentos modernos, a produ\u00e7\u00e3o agr\u00edcola depende fundamentalmente de condi\u00e7\u00f5es clim\u00e1ticas favor\u00e1veis.<\/p>\n<p>\u201cNingu\u00e9m consegue produzir se n\u00e3o tiver um equil\u00edbrio clim\u00e1tico\u201d, declarou F\u00e1varo, enfatizando a necessidade de chuva e sol na medida certa para o sucesso da agricultura.<\/p>\n<h2>G20 e discuss\u00f5es sobre sustentabilidade<\/h2>\n<p>O encontro do G20 em Mato Grosso re\u00fane representantes dos principais pa\u00edses do mundo para discutir quest\u00f5es cruciais relacionadas \u00e0 agricultura e ao meio ambiente. Entre os temas em pauta est\u00e3o sustentabilidade, preserva\u00e7\u00e3o ambiental, transi\u00e7\u00e3o energ\u00e9tica e mudan\u00e7as clim\u00e1ticas.<\/p>\n<p>F\u00e1varo indicou que essas discuss\u00f5es far\u00e3o parte dos textos a serem deliberados durante o evento, refor\u00e7ando o compromisso do Brasil com uma abordagem que integra produ\u00e7\u00e3o agr\u00edcola e conserva\u00e7\u00e3o ambiental.<\/p>\n<div class=\"disclaimer__ai\"> <em>Os textos gerados por intelig\u00eancia artificial na <strong>CNN Brasil<\/strong>\u00a0s\u00e3o feitos com base nos cortes de v\u00eddeos dos jornais de sua programa\u00e7\u00e3o. Todas as informa\u00e7\u00f5es s\u00e3o apuradas e checadas por jornalistas. O texto final tamb\u00e9m passa pela revis\u00e3o da equipe de jornalismo da\u00a0<strong>CNN<\/strong>.\u00a0<a href=\"https:\/\/www.cnnbrasil.com.br\/nacional\/saiba-como-a-cnn-brasil-utiliza-as-ferramentas-de-inteligencia-artificial\/\" target=\"_blank\" rel=\"noopener\">Clique aqui para saber mais<\/a>.<\/em><\/div>\n<\/div>\n<p><br \/>\n<br \/><a href=\"https:\/\/www.cnnbrasil.com.br\/politica\/favaro-a-cnn-agronegocio-e-preservacao-do-meio-ambiente-sao-complementares\/\">Source link <\/a><\/p>\n","protected":false},"excerpt":{"rendered":"<p>O ministro da Agricultura, Carlos F\u00e1varo, destacou a import\u00e2ncia da harmonia entre o agroneg\u00f3cio e a preserva\u00e7\u00e3o ambiental durante entrevista<\/p>\n","protected":false},"author":1,"featured_media":1333,"comment_status":"open","ping_status":"open","sticky":false,"template":"","format":"standard","meta":{"_monsterinsights_skip_tracking":false,"_monsterinsights_sitenote_active":false,"_monsterinsights_sitenote_note":"","_monsterinsights_sitenote_category":0,"_uf_show_specific_survey":0,"_uf_disable_surveys":false,"footnotes":""},"categories":[1],"tags":[],"class_list":["post-1332","post","type-post","status-publish","format-standard","has-post-thumbnail","hentry","category-news"],"_links":{"self":[{"href":"https:\/\/agromt.news\/index.php?rest_route=\/wp\/v2\/posts\/1332"}],"collection":[{"href":"https:\/\/agromt.news\/index.php?rest_route=\/wp\/v2\/posts"}],"about":[{"href":"https:\/\/agromt.news\/index.php?rest_route=\/wp\/v2\/types\/post"}],"author":[{"embeddable":true,"href":"https:\/\/agromt.news\/index.php?rest_route=\/wp\/v2\/users\/1"}],"replies":[{"embeddable":true,"href":"https:\/\/agromt.news\/index.php?rest_route=%2Fwp%2Fv2%2Fcomments&post=1332"}],"version-history":[{"count":0,"href":"https:\/\/agromt.news\/index.php?rest_route=\/wp\/v2\/posts\/1332\/revisions"}],"wp:featuredmedia":[{"embeddable":true,"href":"https:\/\/agromt.news\/index.php?rest_route=\/wp\/v2\/media\/1333"}],"wp:attachment":[{"href":"https:\/\/agromt.news\/index.php?rest_route=%2Fwp%2Fv2%2Fmedia&parent=1332"}],"wp:term":[{"taxonomy":"category","embeddable":true,"href":"https:\/\/agromt.news\/index.php?rest_route=%2Fwp%2Fv2%2Fcategories&post=1332"},{"taxonomy":"post_tag","embeddable":true,"href":"https:\/\/agromt.news\/index.php?rest_route=%2Fwp%2Fv2%2Ftags&post=1332"}],"curies":[{"name":"wp","href":"https:\/\/api.w.org\/{rel}","templated":true}]}}