{"id":1330,"date":"2024-09-10T14:49:13","date_gmt":"2024-09-10T18:49:13","guid":{"rendered":"https:\/\/agromt.news\/?p=1330"},"modified":"2024-09-10T14:49:13","modified_gmt":"2024-09-10T18:49:13","slug":"indice-que-mede-inflacao-oficial-tem-deflacao-em-agosto","status":"publish","type":"post","link":"https:\/\/agromt.news\/?p=1330","title":{"rendered":"\u00cdndice que mede infla\u00e7\u00e3o oficial tem defla\u00e7\u00e3o em agosto"},"content":{"rendered":"<p> <br \/>\n<\/p>\n<div>\n<p>O \u00cdndice Nacional de Pre\u00e7os ao Consumidor Amplo (IPCA), que mede a infla\u00e7\u00e3o oficial no pa\u00eds, registrou defla\u00e7\u00e3o (queda de pre\u00e7os) de 0,02% em agosto deste ano. Essa foi a primeira vez que o indicador teve\u00a0defla\u00e7\u00e3o desde junho de 2023 (-0,08%). O dado foi divulgado nesta ter\u00e7a-feira (10) pelo Instituto Brasileiro de Geografia e Estat\u00edstica (IBGE).<img decoding=\"async\" src=\"https:\/\/agromt.news\/wp-content\/uploads\/2024\/09\/Indice-que-mede-inflacao-oficial-tem-deflacao-em-agosto.png\"\/><img decoding=\"async\" src=\"https:\/\/agromt.news\/wp-content\/uploads\/2024\/09\/Indice-que-mede-inflacao-oficial-tem-deflacao-em-agosto.png\"\/><img decoding=\"async\" src=\"https:\/\/agromt.news\/wp-content\/uploads\/2024\/09\/Indice-que-mede-inflacao-oficial-tem-deflacao-em-agosto.gif\"\/><img decoding=\"async\" src=\"https:\/\/agromt.news\/wp-content\/uploads\/2024\/09\/Indice-que-mede-inflacao-oficial-tem-deflacao-em-agosto.gif\"\/><\/p>\n<p>O IPCA havia registrado taxas de infla\u00e7\u00e3o de 0,38% em julho deste ano e de 0,23% em agosto do ano passado. Com o resultado, o IPCA acumula taxa de 2,85% no ano. Em 12 meses, a taxa acumulada \u00e9 de 4,24%, abaixo do teto da meta estabelecido pelo Conselho Monet\u00e1rio Nacional (CMN), que \u00e9 de 4,5%.<\/p>\n<p><em>Confira na palma da m\u00e3o informa\u00e7\u00f5es quentes sobre agricultura, pecu\u00e1ria, economia e previs\u00e3o do tempo:<\/em><a href=\"https:\/\/www.whatsapp.com\/channel\/0029Va9VnZxGk1FplZjiW43k\"><em> <\/em><strong>siga o Canal Rural no WhatsApp<\/strong><\/a>!<\/p>\n<\/div>\n<div>\n<p>A queda de pre\u00e7os em agosto foi puxada principalmente pelos alimentos, que tiveram defla\u00e7\u00e3o de 0,44%, e pelo grupo de despesas habita\u00e7\u00e3o, que recuou 0,51%.<\/p>\n<p>O grupo alimenta\u00e7\u00e3o e bebidas j\u00e1 tinha apresentado queda de pre\u00e7os de 1% em julho. Em agosto, a defla\u00e7\u00e3o foi puxada pela alimenta\u00e7\u00e3o no domic\u00edlio, gra\u00e7as ao\u00a0recuo\u00a0de pre\u00e7os de itens como batata inglesa (-19,04%), tomate (-16,89%) e cebola (-16,85%).<\/p>\n<p>A defla\u00e7\u00e3o em habita\u00e7\u00e3o foi influenciada pela queda do pre\u00e7o na energia el\u00e9trica\u00a0(-2,77%).<\/p>\n<p>Os <strong><a href=\"https:\/\/www.canalrural.com.br\/economia\/logistica\/\">transportes<\/a><\/strong> n\u00e3o tiveram varia\u00e7\u00e3o de pre\u00e7os no m\u00eas. Por outro lado, seis grupos de despesas apresentaram infla\u00e7\u00e3o: artigos de resid\u00eancia (0,74%), vestu\u00e1rio (0,39%), sa\u00fade e cuidados pessoais (0,25%), despesas pessoais (0,25%), educa\u00e7\u00e3o (0,73%) e comunica\u00e7\u00e3o (0,10%).<\/p>\n<\/div>\n<p><br \/>\n<br \/><a href=\"https:\/\/www.canalrural.com.br\/economia\/indice-que-mede-inflacao-oficial-tem-deflacao-em-agosto\/\">Source link <\/a><\/p>\n","protected":false},"excerpt":{"rendered":"<p>O \u00cdndice Nacional de Pre\u00e7os ao Consumidor Amplo (IPCA), que mede a infla\u00e7\u00e3o oficial no pa\u00eds, registrou defla\u00e7\u00e3o (queda de<\/p>\n","protected":false},"author":1,"featured_media":1331,"comment_status":"open","ping_status":"open","sticky":false,"template":"","format":"standard","meta":{"_monsterinsights_skip_tracking":false,"_monsterinsights_sitenote_active":false,"_monsterinsights_sitenote_note":"","_monsterinsights_sitenote_category":0,"_uf_show_specific_survey":0,"_uf_disable_surveys":false,"footnotes":""},"categories":[1],"tags":[],"class_list":["post-1330","post","type-post","status-publish","format-standard","has-post-thumbnail","hentry","category-news"],"_links":{"self":[{"href":"https:\/\/agromt.news\/index.php?rest_route=\/wp\/v2\/posts\/1330"}],"collection":[{"href":"https:\/\/agromt.news\/index.php?rest_route=\/wp\/v2\/posts"}],"about":[{"href":"https:\/\/agromt.news\/index.php?rest_route=\/wp\/v2\/types\/post"}],"author":[{"embeddable":true,"href":"https:\/\/agromt.news\/index.php?rest_route=\/wp\/v2\/users\/1"}],"replies":[{"embeddable":true,"href":"https:\/\/agromt.news\/index.php?rest_route=%2Fwp%2Fv2%2Fcomments&post=1330"}],"version-history":[{"count":0,"href":"https:\/\/agromt.news\/index.php?rest_route=\/wp\/v2\/posts\/1330\/revisions"}],"wp:featuredmedia":[{"embeddable":true,"href":"https:\/\/agromt.news\/index.php?rest_route=\/wp\/v2\/media\/1331"}],"wp:attachment":[{"href":"https:\/\/agromt.news\/index.php?rest_route=%2Fwp%2Fv2%2Fmedia&parent=1330"}],"wp:term":[{"taxonomy":"category","embeddable":true,"href":"https:\/\/agromt.news\/index.php?rest_route=%2Fwp%2Fv2%2Fcategories&post=1330"},{"taxonomy":"post_tag","embeddable":true,"href":"https:\/\/agromt.news\/index.php?rest_route=%2Fwp%2Fv2%2Ftags&post=1330"}],"curies":[{"name":"wp","href":"https:\/\/api.w.org\/{rel}","templated":true}]}}