{"id":1328,"date":"2024-09-10T14:17:05","date_gmt":"2024-09-10T18:17:05","guid":{"rendered":"https:\/\/agromt.news\/?p=1328"},"modified":"2024-09-10T14:17:05","modified_gmt":"2024-09-10T18:17:05","slug":"ministro-da-agricultura-fala-sobre-papel-do-brasil-na-producao-de-biocombustiveis","status":"publish","type":"post","link":"https:\/\/agromt.news\/?p=1328","title":{"rendered":"Ministro da Agricultura fala sobre papel do Brasil na produ\u00e7\u00e3o de biocombust\u00edveis"},"content":{"rendered":"<p> <br \/>\n<\/p>\n<div>\n<p>O estado de Mato Grosso recebe esta semana o grupo de trabalho da agricultura do <a href=\"https:\/\/www.cnnbrasil.com.br\/tudo-sobre\/g20\/\">G20<\/a>, com a participa\u00e7\u00e3o do<a href=\"https:\/\/www.cnnbrasil.com.br\/tudo-sobre\/carlos-favaro\/\"> ministro da Agricultura, Carlos F\u00e1varo<\/a>. O evento, que come\u00e7ou nesta ter\u00e7a-feira e se estender\u00e1 at\u00e9 s\u00e1bado, re\u00fane representantes dos principais pa\u00edses do mundo para discutir quest\u00f5es cruciais do setor agr\u00edcola.<\/p>\n<p>Em entrevista \u00e0 <strong>CNN Brasil<\/strong>, em parceria com o Canal Rural, o ministro F\u00e1varo destacou o papel de lideran\u00e7a do Brasil na produ\u00e7\u00e3o de biocombust\u00edveis e na promo\u00e7\u00e3o da sustentabilidade no setor agr\u00edcola. \u201cO Brasil retorna ao protagonismo mundial com a volta do presidente Lula ao comando do pa\u00eds, as boas rela\u00e7\u00f5es diplom\u00e1ticas e as boas rela\u00e7\u00f5es de amizades, isso est\u00e1 gerando oportunidades comerciais muito importantes para o Brasil\u201d, afirmou o ministro.<\/p>\n<aside class=\"read-too read-too--with-img\">\n<h2 class=\"read-too__title'&gt;Leia mais&lt;\/h2&gt; &lt;ul class=\" read-too__list=\"\"> <\/h2>\n<li class=\"read-too__list-item\"> <a class=\"read-too__link\" href=\"https:\/\/www.cnnbrasil.com.br\/politica\/favaro-a-cnn-agronegocio-e-preservacao-do-meio-ambiente-sao-complementares\/\" target=\"_self\" rel=\"noopener\"> <picture class=\"read-too__picture\"> <img decoding=\"async\" class=\"read-too__img\" src=\"https:\/\/www.cnnbrasil.com.br\/wp-content\/uploads\/sites\/12\/2023\/08\/img20230817101736913.jpg?w=200\" alt=\"F\u00e1varo \u00e0 CNN: Agroneg\u00f3cio e preserva\u00e7\u00e3o do meio-ambiente s\u00e3o complementares\" title=\"F\u00e1varo \u00e0 CNN: Agroneg\u00f3cio e preserva\u00e7\u00e3o do meio-ambiente s\u00e3o complementares'\" loading=\"lazy\"\/> <\/picture>\n<h3 class=\"read-too__post-title\">F\u00e1varo \u00e0 CNN: Agroneg\u00f3cio e preserva\u00e7\u00e3o do meio-ambiente s\u00e3o complementares<\/h3>\n<p> <\/a><\/li>\n<li class=\"read-too__list-item\"> <a class=\"read-too__link\" href=\"https:\/\/www.cnnbrasil.com.br\/economia\/macroeconomia\/se-nao-estivermos-nas-discussoes-novas-regras-e-imposicoes-virao-diz-blairo-maggi-sobre-o-g20-agro\/\" target=\"_self\" rel=\"noopener\"> <picture class=\"read-too__picture\"> <img decoding=\"async\" class=\"read-too__img\" src=\"https:\/\/www.cnnbrasil.com.br\/wp-content\/uploads\/sites\/12\/2024\/09\/blairo-maggi.jpg?w=200\" alt=\"\u201cSe n\u00e3o estivermos nas discuss\u00f5es, novas regras e imposi\u00e7\u00f5es vir\u00e3o\u201d, diz Blairo Maggi sobre o G20 Agro\" title=\"\u201cSe n\u00e3o estivermos nas discuss\u00f5es, novas regras e imposi\u00e7\u00f5es vir\u00e3o\u201d, diz Blairo Maggi sobre o G20 Agro'\" loading=\"lazy\"\/> <\/picture>\n<h3 class=\"read-too__post-title\">\u201cSe n\u00e3o estivermos nas discuss\u00f5es, novas regras e imposi\u00e7\u00f5es vir\u00e3o\u201d, diz Blairo Maggi sobre o G20 Agro<\/h3>\n<p> <\/a><\/li>\n<li class=\"read-too__list-item\"> <a class=\"read-too__link\" href=\"https:\/\/www.cnnbrasil.com.br\/nacional\/inpe-queimadas-aumentaram-78-em-2024-no-brasil\/\" target=\"_self\" rel=\"noopener\"> <picture class=\"read-too__picture\"> <img decoding=\"async\" class=\"read-too__img\" src=\"https:\/\/www.cnnbrasil.com.br\/wp-content\/uploads\/sites\/12\/2024\/08\/FTA20240825085.jpg?w=200\" alt=\"Inpe: Queimadas aumentaram 78% em 2024 no Brasil\" title=\"Inpe: Queimadas aumentaram 78% em 2024 no Brasil'\" loading=\"lazy\"\/> <\/picture>\n<h3 class=\"read-too__post-title\">Inpe: Queimadas aumentaram 78% em 2024 no Brasil<\/h3>\n<p> <\/a><\/li>\n<\/aside>\n<h2>Avan\u00e7os nas rela\u00e7\u00f5es comerciais<\/h2>\n<p>F\u00e1varo ressaltou os avan\u00e7os significativos nas rela\u00e7\u00f5es comerciais do pa\u00eds: \u201c184 novos mercados foram abertos nesses 20 meses para os produtos da agropecu\u00e1ria brasileira, 53 pa\u00edses que n\u00f3s n\u00e3o t\u00ednhamos rela\u00e7\u00f5es comerciais para esses produtos, hoje est\u00e3o abertos para negocia\u00e7\u00f5es\u201d.<\/p>\n<p>O ministro tamb\u00e9m enfatizou a import\u00e2ncia da sustentabilidade e da transi\u00e7\u00e3o energ\u00e9tica, destacando o papel do Brasil como protagonista na quest\u00e3o dos biocombust\u00edveis. \u201cN\u00e3o h\u00e1 diverg\u00eancia entre produzir e preservar, ao contr\u00e1rio, s\u00e3o a\u00e7\u00f5es complementares e fundamentais\u201d, declarou F\u00e1varo, acrescentando que este ser\u00e1 um dos temas centrais das delibera\u00e7\u00f5es do encontro.<\/p>\n<h2>Agenda do G20<\/h2>\n<p>Entre os principais t\u00f3picos a serem discutidos durante o evento est\u00e3o sustentabilidade, preserva\u00e7\u00e3o do meio ambiente, transi\u00e7\u00e3o energ\u00e9tica e mudan\u00e7as clim\u00e1ticas. O encontro busca alinhar estrat\u00e9gias e pol\u00edticas entre as na\u00e7\u00f5es participantes para enfrentar os desafios globais do setor agr\u00edcola.<\/p>\n<p>A realiza\u00e7\u00e3o deste evento em solo brasileiro refor\u00e7a a posi\u00e7\u00e3o do pa\u00eds como um l\u00edder global em agricultura sustent\u00e1vel e produ\u00e7\u00e3o de biocombust\u00edveis, consolidando sua influ\u00eancia nas discuss\u00f5es internacionais sobre o futuro do setor.<\/p>\n<div class=\"disclaimer__ai\"> <em>Os textos gerados por intelig\u00eancia artificial na <strong>CNN Brasil<\/strong>\u00a0s\u00e3o feitos com base nos cortes de v\u00eddeos dos jornais de sua programa\u00e7\u00e3o. Todas as informa\u00e7\u00f5es s\u00e3o apuradas e checadas por jornalistas. O texto final tamb\u00e9m passa pela revis\u00e3o da equipe de jornalismo da\u00a0<strong>CNN<\/strong>.\u00a0<a href=\"https:\/\/www.cnnbrasil.com.br\/nacional\/saiba-como-a-cnn-brasil-utiliza-as-ferramentas-de-inteligencia-artificial\/\" target=\"_blank\" rel=\"noopener\">Clique aqui para saber mais<\/a>.<\/em><\/div>\n<\/div>\n<p><br \/>\n<br \/><a href=\"https:\/\/www.cnnbrasil.com.br\/economia\/macroeconomia\/ministro-da-agricultura-fala-sobre-papel-do-brasil-na-producao-de-biocombustiveis\/\">Source link <\/a><\/p>\n","protected":false},"excerpt":{"rendered":"<p>O estado de Mato Grosso recebe esta semana o grupo de trabalho da agricultura do G20, com a participa\u00e7\u00e3o do<\/p>\n","protected":false},"author":1,"featured_media":1329,"comment_status":"open","ping_status":"open","sticky":false,"template":"","format":"standard","meta":{"_monsterinsights_skip_tracking":false,"_monsterinsights_sitenote_active":false,"_monsterinsights_sitenote_note":"","_monsterinsights_sitenote_category":0,"_uf_show_specific_survey":0,"_uf_disable_surveys":false,"footnotes":""},"categories":[1],"tags":[],"class_list":["post-1328","post","type-post","status-publish","format-standard","has-post-thumbnail","hentry","category-news"],"_links":{"self":[{"href":"https:\/\/agromt.news\/index.php?rest_route=\/wp\/v2\/posts\/1328"}],"collection":[{"href":"https:\/\/agromt.news\/index.php?rest_route=\/wp\/v2\/posts"}],"about":[{"href":"https:\/\/agromt.news\/index.php?rest_route=\/wp\/v2\/types\/post"}],"author":[{"embeddable":true,"href":"https:\/\/agromt.news\/index.php?rest_route=\/wp\/v2\/users\/1"}],"replies":[{"embeddable":true,"href":"https:\/\/agromt.news\/index.php?rest_route=%2Fwp%2Fv2%2Fcomments&post=1328"}],"version-history":[{"count":0,"href":"https:\/\/agromt.news\/index.php?rest_route=\/wp\/v2\/posts\/1328\/revisions"}],"wp:featuredmedia":[{"embeddable":true,"href":"https:\/\/agromt.news\/index.php?rest_route=\/wp\/v2\/media\/1329"}],"wp:attachment":[{"href":"https:\/\/agromt.news\/index.php?rest_route=%2Fwp%2Fv2%2Fmedia&parent=1328"}],"wp:term":[{"taxonomy":"category","embeddable":true,"href":"https:\/\/agromt.news\/index.php?rest_route=%2Fwp%2Fv2%2Fcategories&post=1328"},{"taxonomy":"post_tag","embeddable":true,"href":"https:\/\/agromt.news\/index.php?rest_route=%2Fwp%2Fv2%2Ftags&post=1328"}],"curies":[{"name":"wp","href":"https:\/\/api.w.org\/{rel}","templated":true}]}}