{"id":1326,"date":"2024-09-10T11:55:37","date_gmt":"2024-09-10T15:55:37","guid":{"rendered":"https:\/\/agromt.news\/?p=1326"},"modified":"2024-09-10T11:55:37","modified_gmt":"2024-09-10T15:55:37","slug":"escalada-de-violencia-no-oeste-do-parana-preocupa-produtores-rurais","status":"publish","type":"post","link":"https:\/\/agromt.news\/?p=1326","title":{"rendered":"Escalada de viol\u00eancia no oeste do Paran\u00e1 preocupa produtores rurais"},"content":{"rendered":"<p> <br \/>\n<br \/><img decoding=\"async\" src=\"https:\/\/agromt.news\/wp-content\/uploads\/2024\/09\/Escalada-de-violencia-no-oeste-do-Parana-preocupa-produtores-rurais.jpg\" \/><\/p>\n<div>\n<p>A tens\u00e3o segue em alta no oeste do <a href=\"https:\/\/www.canalrural.com.br\/nacional\/parana\/\">Paran\u00e1<\/a>, com o aumento de conflitos envolvendo ocupa\u00e7\u00f5es de propriedades rurais nas cidades de Gua\u00edra e Terra Roxa. A situa\u00e7\u00e3o deixou os propriet\u00e1rios de terras da regi\u00e3o em alerta, especialmente ap\u00f3s recentes epis\u00f3dios de viol\u00eancia. Em uma das ocorr\u00eancias mais graves, um grupo de ind\u00edgenas ateou fogo em cinco hectares de uma propriedade, atingindo, inclusive, uma \u00e1rea de reserva legal.<\/p>\n<figure class=\"wp-block-embed is-type-video is-provider-youtube wp-block-embed-youtube wp-embed-aspect-16-9 wp-has-aspect-ratio\">\n<p>\n<iframe title=\"Oeste do Paran\u00e1 | Escalada de conflitos aumenta tens\u00e3o e deixa produtores em alerta\" width=\"800\" height=\"450\" src=\"https:\/\/www.youtube.com\/embed\/XIY6mEkQPuk?feature=oembed\" frameborder=\"0\" allow=\"accelerometer; autoplay; clipboard-write; encrypted-media; gyroscope; picture-in-picture; web-share\" referrerpolicy=\"strict-origin-when-cross-origin\" allowfullscreen><\/iframe><noscript><iframe title=\"Oeste do Paran\u00e1 | Escalada de conflitos aumenta tens\u00e3o e deixa produtores em alerta\" width=\"800\" height=\"450\" src=\"https:\/\/www.youtube.com\/embed\/XIY6mEkQPuk?feature=oembed\" frameborder=\"0\" allow=\"accelerometer; autoplay; clipboard-write; encrypted-media; gyroscope; picture-in-picture; web-share\" referrerpolicy=\"strict-origin-when-cross-origin\" allowfullscreen><\/iframe><\/noscript>\n<\/p>\n<\/figure>\n<p>Na \u00faltima sexta-feira (6), a Fazenda Brilhante, localizada em Terra Roxa, foi palco de outro confronto entre invasores e a For\u00e7a Nacional. Durante o embate, os ind\u00edgenas avan\u00e7aram sobre os policiais, armados com arcos, flechas e outras armas, chegando a capturar o fuzil de um dos agentes, que ficou ferido. As imagens do confronto mostram os policiais recuando enquanto os invasores avan\u00e7am.<\/p>\n<p><em>Confira na palma da m\u00e3o informa\u00e7\u00f5es quentes sobre agricultura, pecu\u00e1ria, economia e previs\u00e3o do tempo:<\/em><a href=\"https:\/\/www.whatsapp.com\/channel\/0029Va9VnZxGk1FplZjiW43k\"><em> <\/em><strong>siga o Canal Rural no WhatsApp<\/strong><\/a>!<\/p>\n<\/div>\n<div>\n<p>Em Gua\u00edra, uma \u00e1rea de 75 hectares foi ocupada por um grupo autodenominado ind\u00edgena desde o dia 17 de julho. No final de agosto, moradores do bairro Eletrosul tamb\u00e9m invadiram parte da propriedade, temendo que os ind\u00edgenas se aproximassem da regi\u00e3o. A fam\u00edlia propriet\u00e1ria obteve, por meio da Justi\u00e7a, uma ordem de reintegra\u00e7\u00e3o de posse, mas at\u00e9 o momento nada foi feito para cumprir a decis\u00e3o.<\/p>\n<p>Rodrigo e Henrique Triches, propriet\u00e1rios de uma das \u00e1reas invadidas, relatam os danos causados pela ocupa\u00e7\u00e3o. \u201c<em>Eles desmatam, cortam as \u00e1rvores e botam fogo. Recentemente, incendiaram cerca de cinco hectares da nossa propriedade, incluindo a \u00e1rea de reserva<\/em>\u201c, afirmaram. Segundo eles, a invas\u00e3o impede a continuidade do trabalho na terra, j\u00e1 que os invasores n\u00e3o permitem o uso de maquin\u00e1rio para o preparo do solo.<\/p>\n<p>Al\u00e9m dos conflitos, os inc\u00eandios na regi\u00e3o t\u00eam agravado a situa\u00e7\u00e3o, prejudicando o solo e afetando a produ\u00e7\u00e3o agr\u00edcola. \u201c<em>Estamos perdendo prazo. Isso interfere diretamente na nossa capacidade de produ\u00e7\u00e3o, e a mata ciliar ter\u00e1 que ser replantada<\/em>\u201c, lamentaram os propriet\u00e1rios.<\/p>\n<p>Diante do agravamento da situa\u00e7\u00e3o, a Federa\u00e7\u00e3o da Agricultura do Estado do Paran\u00e1 anunciou o envio de um pedido de audi\u00eancia ao ministro da Justi\u00e7a e Seguran\u00e7a P\u00fablica, Ricardo Lewandowski, para exigir medidas mais en\u00e9rgicas do governo federal para resolver os conflitos na regi\u00e3o.<\/p>\n<\/div>\n<p><br \/>\n<br \/><a href=\"https:\/\/www.canalrural.com.br\/seguranca\/escalada-de-violencia-no-oeste-do-parana-preocupa-produtores-rurais\/\">Source link <\/a><\/p>\n","protected":false},"excerpt":{"rendered":"<p>A tens\u00e3o segue em alta no oeste do Paran\u00e1, com o aumento de conflitos envolvendo ocupa\u00e7\u00f5es de propriedades rurais nas<\/p>\n","protected":false},"author":1,"featured_media":1327,"comment_status":"open","ping_status":"open","sticky":false,"template":"","format":"standard","meta":{"_monsterinsights_skip_tracking":false,"_monsterinsights_sitenote_active":false,"_monsterinsights_sitenote_note":"","_monsterinsights_sitenote_category":0,"_uf_show_specific_survey":0,"_uf_disable_surveys":false,"footnotes":""},"categories":[1],"tags":[],"class_list":["post-1326","post","type-post","status-publish","format-standard","has-post-thumbnail","hentry","category-news"],"_links":{"self":[{"href":"https:\/\/agromt.news\/index.php?rest_route=\/wp\/v2\/posts\/1326"}],"collection":[{"href":"https:\/\/agromt.news\/index.php?rest_route=\/wp\/v2\/posts"}],"about":[{"href":"https:\/\/agromt.news\/index.php?rest_route=\/wp\/v2\/types\/post"}],"author":[{"embeddable":true,"href":"https:\/\/agromt.news\/index.php?rest_route=\/wp\/v2\/users\/1"}],"replies":[{"embeddable":true,"href":"https:\/\/agromt.news\/index.php?rest_route=%2Fwp%2Fv2%2Fcomments&post=1326"}],"version-history":[{"count":0,"href":"https:\/\/agromt.news\/index.php?rest_route=\/wp\/v2\/posts\/1326\/revisions"}],"wp:featuredmedia":[{"embeddable":true,"href":"https:\/\/agromt.news\/index.php?rest_route=\/wp\/v2\/media\/1327"}],"wp:attachment":[{"href":"https:\/\/agromt.news\/index.php?rest_route=%2Fwp%2Fv2%2Fmedia&parent=1326"}],"wp:term":[{"taxonomy":"category","embeddable":true,"href":"https:\/\/agromt.news\/index.php?rest_route=%2Fwp%2Fv2%2Fcategories&post=1326"},{"taxonomy":"post_tag","embeddable":true,"href":"https:\/\/agromt.news\/index.php?rest_route=%2Fwp%2Fv2%2Ftags&post=1326"}],"curies":[{"name":"wp","href":"https:\/\/api.w.org\/{rel}","templated":true}]}}