{"id":1324,"date":"2024-09-10T11:44:36","date_gmt":"2024-09-10T15:44:36","guid":{"rendered":"https:\/\/agromt.news\/?p=1324"},"modified":"2024-09-10T11:44:36","modified_gmt":"2024-09-10T15:44:36","slug":"indice-de-inflacao-dos-custos-de-producao-de-julho-traz-forte-elevacao-de-custos-diz-farsul","status":"publish","type":"post","link":"https:\/\/agromt.news\/?p=1324","title":{"rendered":"\u00cdndice de Infla\u00e7\u00e3o dos Custos de Produ\u00e7\u00e3o de julho traz forte eleva\u00e7\u00e3o de custos, diz Farsul"},"content":{"rendered":"<p> <br \/>\n<\/p>\n<div>\n<div class=\"row\">\n<div class=\"col-lg col-infos mt-3 mt-lg-0\">\n<div class=\"section-sub-title\">\n<p itemprop=\"description\">\nInfla\u00e7\u00e3o dos custos de produ\u00e7\u00e3o teve alta de 2% e pre\u00e7os recebidos sobem 0,3%\n<\/p>\n<\/div>\n<div class=\"container\">\n<div class=\"row\">\n<div class=\"col-lg p-0\">\n<div>\n<div class=\"block-news-main-infos mt-3 text-start\">\n<strong class=\"fn\" itemprop=\"author\" style=\"color: rgb(112, 112, 112); \"><br \/>\n<a href=\"https:\/\/www.agrolink.com.br\/noticias\/javascript:;\" class=\"text-uppercase\" target=\"_blank\" style=\"color: rgb(112, 112, 112); \" rel=\"noopener\">FARSUL<\/a><br \/>\n<\/strong><br \/>\n<br \/>\n<abbr><time datetime=\"2024-09-09T13:50\" itemprop=\"datePublished dateModified\">Publicado em 09\/09\/2024 \u00e0s 13:50h.<\/time><\/abbr>\n<\/div>\n<\/div>\n<\/div>\n<div class=\"col-lg p-0 text-lg-end\">\n<div>\n<div id=\"mdEnviarPagina\" class=\"modal fade\" role=\"dialog\">\n<div class=\"modal-dialog\">\n<div class=\"modal-content\">\n<div class=\"modal-body\">\n<p><strong>Estimado usu\u00e1rio.<\/strong><br \/>Preencha o formul\u00e1rio abaixo para remeter a p\u00e1gina.<\/p>\n<\/div>\n<\/div>\n<\/div>\n<\/div>\n<\/div>\n<\/div>\n<\/div>\n<\/div>\n<\/div>\n<\/div>\n<div class=\"row justify-content-md-center mt-3\">\n<div class=\"col-lg-auto col-image  block-news-main-image d-none d-md-block\">\n<img decoding=\"async\" src=\"https:\/\/www.agrolink.com.br\/upload\/imagens-resizes\/1240d81fe5c747bda5d3f183814b0122_858x483.jpg\" class=\"lazyload\"\/><br \/>\n<span class=\"publicity-photo d-block mt-1\">Foto: Divulga\u00e7\u00e3o<\/span>\n<\/div>\n<\/div>\n<div class=\"section-description section-description-noticias mt-3\">\n<p style=\"text-align:justify\">O\u00cdndice de Infla\u00e7\u00e3o dos Custos de Produ\u00e7\u00e3o (Iicp) de julho registrou uma forte alta de 2% em compara\u00e7\u00e3o com o m\u00eas anterior. A escalada da infla\u00e7\u00e3o do \u00edndice se deve, em boa parte, pelo aumento da taxa de c\u00e2mbio, atrav\u00e9s do encarecimento dos <a href=\"https:\/\/www.agrolink.com.br\/fertilizantes\/?utm_source=agrolink-detalhe-noticia&amp;utm_medium=detalhe-noticia&amp;utm_campaign=links-internos\" target=\"_blank\" rel=\"noopener\">fertilizantes<\/a>, que s\u00e3o um custo operacional significativo para o produtor. As informa\u00e7\u00f5es foram divulgadas pela Assessoria Econ\u00f4mica da Farsul nesta quinta-feira (05).\n<\/p>\n<p style=\"text-align:justify\">O Iicp, no acumulado de 12 meses, registra uma infla\u00e7\u00e3o de 4,42%. Al\u00e9m do c\u00e2mbio, o custo com sementes contribuiu para a eleva\u00e7\u00e3o, visto que o clima prejudicou os rendimentos da safra passada, o que se reflete em maior pre\u00e7o das sementes deste ciclo.\n<\/p>\n<p style=\"text-align:justify\">O \u00cdndice de Pre\u00e7os Recebidos pelo Produtos Rurais (Iipr) de julho teve uma leva infla\u00e7\u00e3o, de 0,3% em rela\u00e7\u00e3o a junho, alavancado pela alta do arroz, mas que foi equalizado pela perda de pre\u00e7o da soja. A maioria dos outros gr\u00e3os da cesta se manteve est\u00e1vel ou em queda. Isso se reflete em uma infla\u00e7\u00e3o de 2,30% no acumulado dos \u00faltimos 12 meses do Iipr.\n<\/p>\n<p style=\"text-align:justify\">J\u00e1 no acumulado do ano, o \u00edndice apresenta uma queda de 8,5%, em compara\u00e7\u00e3o com a alta de 3,65% do Ipca Alimentos, o que aponta para outros processo inflacion\u00e1rios ao longo da cadeia produtiva.<\/p>\n<\/div>\n<\/div>\n<p><script data-cfasync=\"false\">\n    !function (f, b, e, v, n, t, s) {\n        if (f.fbq) return; n = f.fbq = function () {\n            n.callMethod ?\n                n.callMethod.apply(n, arguments) : n.queue.push(arguments)\n        };\n        if (!f._fbq) f._fbq = n; n.push = n; n.loaded = !0; n.version = '2.0';\n        n.queue = []; t = b.createElement(e); t.async = !0;\n        t.src = v; s = b.getElementsByTagName(e)[0];\n        s.parentNode.insertBefore(t, s)\n    }(window, document, 'script',\n        'https:\/\/connect.facebook.net\/en_US\/fbevents.js');\n    fbq('init', '522546078623747');\n    fbq('track', 'PageView');\n<\/script><br \/>\n<br \/><br \/>\n<br \/><a href=\"https:\/\/www.agrolink.com.br\/noticias\/indice-de-inflacao-dos-custos-de-producao-de-julho-traz-forte-elevacao-de-custos--diz-farsul_494777.html\">Source link <\/a><\/p>\n","protected":false},"excerpt":{"rendered":"<p>Infla\u00e7\u00e3o dos custos de produ\u00e7\u00e3o teve alta de 2% e pre\u00e7os recebidos sobem 0,3% FARSUL Publicado em 09\/09\/2024 \u00e0s 13:50h.<\/p>\n","protected":false},"author":1,"featured_media":1325,"comment_status":"open","ping_status":"open","sticky":false,"template":"","format":"standard","meta":{"_monsterinsights_skip_tracking":false,"_monsterinsights_sitenote_active":false,"_monsterinsights_sitenote_note":"","_monsterinsights_sitenote_category":0,"_uf_show_specific_survey":0,"_uf_disable_surveys":false,"footnotes":""},"categories":[8,1,14],"tags":[],"class_list":["post-1324","post","type-post","status-publish","format-standard","has-post-thumbnail","hentry","category-agro","category-news","category-politica-agro"],"_links":{"self":[{"href":"https:\/\/agromt.news\/index.php?rest_route=\/wp\/v2\/posts\/1324"}],"collection":[{"href":"https:\/\/agromt.news\/index.php?rest_route=\/wp\/v2\/posts"}],"about":[{"href":"https:\/\/agromt.news\/index.php?rest_route=\/wp\/v2\/types\/post"}],"author":[{"embeddable":true,"href":"https:\/\/agromt.news\/index.php?rest_route=\/wp\/v2\/users\/1"}],"replies":[{"embeddable":true,"href":"https:\/\/agromt.news\/index.php?rest_route=%2Fwp%2Fv2%2Fcomments&post=1324"}],"version-history":[{"count":0,"href":"https:\/\/agromt.news\/index.php?rest_route=\/wp\/v2\/posts\/1324\/revisions"}],"wp:featuredmedia":[{"embeddable":true,"href":"https:\/\/agromt.news\/index.php?rest_route=\/wp\/v2\/media\/1325"}],"wp:attachment":[{"href":"https:\/\/agromt.news\/index.php?rest_route=%2Fwp%2Fv2%2Fmedia&parent=1324"}],"wp:term":[{"taxonomy":"category","embeddable":true,"href":"https:\/\/agromt.news\/index.php?rest_route=%2Fwp%2Fv2%2Fcategories&post=1324"},{"taxonomy":"post_tag","embeddable":true,"href":"https:\/\/agromt.news\/index.php?rest_route=%2Fwp%2Fv2%2Ftags&post=1324"}],"curies":[{"name":"wp","href":"https:\/\/api.w.org\/{rel}","templated":true}]}}