{"id":1318,"date":"2024-09-10T09:43:55","date_gmt":"2024-09-10T13:43:55","guid":{"rendered":"https:\/\/agromt.news\/?p=1318"},"modified":"2024-09-10T09:43:55","modified_gmt":"2024-09-10T13:43:55","slug":"6-mil-toneladas-de-milho-serao-leiloadas-para-transporte-pela-conab","status":"publish","type":"post","link":"https:\/\/agromt.news\/?p=1318","title":{"rendered":"6 mil toneladas de milho ser\u00e3o leiloadas para transporte pela Conab"},"content":{"rendered":"<p> <br \/>\n<\/p>\n<div>\n<div class=\"row\">\n<div class=\"col-lg col-infos mt-3 mt-lg-0\">\n<div class=\"section-sub-title\">\n<p itemprop=\"description\">\nO cereal, referente \u00e0 safra 2023\/2024, ser\u00e1 transportado a granel\n<\/p>\n<\/div>\n<div class=\"container\">\n<div class=\"row\">\n<div class=\"col-lg p-0\">\n<div>\n<div class=\"block-news-main-infos mt-3 text-start\">\n<strong class=\"fn\" itemprop=\"author\" style=\"color: rgb(112, 112, 112); \"><br \/>\n<a href=\"https:\/\/www.agrolink.com.br\/noticias\/javascript:;\" class=\"text-uppercase\" target=\"_blank\" style=\"color: rgb(112, 112, 112); \" rel=\"noopener\">Agrolink<\/a><br \/>\n&#8211; Aline Merladete<br \/>\n<\/strong><br \/>\n<br \/>\n<abbr><time datetime=\"2024-09-09T13:56\" itemprop=\"datePublished dateModified\">Publicado em 09\/09\/2024 \u00e0s 13:56h.<\/time><\/abbr>\n<\/div>\n<\/div>\n<\/div>\n<div class=\"col-lg p-0 text-lg-end\">\n<div>\n<div id=\"mdEnviarPagina\" class=\"modal fade\" role=\"dialog\">\n<div class=\"modal-dialog\">\n<div class=\"modal-content\">\n<div class=\"modal-body\">\n<p><strong>Estimado usu\u00e1rio.<\/strong><br \/>Preencha o formul\u00e1rio abaixo para remeter a p\u00e1gina.<\/p>\n<\/div>\n<\/div>\n<\/div>\n<\/div>\n<\/div>\n<\/div>\n<\/div>\n<\/div>\n<\/div>\n<\/div>\n<div class=\"row justify-content-md-center mt-3\">\n<div class=\"col-lg-auto col-image  block-news-main-image d-none d-md-block\">\n<img decoding=\"async\" src=\"https:\/\/www.agrolink.com.br\/upload\/imagens-resizes\/2483e421b18845be880402cc50a2b655_858x483.jpg\" class=\"lazyload\"\/><br \/>\n<span class=\"publicity-photo d-block mt-1\">Foto: Nadia Borges<\/span>\n<\/div>\n<\/div>\n<div class=\"section-description section-description-noticias mt-3\">\n<p style=\"text-align:justify\">Segundo dados divulgados pela Companhia Nacional de Abastecimento (Conab), ser\u00e1 realizado um novo leil\u00e3o para contrata\u00e7\u00e3o de frete destinado ao transporte de 6 mil toneladas de <a href=\"https:\/\/www.agrolink.com.br\/culturas\/milho?utm_source=agrolink-detalhe-noticia&amp;utm_medium=detalhe-noticia&amp;utm_campaign=links-internos&#9;\" target=\"_blank\" rel=\"noopener\">milho<\/a> dos estoques p\u00fablicos. O preg\u00e3o est\u00e1 marcado para segunda-feira, 9 de setembro, \u00e0s 9h30, pelo Sistema de Comercializa\u00e7\u00e3o Eletr\u00f4nico (Siscoe) da Conab. O cereal, referente \u00e0 safra 2023\/2024, ser\u00e1 transportado a granel.\n<\/p>\n<p style=\"text-align:justify\">O <a href=\"https:\/\/www.agrolink.com.br\/culturas\/milho?utm_source=agrolink-detalhe-noticia&amp;utm_medium=detalhe-noticia&amp;utm_campaign=links-internos&#9;\" target=\"_blank\" rel=\"noopener\">milho<\/a> ser\u00e1 retirado do munic\u00edpio de Vera, em Mato Grosso, e distribu\u00eddo para tr\u00eas destinos: Irec\u00ea (BA), com um lote de 1,5 mil toneladas; Bras\u00edlia (DF), com 3,5 mil toneladas; e Campina Grande (PB), que receber\u00e1 1 mil toneladas.<\/p>\n<p style=\"text-align:justify\">A opera\u00e7\u00e3o faz parte do Programa de Venda em Balc\u00e3o (ProVB), que oferece milho a pre\u00e7os acess\u00edveis para pequenos criadores de animais. Para participar do leil\u00e3o, \u00e9 necess\u00e1rio estar cadastrado no Sistema de Cadastro Nacional de Produtores Rurais e Demais Agentes (Sican) e atender aos requisitos estabelecidos pela Conab.\n<\/p>\n<\/div>\n<\/div>\n<p><script data-cfasync=\"false\">\n    !function (f, b, e, v, n, t, s) {\n        if (f.fbq) return; n = f.fbq = function () {\n            n.callMethod ?\n                n.callMethod.apply(n, arguments) : n.queue.push(arguments)\n        };\n        if (!f._fbq) f._fbq = n; n.push = n; n.loaded = !0; n.version = '2.0';\n        n.queue = []; t = b.createElement(e); t.async = !0;\n        t.src = v; s = b.getElementsByTagName(e)[0];\n        s.parentNode.insertBefore(t, s)\n    }(window, document, 'script',\n        'https:\/\/connect.facebook.net\/en_US\/fbevents.js');\n    fbq('init', '522546078623747');\n    fbq('track', 'PageView');\n<\/script><br \/>\n<br \/><br \/>\n<br \/><a href=\"https:\/\/www.agrolink.com.br\/noticias\/6-mil-toneladas-de-milho-serao-leiloadas-para-transporte-pela-conab_494778.html\">Source link <\/a><\/p>\n","protected":false},"excerpt":{"rendered":"<p>O cereal, referente \u00e0 safra 2023\/2024, ser\u00e1 transportado a granel Agrolink &#8211; Aline Merladete Publicado em 09\/09\/2024 \u00e0s 13:56h. Estimado<\/p>\n","protected":false},"author":1,"featured_media":1319,"comment_status":"open","ping_status":"open","sticky":false,"template":"","format":"standard","meta":{"_monsterinsights_skip_tracking":false,"_monsterinsights_sitenote_active":false,"_monsterinsights_sitenote_note":"","_monsterinsights_sitenote_category":0,"_uf_show_specific_survey":0,"_uf_disable_surveys":false,"footnotes":""},"categories":[8,1,14],"tags":[],"class_list":["post-1318","post","type-post","status-publish","format-standard","has-post-thumbnail","hentry","category-agro","category-news","category-politica-agro"],"_links":{"self":[{"href":"https:\/\/agromt.news\/index.php?rest_route=\/wp\/v2\/posts\/1318"}],"collection":[{"href":"https:\/\/agromt.news\/index.php?rest_route=\/wp\/v2\/posts"}],"about":[{"href":"https:\/\/agromt.news\/index.php?rest_route=\/wp\/v2\/types\/post"}],"author":[{"embeddable":true,"href":"https:\/\/agromt.news\/index.php?rest_route=\/wp\/v2\/users\/1"}],"replies":[{"embeddable":true,"href":"https:\/\/agromt.news\/index.php?rest_route=%2Fwp%2Fv2%2Fcomments&post=1318"}],"version-history":[{"count":0,"href":"https:\/\/agromt.news\/index.php?rest_route=\/wp\/v2\/posts\/1318\/revisions"}],"wp:featuredmedia":[{"embeddable":true,"href":"https:\/\/agromt.news\/index.php?rest_route=\/wp\/v2\/media\/1319"}],"wp:attachment":[{"href":"https:\/\/agromt.news\/index.php?rest_route=%2Fwp%2Fv2%2Fmedia&parent=1318"}],"wp:term":[{"taxonomy":"category","embeddable":true,"href":"https:\/\/agromt.news\/index.php?rest_route=%2Fwp%2Fv2%2Fcategories&post=1318"},{"taxonomy":"post_tag","embeddable":true,"href":"https:\/\/agromt.news\/index.php?rest_route=%2Fwp%2Fv2%2Ftags&post=1318"}],"curies":[{"name":"wp","href":"https:\/\/api.w.org\/{rel}","templated":true}]}}