{"id":1316,"date":"2024-09-10T09:14:51","date_gmt":"2024-09-10T13:14:51","guid":{"rendered":"https:\/\/agromt.news\/?p=1316"},"modified":"2024-09-10T09:14:51","modified_gmt":"2024-09-10T13:14:51","slug":"principais-momentos-do-evento-destacam-lideranca-do-brasil-no-agro","status":"publish","type":"post","link":"https:\/\/agromt.news\/?p=1316","title":{"rendered":"principais momentos do evento destacam lideran\u00e7a do Brasil no agro"},"content":{"rendered":"<p> <br \/>\n<br \/><img decoding=\"async\" src=\"https:\/\/agromt.news\/wp-content\/uploads\/2024\/09\/principais-momentos-do-evento-destacam-lideranca-do-Brasil-no-agro.jpg\" \/><\/p>\n<div>\n<p>O <strong>FIAP 2024<\/strong>, realizado em Cuiab\u00e1, Mato Grosso, reuniu l\u00edderes do agroneg\u00f3cio e representantes internacionais para discutir o futuro da agricultura sustent\u00e1vel. Um dos destaques foi a participa\u00e7\u00e3o do <strong><a href=\"https:\/\/www.canalrural.com.br\/agricultura\/uniao-europeia-elogia-avancos-do-agro-brasileiro-e-propoe-parceria-sustentavel\/\">conselheiro da Uni\u00e3o Europeia, Laurent Javaudin, que elogiou os avan\u00e7os do agro brasileiro<\/a><\/strong> e prop\u00f4s uma parceria para impulsionar o <strong>Green Deal<\/strong>, refor\u00e7ando o compromisso com a neutralidade clim\u00e1tica.<\/p>\n<figure class=\"wp-block-embed is-type-video is-provider-youtube wp-block-embed-youtube wp-embed-aspect-16-9 wp-has-aspect-ratio\">\n<p>\n<iframe title=\"Novas Regras e Modelos para Garantir a Seguran\u00e7a Alimentar do Planeta\" width=\"800\" height=\"450\" src=\"https:\/\/www.youtube.com\/embed\/IPwA85_wW40?feature=oembed\" frameborder=\"0\" allow=\"accelerometer; autoplay; clipboard-write; encrypted-media; gyroscope; picture-in-picture; web-share\" referrerpolicy=\"strict-origin-when-cross-origin\" allowfullscreen><\/iframe><noscript><iframe title=\"Novas Regras e Modelos para Garantir a Seguran\u00e7a Alimentar do Planeta\" width=\"800\" height=\"450\" src=\"https:\/\/www.youtube.com\/embed\/IPwA85_wW40?feature=oembed\" frameborder=\"0\" allow=\"accelerometer; autoplay; clipboard-write; encrypted-media; gyroscope; picture-in-picture; web-share\" referrerpolicy=\"strict-origin-when-cross-origin\" allowfullscreen><\/iframe><\/noscript>\n<\/p>\n<\/figure>\n<p><strong>Roberto Rodrigues<\/strong>, ex-ministro da Agricultura, e <strong>Blairo Maggi<\/strong>, tamb\u00e9m ex-ministro, abordaram o papel central do Brasil na seguran\u00e7a alimentar mundial. Rodrigues enfatizou o aumento da produtividade sem a necessidade de desmatamento, mencionando que o pa\u00eds ampliou sua produ\u00e7\u00e3o em 417% desde a d\u00e9cada de 1990, gra\u00e7as ao uso de tecnologia avan\u00e7ada. J\u00e1 Maggi alertou sobre a import\u00e2ncia da participa\u00e7\u00e3o do Brasil nas discuss\u00f5es globais para evitar a imposi\u00e7\u00e3o de novas regras e barreiras ao setor agr\u00edcola.<\/p>\n<p><em>Confira na palma da m\u00e3o informa\u00e7\u00f5es quentes sobre agricultura, pecu\u00e1ria, economia e previs\u00e3o do tempo:<\/em><a href=\"https:\/\/www.whatsapp.com\/channel\/0029Va9VnZxGk1FplZjiW43k\"><em> <\/em><strong>siga o Canal Rural no WhatsApp<\/strong><\/a>!<\/p>\n<\/div>\n<div>\n<p><strong>Outro momento importante foi a entrega oficial das recomenda\u00e7\u00f5es do agroneg\u00f3cio ao G20, desenvolvidas pelo B20<\/strong>, que incluem sugest\u00f5es para aumentar a produtividade e implementar pr\u00e1ticas sustent\u00e1veis. O ministro <strong>Carlos F\u00e1varo<\/strong> defendeu a voca\u00e7\u00e3o do Brasil como pot\u00eancia agroalimentar e refor\u00e7ou a necessidade de ampliar sua presen\u00e7a global no mercado de alimentos.<\/p>\n<figure class=\"wp-block-embed is-type-video is-provider-youtube wp-block-embed-youtube wp-embed-aspect-16-9 wp-has-aspect-ratio\">\n<p>\n<iframe title=\"Setor privado apresenta suas solu\u00e7\u00f5es para o G20 Agro sobre sustentabilidade alimentar\" width=\"800\" height=\"450\" src=\"https:\/\/www.youtube.com\/embed\/DZEUhspOt8U?feature=oembed\" frameborder=\"0\" allow=\"accelerometer; autoplay; clipboard-write; encrypted-media; gyroscope; picture-in-picture; web-share\" referrerpolicy=\"strict-origin-when-cross-origin\" allowfullscreen><\/iframe><noscript><iframe title=\"Setor privado apresenta suas solu\u00e7\u00f5es para o G20 Agro sobre sustentabilidade alimentar\" width=\"800\" height=\"450\" src=\"https:\/\/www.youtube.com\/embed\/DZEUhspOt8U?feature=oembed\" frameborder=\"0\" allow=\"accelerometer; autoplay; clipboard-write; encrypted-media; gyroscope; picture-in-picture; web-share\" referrerpolicy=\"strict-origin-when-cross-origin\" allowfullscreen><\/iframe><\/noscript>\n<\/p>\n<\/figure>\n<p>O evento tamb\u00e9m discutiu a proposta de <strong>Aldo Rebelo<\/strong>, ex-relator do C\u00f3digo Florestal Brasileiro, que sugeriu a cria\u00e7\u00e3o de um c\u00f3digo florestal global, que estabele\u00e7a normas ambientais iguais para todos os pa\u00edses agr\u00edcolas. Essa medida foi considerada fundamental para assegurar condi\u00e7\u00f5es justas no com\u00e9rcio internacional.<\/p>\n<p>Esses pain\u00e9is e debates refor\u00e7aram o papel do Brasil como l\u00edder mundial em produ\u00e7\u00e3o sustent\u00e1vel e seguran\u00e7a alimentar, ressaltando a import\u00e2ncia de parcerias internacionais para o futuro do agro global.<\/p>\n<\/div>\n<p><br \/>\n<br \/><a href=\"https:\/\/www.canalrural.com.br\/agricultura\/fiap-2024-principais-momentos-do-evento-destacam-lideranca-do-brasil-no-agro\/\">Source link <\/a><\/p>\n","protected":false},"excerpt":{"rendered":"<p>O FIAP 2024, realizado em Cuiab\u00e1, Mato Grosso, reuniu l\u00edderes do agroneg\u00f3cio e representantes internacionais para discutir o futuro da<\/p>\n","protected":false},"author":1,"featured_media":1317,"comment_status":"open","ping_status":"open","sticky":false,"template":"","format":"standard","meta":{"_monsterinsights_skip_tracking":false,"_monsterinsights_sitenote_active":false,"_monsterinsights_sitenote_note":"","_monsterinsights_sitenote_category":0,"_uf_show_specific_survey":0,"_uf_disable_surveys":false,"footnotes":""},"categories":[1],"tags":[],"class_list":["post-1316","post","type-post","status-publish","format-standard","has-post-thumbnail","hentry","category-news"],"_links":{"self":[{"href":"https:\/\/agromt.news\/index.php?rest_route=\/wp\/v2\/posts\/1316"}],"collection":[{"href":"https:\/\/agromt.news\/index.php?rest_route=\/wp\/v2\/posts"}],"about":[{"href":"https:\/\/agromt.news\/index.php?rest_route=\/wp\/v2\/types\/post"}],"author":[{"embeddable":true,"href":"https:\/\/agromt.news\/index.php?rest_route=\/wp\/v2\/users\/1"}],"replies":[{"embeddable":true,"href":"https:\/\/agromt.news\/index.php?rest_route=%2Fwp%2Fv2%2Fcomments&post=1316"}],"version-history":[{"count":0,"href":"https:\/\/agromt.news\/index.php?rest_route=\/wp\/v2\/posts\/1316\/revisions"}],"wp:featuredmedia":[{"embeddable":true,"href":"https:\/\/agromt.news\/index.php?rest_route=\/wp\/v2\/media\/1317"}],"wp:attachment":[{"href":"https:\/\/agromt.news\/index.php?rest_route=%2Fwp%2Fv2%2Fmedia&parent=1316"}],"wp:term":[{"taxonomy":"category","embeddable":true,"href":"https:\/\/agromt.news\/index.php?rest_route=%2Fwp%2Fv2%2Fcategories&post=1316"},{"taxonomy":"post_tag","embeddable":true,"href":"https:\/\/agromt.news\/index.php?rest_route=%2Fwp%2Fv2%2Ftags&post=1316"}],"curies":[{"name":"wp","href":"https:\/\/api.w.org\/{rel}","templated":true}]}}