{"id":1309,"date":"2024-09-10T05:34:19","date_gmt":"2024-09-10T09:34:19","guid":{"rendered":"https:\/\/agromt.news\/?p=1309"},"modified":"2024-09-10T05:34:19","modified_gmt":"2024-09-10T09:34:19","slug":"reducao-de-reprovacoes-em-epis-agricolas-no-brasil","status":"publish","type":"post","link":"https:\/\/agromt.news\/?p=1309","title":{"rendered":"Redu\u00e7\u00e3o de reprova\u00e7\u00f5es em EPIs agr\u00edcolas no Brasil"},"content":{"rendered":"<p> <br \/>\n<\/p>\n<div>\n<div class=\"row\">\n<div class=\"col-lg col-infos mt-3 mt-lg-0\">\n<div class=\"section-sub-title\">\n<p itemprop=\"description\">\nO objetivo central do Cons\u00f3rcio \u00e9 prevenir a exposi\u00e7\u00e3o humana a pesticidas\n<\/p>\n<\/div>\n<div class=\"container\">\n<div class=\"row\">\n<div class=\"col-lg p-0\">\n<div>\n<div class=\"block-news-main-infos mt-3 text-start\">\n<strong class=\"fn\" itemprop=\"author\" style=\"color: rgb(112, 112, 112); \"><br \/>\n<a href=\"https:\/\/www.agrolink.com.br\/noticias\/javascript:;\" class=\"text-uppercase\" target=\"_blank\" style=\"color: rgb(112, 112, 112); \" rel=\"noopener\">Agrolink<\/a><br \/>\n&#8211; Leonardo Gottems<br \/>\n<\/strong><br \/>\n<br \/>\n<abbr><time datetime=\"2024-09-09T14:25\" itemprop=\"datePublished dateModified\">Publicado em 09\/09\/2024 \u00e0s 14:25h.<\/time><\/abbr>\n<\/div>\n<\/div>\n<\/div>\n<div class=\"col-lg p-0 text-lg-end\">\n<div>\n<div id=\"mdEnviarPagina\" class=\"modal fade\" role=\"dialog\">\n<div class=\"modal-dialog\">\n<div class=\"modal-content\">\n<div class=\"modal-body\">\n<p><strong>Estimado usu\u00e1rio.<\/strong><br \/>Preencha o formul\u00e1rio abaixo para remeter a p\u00e1gina.<\/p>\n<\/div>\n<\/div>\n<\/div>\n<\/div>\n<\/div>\n<\/div>\n<\/div>\n<\/div>\n<\/div>\n<\/div>\n<div class=\"row justify-content-md-center mt-3\">\n<div class=\"col-lg-auto col-image  block-news-main-image d-none d-md-block\">\n<img decoding=\"async\" src=\"https:\/\/www.agrolink.com.br\/upload\/imagens-resizes\/e8d596386c864e8bb0893cf172d85268_858x483.jpg\" class=\"lazyload\" alt=\"O objetivo central do Cons\u00f3rcio \u00e9 prevenir a exposi\u00e7\u00e3o humana a pesticidas\"\/><br \/>\n<span class=\"d-block mt-1\">O objetivo central do Cons\u00f3rcio \u00e9 prevenir a exposi\u00e7\u00e3o humana a pesticidas &#8211; Foto: Divulga\u00e7\u00e3o<\/span>\n<\/div>\n<\/div>\n<div class=\"section-description section-description-noticias mt-3\">\n<p>O programa IAC-Quepia anunciou a participa\u00e7\u00e3o de 40 especialistas de 18 pa\u00edses na reuni\u00e3o anual do Cons\u00f3rcio Internacional de Equipamentos de Prote\u00e7\u00e3o Individual na Agricultura, que ocorrer\u00e1 de 23 a 25 de outubro em Louveira, S\u00e3o Paulo. Esta ser\u00e1 a primeira vez que o evento acontece no Brasil e marcar\u00e1 os 10 anos do Cons\u00f3rcio. Coordenado por Hamilton Ramos, o programa IAC-Quepia \u00e9 uma parceria entre o setor empresarial e o Centro de Engenharia e Automa\u00e7\u00e3o (CEA) do Instituto Agron\u00f4mico (IAC), com foco em diretrizes para mitigar riscos qu\u00edmicos em pequenas propriedades agr\u00edcolas.\n<\/p>\n<p>O objetivo central do Cons\u00f3rcio \u00e9 prevenir a exposi\u00e7\u00e3o humana a pesticidas, especialmente em propriedades que utilizam pulverizadores costais e semiestacion\u00e1rios. Com 17 anos de pesquisa em EPIs agr\u00edcolas, o IAC-Quepia destaca a import\u00e2ncia desses equipamentos na prote\u00e7\u00e3o dos trabalhadores rurais e na aplica\u00e7\u00e3o eficaz de agroqu\u00edmicos para o controle de pragas, doen\u00e7as e ervas daninhas.<\/p>\n<p>\u201cOs pesquisadores confirmados s\u00e3o especialistas, representantes de empresas privadas e de \u00f3rg\u00e3os oficiais do setor, de dentro e fora do pa\u00eds. Realizaremos um balan\u00e7o das atividades do Cons\u00f3rcio desde sua cria\u00e7\u00e3o, al\u00e9m de discutir o cen\u00e1rio atual de exposi\u00e7\u00e3o a riscos e planejar o futuro de maneira harm\u00f4nica.\u201d\n<\/p>\n<p>Segundo Hamilton Ramos, os integrantes do Cons\u00f3rcio participar\u00e3o de visitas t\u00e9cnicas para conhecer iniciativas brasileiras, como os treinamentos do Programa Aplique Bem e o laborat\u00f3rio de pesquisa e desenvolvimento do IAC-Quepia. Ramos tamb\u00e9m destacou que o trabalho de pesquisa do IAC-Quepia no Brasil reduziu significativamente as reprova\u00e7\u00f5es de qualidade dos EPIs agr\u00edcolas fabricados no pa\u00eds, passando de 80% em 2010 para menos de 20% atualmente.<br \/>\u00a0<\/p>\n<\/div>\n<\/div>\n<p><script data-cfasync=\"false\">\n    !function (f, b, e, v, n, t, s) {\n        if (f.fbq) return; n = f.fbq = function () {\n            n.callMethod ?\n                n.callMethod.apply(n, arguments) : n.queue.push(arguments)\n        };\n        if (!f._fbq) f._fbq = n; n.push = n; n.loaded = !0; n.version = '2.0';\n        n.queue = []; t = b.createElement(e); t.async = !0;\n        t.src = v; s = b.getElementsByTagName(e)[0];\n        s.parentNode.insertBefore(t, s)\n    }(window, document, 'script',\n        'https:\/\/connect.facebook.net\/en_US\/fbevents.js');\n    fbq('init', '522546078623747');\n    fbq('track', 'PageView');\n<\/script><br \/>\n<br \/><br \/>\n<br \/><a href=\"https:\/\/www.agrolink.com.br\/noticias\/reducao-de-reprovacoes-em-epis-agricolas-no-brasil_494780.html\">Source link <\/a><\/p>\n","protected":false},"excerpt":{"rendered":"<p>O objetivo central do Cons\u00f3rcio \u00e9 prevenir a exposi\u00e7\u00e3o humana a pesticidas Agrolink &#8211; Leonardo Gottems Publicado em 09\/09\/2024 \u00e0s<\/p>\n","protected":false},"author":1,"featured_media":1310,"comment_status":"open","ping_status":"open","sticky":false,"template":"","format":"standard","meta":{"_monsterinsights_skip_tracking":false,"_monsterinsights_sitenote_active":false,"_monsterinsights_sitenote_note":"","_monsterinsights_sitenote_category":0,"_uf_show_specific_survey":0,"_uf_disable_surveys":false,"footnotes":""},"categories":[8,1,14],"tags":[],"class_list":["post-1309","post","type-post","status-publish","format-standard","has-post-thumbnail","hentry","category-agro","category-news","category-politica-agro"],"_links":{"self":[{"href":"https:\/\/agromt.news\/index.php?rest_route=\/wp\/v2\/posts\/1309"}],"collection":[{"href":"https:\/\/agromt.news\/index.php?rest_route=\/wp\/v2\/posts"}],"about":[{"href":"https:\/\/agromt.news\/index.php?rest_route=\/wp\/v2\/types\/post"}],"author":[{"embeddable":true,"href":"https:\/\/agromt.news\/index.php?rest_route=\/wp\/v2\/users\/1"}],"replies":[{"embeddable":true,"href":"https:\/\/agromt.news\/index.php?rest_route=%2Fwp%2Fv2%2Fcomments&post=1309"}],"version-history":[{"count":0,"href":"https:\/\/agromt.news\/index.php?rest_route=\/wp\/v2\/posts\/1309\/revisions"}],"wp:featuredmedia":[{"embeddable":true,"href":"https:\/\/agromt.news\/index.php?rest_route=\/wp\/v2\/media\/1310"}],"wp:attachment":[{"href":"https:\/\/agromt.news\/index.php?rest_route=%2Fwp%2Fv2%2Fmedia&parent=1309"}],"wp:term":[{"taxonomy":"category","embeddable":true,"href":"https:\/\/agromt.news\/index.php?rest_route=%2Fwp%2Fv2%2Fcategories&post=1309"},{"taxonomy":"post_tag","embeddable":true,"href":"https:\/\/agromt.news\/index.php?rest_route=%2Fwp%2Fv2%2Ftags&post=1309"}],"curies":[{"name":"wp","href":"https:\/\/api.w.org\/{rel}","templated":true}]}}