{"id":1307,"date":"2024-09-10T03:23:06","date_gmt":"2024-09-10T07:23:06","guid":{"rendered":"https:\/\/agromt.news\/?p=1307"},"modified":"2024-09-10T03:23:06","modified_gmt":"2024-09-10T07:23:06","slug":"exportacao-de-carne-suina-e-a-2a-melhor-da-historia","status":"publish","type":"post","link":"https:\/\/agromt.news\/?p=1307","title":{"rendered":"Exporta\u00e7\u00e3o de carne su\u00edna \u00e9 a 2\u00aa melhor da hist\u00f3ria"},"content":{"rendered":"<p> <br \/>\n<\/p>\n<div>\n<p>As exporta\u00e7\u00f5es brasileiras de carne su\u00edna alcan\u00e7aram 118,1 mil toneladas em agosto de 2024, o segundo melhor resultado mensal da hist\u00f3ria do setor, com um aumento de 4,7% em rela\u00e7\u00e3o ao mesmo m\u00eas de 2023. A receita em d\u00f3lares cresceu 9,1%, somando US$ 276,3 milh\u00f5es, o melhor resultado hist\u00f3rico para agosto. Em reais, o faturamento chegou a R$ 1,534 bilh\u00e3o, 23,4% superior ao registrado no ano anterior.\n<\/p>\n<p>Entre janeiro e agosto de 2024, o Brasil exportou 870,2 mil toneladas de carne su\u00edna, um aumento de 7,7% em rela\u00e7\u00e3o ao mesmo per\u00edodo de 2023. Contudo, a receita em d\u00f3lares caiu 1,6%, somando US$ 1,885 bilh\u00e3o, enquanto em reais houve crescimento de 3,1%, alcan\u00e7ando R$ 9,888 bilh\u00f5es. As Filipinas se tornaram o principal destino das exporta\u00e7\u00f5es brasileiras em agosto, com 28 mil toneladas (+80%). A China ficou em segundo, com 16,3 mil toneladas (-46%), seguida por Chile (12,3 mil toneladas, +48%), Hong Kong (9,5 mil toneladas, +5%) e Jap\u00e3o (8,1 mil toneladas, +170%).<\/p>\n<p>\u201cAs exporta\u00e7\u00f5es brasileiras de carne su\u00edna ganharam novos players, com o crescimento do protagonismo das Filipinas e do Chile, com fortes eleva\u00e7\u00f5es comparativas. O mesmo ocorreu com o Jap\u00e3o, mercado que se destaca pela importa\u00e7\u00e3o de produtos de alto valor agregado, e que agora \u00e9 parte dos cinco maiores destinos do produto brasileiro\u201d, ressalta o presidente da ABPA, Ricardo Santin.\n<\/p>\n<p>\u201cO Brasil tem expandido sua presen\u00e7a global nas exporta\u00e7\u00f5es de carne su\u00edna, especialmente em um contexto de redu\u00e7\u00e3o das exporta\u00e7\u00f5es do principal exportador do mundo, a Uni\u00e3o Europeia. O saldo em toneladas de janeiro a agosto \u00e9 o maior obtido nos oito primeiros meses de um ano, esse m\u00eas de Agosto \u00e9 o segundo melhor resultado da s\u00e9rie hist\u00f3rica, ap\u00f3s o recorde absoluto do m\u00eas de julho. Tudo indica para novo recorde de exporta\u00e7\u00f5es para este ano\u201d, ressalta o diretor de mercados da ABPA, Lu\u00eds Rua.<br \/>\u00a0<\/p>\n<\/div>\n<p><script data-cfasync=\"false\">\n    !function (f, b, e, v, n, t, s) {\n        if (f.fbq) return; n = f.fbq = function () {\n            n.callMethod ?\n                n.callMethod.apply(n, arguments) : n.queue.push(arguments)\n        };\n        if (!f._fbq) f._fbq = n; n.push = n; n.loaded = !0; n.version = '2.0';\n        n.queue = []; t = b.createElement(e); t.async = !0;\n        t.src = v; s = b.getElementsByTagName(e)[0];\n        s.parentNode.insertBefore(t, s)\n    }(window, document, 'script',\n        'https:\/\/connect.facebook.net\/en_US\/fbevents.js');\n    fbq('init', '522546078623747');\n    fbq('track', 'PageView');\n<\/script><br \/>\n<br \/><br \/>\n<br \/><a href=\"https:\/\/www.agrolink.com.br\/noticias\/exportacao-de-carne-suina-e-a-2--melhor-da-historia_494781.html\">Source link <\/a><\/p>\n","protected":false},"excerpt":{"rendered":"<p>As exporta\u00e7\u00f5es brasileiras de carne su\u00edna alcan\u00e7aram 118,1 mil toneladas em agosto de 2024, o segundo melhor resultado mensal da<\/p>\n","protected":false},"author":1,"featured_media":1308,"comment_status":"open","ping_status":"open","sticky":false,"template":"","format":"standard","meta":{"_monsterinsights_skip_tracking":false,"_monsterinsights_sitenote_active":false,"_monsterinsights_sitenote_note":"","_monsterinsights_sitenote_category":0,"_uf_show_specific_survey":0,"_uf_disable_surveys":false,"footnotes":""},"categories":[8,1,14],"tags":[],"class_list":["post-1307","post","type-post","status-publish","format-standard","has-post-thumbnail","hentry","category-agro","category-news","category-politica-agro"],"_links":{"self":[{"href":"https:\/\/agromt.news\/index.php?rest_route=\/wp\/v2\/posts\/1307"}],"collection":[{"href":"https:\/\/agromt.news\/index.php?rest_route=\/wp\/v2\/posts"}],"about":[{"href":"https:\/\/agromt.news\/index.php?rest_route=\/wp\/v2\/types\/post"}],"author":[{"embeddable":true,"href":"https:\/\/agromt.news\/index.php?rest_route=\/wp\/v2\/users\/1"}],"replies":[{"embeddable":true,"href":"https:\/\/agromt.news\/index.php?rest_route=%2Fwp%2Fv2%2Fcomments&post=1307"}],"version-history":[{"count":0,"href":"https:\/\/agromt.news\/index.php?rest_route=\/wp\/v2\/posts\/1307\/revisions"}],"wp:featuredmedia":[{"embeddable":true,"href":"https:\/\/agromt.news\/index.php?rest_route=\/wp\/v2\/media\/1308"}],"wp:attachment":[{"href":"https:\/\/agromt.news\/index.php?rest_route=%2Fwp%2Fv2%2Fmedia&parent=1307"}],"wp:term":[{"taxonomy":"category","embeddable":true,"href":"https:\/\/agromt.news\/index.php?rest_route=%2Fwp%2Fv2%2Fcategories&post=1307"},{"taxonomy":"post_tag","embeddable":true,"href":"https:\/\/agromt.news\/index.php?rest_route=%2Fwp%2Fv2%2Ftags&post=1307"}],"curies":[{"name":"wp","href":"https:\/\/api.w.org\/{rel}","templated":true}]}}