{"id":1301,"date":"2024-09-09T22:41:16","date_gmt":"2024-09-10T02:41:16","guid":{"rendered":"https:\/\/agromt.news\/?p=1301"},"modified":"2024-09-09T22:41:16","modified_gmt":"2024-09-10T02:41:16","slug":"uniao-europeia-elogia-avancos-do-agro-brasileiro-e-propoe-parceria-sustentavel","status":"publish","type":"post","link":"https:\/\/agromt.news\/?p=1301","title":{"rendered":"Uni\u00e3o Europeia elogia avan\u00e7os do agro brasileiro e prop\u00f5e parceria sustent\u00e1vel"},"content":{"rendered":"<p> <br \/>\n<\/p>\n<div>\n<p>O conselheiro da Uni\u00e3o Europeia no Brasil, Laurent Javaudin, marcou presen\u00e7a no F\u00f3rum Internacional da Agropecu\u00e1ria <strong><a href=\"https:\/\/eventos.canalrural.com.br\/fiap\">(FIAP 2024)<\/a><\/strong>, promovido pelo Canal Rural em Cuiab\u00e1, Mato Grosso, nesta segunda-feira (9).<\/p>\n<p>Em sua apresenta\u00e7\u00e3o, coube ao adido esclarecer pontos do Pacto Ecol\u00f3gico Europeu (Green Deal) que, por vezes, \u00e9 <strong><a href=\"https:\/\/www.canalrural.com.br\/agricultura\/brasil-deveria-propor-codigo-florestal-global-a-todos-os-paises-agricolas-diz-aldo-rebelo\/\">questionado por atores do agroneg\u00f3cio brasileiro<\/a><\/strong> frente \u00e0s exig\u00eancias ambientais na importa\u00e7\u00e3o de commodities. <\/p>\n<p>\u201cTemos muitas pol\u00edticas na Uni\u00e3o Europeia para lidar com desafios ambientais, como estrat\u00e9gias de biodiversidade, ambi\u00e7\u00e3o de zero emiss\u00f5es de CO2, redu\u00e7\u00e3o do uso de pesticidas e de fertilizantes qu\u00edmicos, substituindo-os por biopesticidas e biofertilizantes. Al\u00e9m disso, focamos em metas de zero desmatamento\u201d, afirmou. <\/p>\n<\/div>\n<div>\n<p>Javaudin salientou que as regras do <em>Green Deal<\/em> s\u00e3o voltadas, inicialmente, para o pr\u00f3prio mercado europeu. \u201cApenas depois dessa implementa\u00e7\u00e3o interna \u00e9 que aplicamos essas mesmas regras para os pa\u00edses dos quais n\u00f3s importamos produtos\u201d.<\/p>\n<h2 class=\"wp-block-heading\" id=\"h-papel-do-brasil-na-seguranca-alimentar\">Papel do Brasil na seguran\u00e7a alimentar<\/h2>\n<figure class=\"wp-block-image size-full\"><img fetchpriority=\"high\" decoding=\"async\" width=\"740\" height=\"529\" alt=\"Laurent Javaudin FIAP 2024\" class=\"wp-image-4066504\"  data-lazy- src=\"https:\/\/agromt.news\/wp-content\/uploads\/2024\/09\/Uniao-Europeia-elogia-avancos-do-agro-brasileiro-e-propoe-parceria.jpg\"\/><img decoding=\"async\" width=\"740\" height=\"529\" src=\"https:\/\/agromt.news\/wp-content\/uploads\/2024\/09\/Uniao-Europeia-elogia-avancos-do-agro-brasileiro-e-propoe-parceria.jpg\" alt=\"Laurent Javaudin FIAP 2024\" class=\"wp-image-4066504\"  \/><figcaption class=\"wp-element-caption\">Laurent Javaudin. Foto: Reprodu\u00e7\u00e3o Canal Rural<\/figcaption><\/figure>\n<p>Durante a apresenta\u00e7\u00e3o, o conselheiro fez quest\u00e3o de ressaltar, por mais de uma vez, o respeito que o bloco econ\u00f4mico possui pela soberania nacional. <\/p>\n<blockquote class=\"wp-block-quote is-layout-flow wp-block-quote-is-layout-flow\">\n<p>\u201cA Europa n\u00e3o quer interferir no C\u00f3digo Florestal brasileiro. S\u00e3o as regras de voc\u00eas e o que acontecer\u00e1 no Brasil ser\u00e1 definido por brasileiros\u201d.<\/p>\n<\/blockquote>\n<p>De acordo com ele, a Uni\u00e3o Europeia tamb\u00e9m incentiva os seus produtores rurais a investirem em biodiversidade e a pouparem suas \u00e1reas florestais. \u201cTodos n\u00f3s concordamos que produtores rurais vivem na natureza e da natureza. Neste ponto, estamos, realmente, na mesma p\u00e1gina\u201d. <\/p>\n<p>Al\u00e9m disso, Javaudin reconheceu que a evolu\u00e7\u00e3o da agricultura brasileira nos \u00faltimos 50 anos foi primordial para que metas de fome zero at\u00e9 o ano de 2030, tal qual o Objetivo de Desenvolvimento Sustent\u00e1vel n\u00famero 2 (ODS 2) da Organiza\u00e7\u00e3o das Na\u00e7\u00f5es Unidas prega fossem mais palp\u00e1veis. <\/p>\n<blockquote class=\"wp-block-quote is-layout-flow wp-block-quote-is-layout-flow\">\n<p>\u201cSe voc\u00eas n\u00e3o tivessem feito todo esse avan\u00e7o, a discuss\u00e3o sobre seguran\u00e7a alimentar mundial seria muito mais complexa. Ao mesmo tempo, todo o globo est\u00e1 amea\u00e7ado pelas mudan\u00e7as clim\u00e1ticas que, por sua vez, reduzem a produtividade dos alimentos, assim como gera perda de biodiversidade, colocando em risco o alcance do ODS n\u00famero 2\u2033.<\/p>\n<\/blockquote>\n<p>Al\u00e9m do Brasil, o conselheiro tamb\u00e9m salientou que a Uni\u00e3o Europeia det\u00e9m grande responsabilidade com a seguran\u00e7a alimentar global. \u201cExemplo disso \u00e9 que 60% do trigo que produzimos \u00e9 encaminhado para o norte da \u00c1frica e 26% para o sul daquele continente. Ao mesmo tempo, o Green Deal se prop\u00f5e a destinar oito bilh\u00f5es de euros para ajudar outros pa\u00edses a desenvolver os seus pr\u00f3prios sistemas de produ\u00e7\u00e3o sustent\u00e1vel\u201d.<\/p>\n<p>Segundo ele, tais prop\u00f3sitos e muitos outros que dizem respeito ao desenvolvimento sustent\u00e1vel do planeta foram assinados pelo Brasil, pelos Estados Unidos, pela Uni\u00e3o Europeia e por muitos outros pa\u00edses em acordos internacionais. \u201cIsso quer dizer que temos uma mentalidade muito mais similar do que as pessoas imaginam\u201d.<\/p>\n<h2 class=\"wp-block-heading\" id=\"h-adaptacao-brasileira-ao-green-deal\">Adapta\u00e7\u00e3o brasileira ao Green Deal <\/h2>\n<p>O conselheiro da Uni\u00e3o Europeia ressaltou durante o FIAP 2024 que o <em>Green Deal<\/em> \u00e9, basicamente, a implementa\u00e7\u00e3o regional da agenda global de conserva\u00e7\u00e3o e produtividade sustent\u00e1vel. <\/p>\n<p>A respeito das imposi\u00e7\u00f5es do pacto ecol\u00f3gico europeu, Javaudin afirmou que foram pensadas para os piores cen\u00e1rios. \u201cEstabelecemos essas regras pensando em pa\u00edses que n\u00e3o possuem c\u00f3digo florestal, que n\u00e3o t\u00eam cadastro ambiental, imagens de sat\u00e9lite ou outros mecanismos de controle. Nesse cen\u00e1rio, o Brasil est\u00e1 muito bem situado frente a tudo o que vem desenvolvendo nos \u00faltimos anos. Ent\u00e3o, digo: podemos fazer juntos esse pacto acontecer e ser um sucesso para todos n\u00f3s\u201d, finalizou.<\/p>\n<p>O FIAP 2024 \u00e9 apoiado por diversas entidades, incluindo a CNA, Sistema Famato, CNI e CropLife, com patroc\u00ednios da JBS, Apex Brasil, John Deere, Senar MT e apoio de conte\u00fado da CNN Brasil.<\/p>\n<p><strong>Assista o evento na \u00edntegra:<\/strong><\/p>\n<figure class=\"wp-block-embed is-type-video is-provider-youtube wp-block-embed-youtube wp-embed-aspect-16-9 wp-has-aspect-ratio\">\n<p>\n<iframe title=\"FIAP 2024 - F\u00f3rum Internacional da Agropecu\u00e1ria\" width=\"800\" height=\"450\" src=\"https:\/\/www.youtube.com\/embed\/VlUsj4rNgi4?feature=oembed\" frameborder=\"0\" allow=\"accelerometer; autoplay; clipboard-write; encrypted-media; gyroscope; picture-in-picture; web-share\" referrerpolicy=\"strict-origin-when-cross-origin\" allowfullscreen><\/iframe><noscript><iframe title=\"FIAP 2024 - F\u00f3rum Internacional da Agropecu\u00e1ria\" width=\"800\" height=\"450\" src=\"https:\/\/www.youtube.com\/embed\/VlUsj4rNgi4?feature=oembed\" frameborder=\"0\" allow=\"accelerometer; autoplay; clipboard-write; encrypted-media; gyroscope; picture-in-picture; web-share\" referrerpolicy=\"strict-origin-when-cross-origin\" allowfullscreen><\/iframe><\/noscript>\n<\/p>\n<\/figure>\n<\/div>\n<p><br \/>\n<br \/><a href=\"https:\/\/www.canalrural.com.br\/agricultura\/uniao-europeia-elogia-avancos-do-agro-brasileiro-e-propoe-parceria-sustentavel\/\">Source link <\/a><\/p>\n","protected":false},"excerpt":{"rendered":"<p>O conselheiro da Uni\u00e3o Europeia no Brasil, Laurent Javaudin, marcou presen\u00e7a no F\u00f3rum Internacional da Agropecu\u00e1ria (FIAP 2024), promovido pelo<\/p>\n","protected":false},"author":1,"featured_media":1302,"comment_status":"open","ping_status":"open","sticky":false,"template":"","format":"standard","meta":{"_monsterinsights_skip_tracking":false,"_monsterinsights_sitenote_active":false,"_monsterinsights_sitenote_note":"","_monsterinsights_sitenote_category":0,"_uf_show_specific_survey":0,"_uf_disable_surveys":false,"footnotes":""},"categories":[1],"tags":[],"class_list":["post-1301","post","type-post","status-publish","format-standard","has-post-thumbnail","hentry","category-news"],"_links":{"self":[{"href":"https:\/\/agromt.news\/index.php?rest_route=\/wp\/v2\/posts\/1301"}],"collection":[{"href":"https:\/\/agromt.news\/index.php?rest_route=\/wp\/v2\/posts"}],"about":[{"href":"https:\/\/agromt.news\/index.php?rest_route=\/wp\/v2\/types\/post"}],"author":[{"embeddable":true,"href":"https:\/\/agromt.news\/index.php?rest_route=\/wp\/v2\/users\/1"}],"replies":[{"embeddable":true,"href":"https:\/\/agromt.news\/index.php?rest_route=%2Fwp%2Fv2%2Fcomments&post=1301"}],"version-history":[{"count":0,"href":"https:\/\/agromt.news\/index.php?rest_route=\/wp\/v2\/posts\/1301\/revisions"}],"wp:featuredmedia":[{"embeddable":true,"href":"https:\/\/agromt.news\/index.php?rest_route=\/wp\/v2\/media\/1302"}],"wp:attachment":[{"href":"https:\/\/agromt.news\/index.php?rest_route=%2Fwp%2Fv2%2Fmedia&parent=1301"}],"wp:term":[{"taxonomy":"category","embeddable":true,"href":"https:\/\/agromt.news\/index.php?rest_route=%2Fwp%2Fv2%2Fcategories&post=1301"},{"taxonomy":"post_tag","embeddable":true,"href":"https:\/\/agromt.news\/index.php?rest_route=%2Fwp%2Fv2%2Ftags&post=1301"}],"curies":[{"name":"wp","href":"https:\/\/api.w.org\/{rel}","templated":true}]}}