{"id":1293,"date":"2024-09-09T20:50:06","date_gmt":"2024-09-10T00:50:06","guid":{"rendered":"https:\/\/agromt.news\/?p=1293"},"modified":"2024-09-09T20:50:06","modified_gmt":"2024-09-10T00:50:06","slug":"se-nao-estivermos-nas-discussoes-novas-regras-e-imposicoes-virao-diz-blairo-maggi-sobre-o-g20","status":"publish","type":"post","link":"https:\/\/agromt.news\/?p=1293","title":{"rendered":"\u2018Se n\u00e3o estivermos nas discuss\u00f5es, novas regras e imposi\u00e7\u00f5es vir\u00e3o\u2019, diz Blairo Maggi sobre o G20"},"content":{"rendered":"<p> <br \/>\n<br \/><img decoding=\"async\" src=\"https:\/\/agromt.news\/wp-content\/uploads\/2024\/09\/\u2018Se-nao-estivermos-nas-discussoes-novas-regras-e-imposicoes-virao.jpg\" \/><\/p>\n<div>\n<p>O <strong><a href=\"https:\/\/www.canalrural.com.br\/tag\/g20-agro\/\">Grupo de Trabalho G20 Agro<\/a><\/strong>, que reunir\u00e1 autoridades dos 20 pa\u00edses do bloco e mais dez pa\u00edses convidados, ocorrer\u00e1 entre os dias 10 e 13 de setembro, em Chapada dos Guimar\u00e3es (MT).<\/p>\n<p>O Brasil sediar o G20 \u00e9 considerado uma oportunidade para a constru\u00e7\u00e3o de uma narrativa verdadeira e correta sobre o potencial do pa\u00eds, ao mesmo tempo em que se analisa o que ainda precisa ser feito e se realizam novas negocia\u00e7\u00f5es e acordos.<\/p>\n<p><em>Confira na palma da m\u00e3o informa\u00e7\u00f5es quentes sobre agricultura, pecu\u00e1ria, economia e previs\u00e3o do tempo:<\/em><a href=\"https:\/\/www.whatsapp.com\/channel\/0029Va9VnZxGk1FplZjiW43k\"><em> <\/em><strong>siga o Canal Rural no WhatsApp<\/strong><\/a>!<\/p>\n<\/div>\n<div>\n<p>Rico em produ\u00e7\u00e3o de gr\u00e3os e fibras, batendo recordes de safra a cada ano e detentor do maior rebanho bovino do pa\u00eds, com mais de 31 milh\u00f5es de cabe\u00e7as, Mato Grosso foi eleito o local ideal para sediar, entre os dias 10 e 13 de setembro, os debates do G20 Agro no Brasil. O encontro ser\u00e1 realizado em Chapada dos Guimar\u00e3es.<\/p>\n<p>Para o ex-ministro da Agricultura e Pecu\u00e1ria, Blairo Maggi, o \u201c<em>G20 \u00e9 uma grande oportunidade de produzir o que est\u00e1 faltando e realizar novas negocia\u00e7\u00f5es e acordos<\/em>\u201d.<\/p>\n<p>Durante o F\u00f3rum Internacional da Agropecu\u00e1ria (FIAP 2024), promovido pelo Canal Rural em Cuiab\u00e1 (MT) nesta segunda-feira (9), Maggi destacou ainda que \u201c<em>se n\u00e3o estivermos presentes nas discuss\u00f5es, novas regras e imposi\u00e7\u00f5es vir\u00e3o<\/em>\u201d.<\/p>\n<p>Entre as principais pautas do Grupo de Trabalho da Agricultura, a serem debatidas em Mato Grosso, conforme o Minist\u00e9rio da Agricultura e Pecu\u00e1ria (Mapa), est\u00e3o a sustentabilidade nos sistemas agroalimentares em seus m\u00faltiplos aspectos e a amplia\u00e7\u00e3o da contribui\u00e7\u00e3o do com\u00e9rcio internacional para a seguran\u00e7a alimentar e nutricional.<\/p>\n<p>O atual ministro da Agricultura e Pecu\u00e1ria, Carlos F\u00e1varo, destacou que este \u00e9 um momento prop\u00edcio para o Brasil assumir a presid\u00eancia do G20, com foco em construir um mundo mais justo e sustent\u00e1vel. Segundo ele, o tema escolhido pelo pa\u00eds \u201c<em>\u00e9 muito importante, uma vez que n\u00e3o existe inclus\u00e3o melhor do que o combate \u00e0 fome<\/em>\u201c.<\/p>\n<p>O G20 Agro reunir\u00e1 autoridades dos 20 pa\u00edses do bloco e mais dez pa\u00edses convidados e \u00e9 considerado o grupo de trabalho com a maior ades\u00e3o.<\/p>\n<h3 class=\"wp-block-heading\" id=\"h-g20-agro-em-mato-grosso\"><strong>G20 Agro em Mato Grosso<\/strong><\/h3>\n<p>O presidente da ApexBrasil, Jorge Viana, ressaltou, durante o FIAP 2024, a import\u00e2ncia da realiza\u00e7\u00e3o do G20 da Agricultura em Mato Grosso.<\/p>\n<p>O estado possui 903.357 quil\u00f4metros quadrados de extens\u00e3o territorial e abriga os biomas Cerrado, Amaz\u00f4nia e Pantanal. \u00c9 cortado por seis rodovias federais, sendo a BR-163 a principal via de escoamento, ligando o norte e o sul do estado aos portos de Santos (SP), Paranagu\u00e1 (PR) e Miritituba (PA).<\/p>\n<p>\u201cMato Grosso sempre foi muito importante para o Brasil e, hoje, \u00e9 importante para o mundo. O Brasil sediar o G20 \u00e9 uma oportunidade de construir uma narrativa verdadeira e correta sobre o potencial incr\u00edvel deste pa\u00eds\u201d, afirmou Viana.<\/p>\n<h3 class=\"wp-block-heading\" id=\"h-solucoes-sobre-sustentabilidade-alimentar\"><strong>Solu\u00e7\u00f5es sobre sustentabilidade alimentar<\/strong><\/h3>\n<p>O FIAP \u2013 F\u00f3rum Internacional da Agropecu\u00e1ria \u00e9 um <em>side event<\/em> do G20 Agro, que trouxe discuss\u00f5es profundas sobre o setor, com as principais refer\u00eancias do agroneg\u00f3cio brasileiro e mundial.<\/p>\n<p>Durante o evento, o B20, representando a iniciativa privada dos pa\u00edses do G20, lan\u00e7ou um conjunto de recomenda\u00e7\u00f5es que prometem impulsionar uma transforma\u00e7\u00e3o significativa nos sistemas alimentares globais. O documento foi oficialmente entregue ao ministro da Agricultura e Pecu\u00e1ria, Carlos F\u00e1varo.<\/p>\n<p>Entre as contribui\u00e7\u00f5es est\u00e3o o aumento da produtividade, a libera\u00e7\u00e3o de recursos financeiros e uma maior participa\u00e7\u00e3o das <em>tradings<\/em> como agentes financiadores.<\/p>\n<p>Tamb\u00e9m foi entregue ao ministro da Agricultura e Pecu\u00e1ria e aos chefes de delega\u00e7\u00e3o do G20 Agro uma carta magna, desenvolvida pelos embaixadores do FIAP, Teka Vendramini, integrante do Conselho Consultivo do B20 Brasil, e o professor Dr. Jos\u00e9 Luiz Tejon, da Audencia Fran\u00e7a e Fecap Brasil, reunindo todas as contribui\u00e7\u00f5es discutidas nos pain\u00e9is do FIAP. O documento mostra quais s\u00e3o os pr\u00f3ximos passos e como o Brasil precisa se posicionar para ser protagonista na produ\u00e7\u00e3o de alimentos e na seguran\u00e7a alimentar do planeta.<\/p>\n<h3 class=\"wp-block-heading\" id=\"h-codigo-florestal-global-e-green-deal\"><strong>C\u00f3digo Florestal global e Green Deal<\/strong><\/h3>\n<p>O Pacto Ecol\u00f3gico Europeu, chamado de <strong>Green Deal<\/strong>, que traz uma s\u00e9rie de medidas sociais e comerciais a fim de alcan\u00e7ar a neutralidade clim\u00e1tica da Uni\u00e3o Europeia at\u00e9 2050, foi um dos assuntos debatidos no FIAP, no painel \u201c<em>Novas regras e modelos para garantir a seguran\u00e7a alimentar do planeta<\/em>\u201d, com a participa\u00e7\u00e3o do conselheiro da Uni\u00e3o Europeia no Brasil, Laurent Javaudin.<\/p>\n<p>\u201c<em>Quando fizemos essa nova legisla\u00e7\u00e3o, n\u00e3o foi porque quisemos. Fomos cobrados a fazer, afinal de contas, est\u00e1vamos comprando de quem desmatava. Elaboramos as regras pensando naqueles pa\u00edses que n\u00e3o fazem nada para combater o desmatamento. Acreditem, o Brasil est\u00e1 muito bem quanto a isso<\/em>\u201d, disse Javaudin.<\/p>\n<p>O ex-ministro e relator do C\u00f3digo Florestal Brasileiro, Aldo Rebelo, ressaltou durante o F\u00f3rum em Cuiab\u00e1 que as obriga\u00e7\u00f5es ambientais aos produtores rurais do Brasil s\u00e3o as mais exigentes do mundo.<\/p>\n<p>Segundo Rebelo, nenhum pa\u00eds do mundo imp\u00f5e tantas exig\u00eancias como aquelas que o produtor brasileiro enfrenta.<\/p>\n<p>\u201c<em>Nenhum produtor, seja norte-americano, europeu ou asi\u00e1tico, est\u00e1 sujeito a ceder 80% de sua propriedade \u00e0 prote\u00e7\u00e3o do meio ambiente como acontece no bioma amaz\u00f4nico, que corresponde a mais da metade do territ\u00f3rio do pa\u00eds. Estamos \u00e0s v\u00e9speras da Confer\u00eancia de Mudan\u00e7as Clim\u00e1ticas, que acontecer\u00e1 no Par\u00e1, em 2025, e ainda n\u00e3o apresentamos \u00e0 agenda internacional um C\u00f3digo Florestal m\u00ednimo, que seja obedecido por todo o mundo, com uma base a partir da qual todos os pa\u00edses e produtores tenham o mesmo compromisso ou sejam submetidos \u00e0s mesmas ren\u00fancias<\/em>.\u201d<\/p>\n<p>O FIAP 2024 \u00e9 apoiado por diversas entidades, incluindo a CNA, Sistema Famato, CNI, CropLife e outras, com patroc\u00ednios da JBS, Apex Brasil, John Deere, Senar MT, e apoio de conte\u00fado da CNN Brasil.<\/p>\n<\/div>\n<p><br \/>\n<br \/><a href=\"https:\/\/www.canalrural.com.br\/politica\/se-nao-estivermos-nas-discussoes-novas-regras-e-imposicoes-virao-diz-blairo-maggi-sobre-o-g20\/\">Source link <\/a><\/p>\n","protected":false},"excerpt":{"rendered":"<p>O Grupo de Trabalho G20 Agro, que reunir\u00e1 autoridades dos 20 pa\u00edses do bloco e mais dez pa\u00edses convidados, ocorrer\u00e1<\/p>\n","protected":false},"author":1,"featured_media":1294,"comment_status":"open","ping_status":"open","sticky":false,"template":"","format":"standard","meta":{"_monsterinsights_skip_tracking":false,"_monsterinsights_sitenote_active":false,"_monsterinsights_sitenote_note":"","_monsterinsights_sitenote_category":0,"_uf_show_specific_survey":0,"_uf_disable_surveys":false,"footnotes":""},"categories":[1],"tags":[],"class_list":["post-1293","post","type-post","status-publish","format-standard","has-post-thumbnail","hentry","category-news"],"_links":{"self":[{"href":"https:\/\/agromt.news\/index.php?rest_route=\/wp\/v2\/posts\/1293"}],"collection":[{"href":"https:\/\/agromt.news\/index.php?rest_route=\/wp\/v2\/posts"}],"about":[{"href":"https:\/\/agromt.news\/index.php?rest_route=\/wp\/v2\/types\/post"}],"author":[{"embeddable":true,"href":"https:\/\/agromt.news\/index.php?rest_route=\/wp\/v2\/users\/1"}],"replies":[{"embeddable":true,"href":"https:\/\/agromt.news\/index.php?rest_route=%2Fwp%2Fv2%2Fcomments&post=1293"}],"version-history":[{"count":0,"href":"https:\/\/agromt.news\/index.php?rest_route=\/wp\/v2\/posts\/1293\/revisions"}],"wp:featuredmedia":[{"embeddable":true,"href":"https:\/\/agromt.news\/index.php?rest_route=\/wp\/v2\/media\/1294"}],"wp:attachment":[{"href":"https:\/\/agromt.news\/index.php?rest_route=%2Fwp%2Fv2%2Fmedia&parent=1293"}],"wp:term":[{"taxonomy":"category","embeddable":true,"href":"https:\/\/agromt.news\/index.php?rest_route=%2Fwp%2Fv2%2Fcategories&post=1293"},{"taxonomy":"post_tag","embeddable":true,"href":"https:\/\/agromt.news\/index.php?rest_route=%2Fwp%2Fv2%2Ftags&post=1293"}],"curies":[{"name":"wp","href":"https:\/\/api.w.org\/{rel}","templated":true}]}}