{"id":1291,"date":"2024-09-09T20:46:05","date_gmt":"2024-09-10T00:46:05","guid":{"rendered":"https:\/\/agromt.news\/?p=1291"},"modified":"2024-09-09T20:46:05","modified_gmt":"2024-09-10T00:46:05","slug":"queimadas-no-brasil-e-estiagem-extremam-debates-climaticos-no-g20-em-mato-grosso","status":"publish","type":"post","link":"https:\/\/agromt.news\/?p=1291","title":{"rendered":"Queimadas no Brasil e estiagem extremam debates clim\u00e1ticos no G20 em Mato Grosso"},"content":{"rendered":"<p> <br \/>\n<\/p>\n<div>\n<p style=\"text-align:justify\">Com a adapta\u00e7\u00e3o \u00e0s mudan\u00e7as clim\u00e1ticas no epicentro do debate do Fruto de Trabalho de Agricultura do G20, cujas reuni\u00f5es acontecem entre os dias 10 e 14 de setembro em Mato Grosso, o ministro da Agricultura e Pecu\u00e1ria, Carlos F\u00e1varo, conclamou as lideran\u00e7as globais a firmarem um compromisso com a situa\u00e7\u00e3o clim\u00e1tica do planeta.\n<\/p>\n<p style=\"text-align:justify\">&#8220;Esse momento dif\u00edcil das queimadas no Brasil vai ter que mostrar a sensibilidade e o compromisso do mundo com as mudan\u00e7as clim\u00e1ticas&#8221;, declarou o ministro durante o F\u00f3rum Internacional de Agricultura e Pecu\u00e1ria (FIAP) &#8211; evento paralelo ao G20 &#8211; nesta segunda-feira (9), em Cuiab\u00e1 (MT).\n<\/p>\n<p style=\"text-align:justify\">O Brasil vive um momento de estiagem extrema em diversas regi\u00f5es do pa\u00eds, intensificando os focos de calor e queimadas em diversos estados, atingindo a produ\u00e7\u00e3o agr\u00edcola brasileira.<\/p>\n<p style=\"text-align:justify\">&#8220;Aqueles que achavam que as mudan\u00e7as clim\u00e1ticas eram mero discurso, agora j\u00e1 n\u00e3o t\u00eam mais o que discutir. Elas s\u00e3o uma realidade e estamos mostrando ao mundo que precisamos de medidas urgentes&#8221;, comentou.<\/p>\n<p style=\"text-align:justify\">Sede das reuni\u00f5es do G20, Mato Grosso \u00e9 o estado que registra maior n\u00famero de focos de queimada atualmente, mas tamb\u00e9m se destaca como maior produtor de gr\u00e3os do pa\u00eds em biomas preservados como Pantanal e Amaz\u00f4nia, al\u00e9m do Cerrado.<\/p>\n<p style=\"text-align:justify\">Desta forma, F\u00e1varo ressaltou que a sustentabilidade \u00e9 o caminho irrevog\u00e1vel para a produ\u00e7\u00e3o de alimentos.<\/p>\n<p style=\"text-align:justify\">Ele lembra que, diante dos desafios apresentados, o Brasil j\u00e1 apresentou seu modelo de contribui\u00e7\u00e3o com a seguran\u00e7a clim\u00e1tica, alimentar e nutricional do planeta.<\/p>\n<p style=\"text-align:justify\">&#8220;Podemos e vamos intensificar a nossa produ\u00e7\u00e3o de alimentos e vamos fazer isso sem avan\u00e7ar sobre as florestas. Crescemos muito, somos o maior produtor e exportador do mundo de diversos alimentos, mantendo uma grande \u00e1rea do nosso territ\u00f3rio inteiramente preservada. E podemos ainda mais. Temos cerca de 40 milh\u00f5es de hectares de pastagens de baixa produtividade onde podemos crescer a nossa produ\u00e7\u00e3o&#8221;, detalhou.\n<\/p>\n<\/div>\n<p><script data-cfasync=\"false\">\n    !function (f, b, e, v, n, t, s) {\n        if (f.fbq) return; n = f.fbq = function () {\n            n.callMethod ?\n                n.callMethod.apply(n, arguments) : n.queue.push(arguments)\n        };\n        if (!f._fbq) f._fbq = n; n.push = n; n.loaded = !0; n.version = '2.0';\n        n.queue = []; t = b.createElement(e); t.async = !0;\n        t.src = v; s = b.getElementsByTagName(e)[0];\n        s.parentNode.insertBefore(t, s)\n    }(window, document, 'script',\n        'https:\/\/connect.facebook.net\/en_US\/fbevents.js');\n    fbq('init', '522546078623747');\n    fbq('track', 'PageView');\n<\/script><br \/>\n<br \/><br \/>\n<br \/><a href=\"https:\/\/www.agrolink.com.br\/noticias\/queimadas-no-brasil-e-estiagem-extremam-debates-climaticos-no-g20-em-mato-grosso_494784.html\">Source link <\/a><\/p>\n","protected":false},"excerpt":{"rendered":"<p>Com a adapta\u00e7\u00e3o \u00e0s mudan\u00e7as clim\u00e1ticas no epicentro do debate do Fruto de Trabalho de Agricultura do G20, cujas reuni\u00f5es<\/p>\n","protected":false},"author":1,"featured_media":1292,"comment_status":"open","ping_status":"open","sticky":false,"template":"","format":"standard","meta":{"_monsterinsights_skip_tracking":false,"_monsterinsights_sitenote_active":false,"_monsterinsights_sitenote_note":"","_monsterinsights_sitenote_category":0,"_uf_show_specific_survey":0,"_uf_disable_surveys":false,"footnotes":""},"categories":[8,1,14],"tags":[],"class_list":["post-1291","post","type-post","status-publish","format-standard","has-post-thumbnail","hentry","category-agro","category-news","category-politica-agro"],"_links":{"self":[{"href":"https:\/\/agromt.news\/index.php?rest_route=\/wp\/v2\/posts\/1291"}],"collection":[{"href":"https:\/\/agromt.news\/index.php?rest_route=\/wp\/v2\/posts"}],"about":[{"href":"https:\/\/agromt.news\/index.php?rest_route=\/wp\/v2\/types\/post"}],"author":[{"embeddable":true,"href":"https:\/\/agromt.news\/index.php?rest_route=\/wp\/v2\/users\/1"}],"replies":[{"embeddable":true,"href":"https:\/\/agromt.news\/index.php?rest_route=%2Fwp%2Fv2%2Fcomments&post=1291"}],"version-history":[{"count":0,"href":"https:\/\/agromt.news\/index.php?rest_route=\/wp\/v2\/posts\/1291\/revisions"}],"wp:featuredmedia":[{"embeddable":true,"href":"https:\/\/agromt.news\/index.php?rest_route=\/wp\/v2\/media\/1292"}],"wp:attachment":[{"href":"https:\/\/agromt.news\/index.php?rest_route=%2Fwp%2Fv2%2Fmedia&parent=1291"}],"wp:term":[{"taxonomy":"category","embeddable":true,"href":"https:\/\/agromt.news\/index.php?rest_route=%2Fwp%2Fv2%2Fcategories&post=1291"},{"taxonomy":"post_tag","embeddable":true,"href":"https:\/\/agromt.news\/index.php?rest_route=%2Fwp%2Fv2%2Ftags&post=1291"}],"curies":[{"name":"wp","href":"https:\/\/api.w.org\/{rel}","templated":true}]}}