{"id":1287,"date":"2024-09-09T20:30:43","date_gmt":"2024-09-10T00:30:43","guid":{"rendered":"https:\/\/agromt.news\/?p=1287"},"modified":"2024-09-09T20:30:43","modified_gmt":"2024-09-10T00:30:43","slug":"se-nao-estivermos-nas-discussoes-novas-regras-e-imposicoes-virao-diz-blairo-maggi-sobre-o-g20-agro","status":"publish","type":"post","link":"https:\/\/agromt.news\/?p=1287","title":{"rendered":"\u201cSe n\u00e3o estivermos nas discuss\u00f5es, novas regras e imposi\u00e7\u00f5es vir\u00e3o\u201d, diz Blairo Maggi sobre o G20 Agro"},"content":{"rendered":"<p> <br \/>\n<\/p>\n<div>\n<p>O Grupo de Trabalho G20 Agro, que reunir\u00e1 autoridades dos 20 pa\u00edses do bloco e mais dez pa\u00edses convidados, ocorrer\u00e1 entre os dias 10 e 13 de setembro, em Chapada dos Guimar\u00e3es (MT).<\/p>\n<p>O Brasil sediar o G20 \u00e9 considerado uma oportunidade para a constru\u00e7\u00e3o de uma narrativa verdadeira e correta sobre o potencial do pa\u00eds, ao mesmo tempo em que se analisa o que ainda precisa ser feito e se realizam novas negocia\u00e7\u00f5es e acordos.<\/p>\n<p>Rico em produ\u00e7\u00e3o de gr\u00e3os e fibras, batendo recordes de safra a cada ano e detentor do maior rebanho bovino do pa\u00eds, com mais de 31 milh\u00f5es de cabe\u00e7as, Mato Grosso foi eleito o local ideal para sediar, entre os dias 10 e 13 de setembro, os debates do G20 Agro no Brasil. O encontro ser\u00e1 realizado em Chapada dos Guimar\u00e3es.<\/p>\n<p>Para o ex-ministro da Agricultura e Pecu\u00e1ria, Blairo Maggi, o \u201cG20 \u00e9 uma grande oportunidade de produzir o que est\u00e1 faltando e realizar novas negocia\u00e7\u00f5es e acordos\u201d.<\/p>\n<p>Durante o F\u00f3rum Internacional da Agropecu\u00e1ria (FIAP 2024), promovido pelo Canal Rural em Cuiab\u00e1 (MT) nesta segunda-feira (9), Maggi destacou ainda que \u201cse n\u00e3o estivermos presentes nas discuss\u00f5es, novas regras e imposi\u00e7\u00f5es vir\u00e3o\u201d.<\/p>\n<aside class=\"read-too read-too--with-img\">\n<h2 class=\"read-too__title'&gt;Leia Mais&lt;\/h2&gt; &lt;ul class=\" read-too__list=\"\"> <\/h2>\n<li class=\"read-too__list-item\"> <a class=\"read-too__link\" href=\"https:\/\/www.cnnbrasil.com.br\/economia\/macroeconomia\/setor-privado-quer-impulsionar-plano-de-ia-do-governo-e-oferecer-alternativas\/\" target=\"_self\" rel=\"noopener\"> <picture class=\"read-too__picture\"> <img decoding=\"async\" class=\"read-too__img\" src=\"https:\/\/www.cnnbrasil.com.br\/wp-content\/uploads\/sites\/12\/2024\/09\/WhatsApp-Image-2024-09-09-at-16.37.13.jpeg?w=200\" alt=\"Setor privado quer impulsionar plano de IA do governo e oferecer alternativas\" title=\"Setor privado quer impulsionar plano de IA do governo e oferecer alternativas'\" loading=\"lazy\"\/> <\/picture>\n<h3 class=\"read-too__post-title\">Setor privado quer impulsionar plano de IA do governo e oferecer alternativas<\/h3>\n<p> <\/a><\/li>\n<li class=\"read-too__list-item\"> <a class=\"read-too__link\" href=\"https:\/\/www.cnnbrasil.com.br\/economia\/macroeconomia\/bndes-disponibiliza-mais-r-150-milhoes-em-capital-de-giro-a-empresas-gauchas\/\" target=\"_self\" rel=\"noopener\"> <picture class=\"read-too__picture\"> <img decoding=\"async\" class=\"read-too__img\" src=\"https:\/\/www.cnnbrasil.com.br\/wp-content\/uploads\/sites\/12\/Reuters_Direct_Media\/BrazilOnlineReportBusinessNews\/tagreuters.com2024binary_LYNXMPEK7C0GS-FILEDIMAGE.jpg?w=200\" alt=\"BNDES disponibiliza mais R$ 150 milh\u00f5es em capital de giro a empresas ga\u00fachas\" title=\"BNDES disponibiliza mais R$ 150 milh\u00f5es em capital de giro a empresas ga\u00fachas'\" loading=\"lazy\"\/> <\/picture>\n<h3 class=\"read-too__post-title\">BNDES disponibiliza mais R$ 150 milh\u00f5es em capital de giro a empresas ga\u00fachas<\/h3>\n<p> <\/a><\/li>\n<li class=\"read-too__list-item\"> <a class=\"read-too__link\" href=\"https:\/\/www.cnnbrasil.com.br\/economia\/macroeconomia\/supercomputadores-vao-avancar-pesquisa-cientifica-no-brasil-diz-secretario-de-transformacao-digital\/\" target=\"_self\" rel=\"noopener\"> <picture class=\"read-too__picture\"> <img decoding=\"async\" class=\"read-too__img\" src=\"https:\/\/www.cnnbrasil.com.br\/wp-content\/uploads\/sites\/12\/2024\/09\/1ff7035e-caac-49eb-aaec-334c086ac822.jpeg?w=200\" alt=\"Supercomputadores v\u00e3o avan\u00e7ar pesquisa cient\u00edfica no Brasil, diz secret\u00e1rio de Transforma\u00e7\u00e3o Digital\" title=\"Supercomputadores v\u00e3o avan\u00e7ar pesquisa cient\u00edfica no Brasil, diz secret\u00e1rio de Transforma\u00e7\u00e3o Digital'\" loading=\"lazy\"\/> <\/picture>\n<h3 class=\"read-too__post-title\">Supercomputadores v\u00e3o avan\u00e7ar pesquisa cient\u00edfica no Brasil, diz secret\u00e1rio de Transforma\u00e7\u00e3o Digital<\/h3>\n<p> <\/a><\/li>\n<\/aside>\n<p>Entre as principais pautas do Grupo de Trabalho da Agricultura, a serem debatidas em Mato Grosso, conforme o Minist\u00e9rio da Agricultura e Pecu\u00e1ria (Mapa), est\u00e3o a sustentabilidade nos sistemas agroalimentares em seus m\u00faltiplos aspectos e a amplia\u00e7\u00e3o da contribui\u00e7\u00e3o do com\u00e9rcio internacional para a seguran\u00e7a alimentar e nutricional.<\/p>\n<p>O atual ministro da Agricultura e Pecu\u00e1ria, Carlos F\u00e1varo, destacou que este \u00e9 um momento prop\u00edcio para o Brasil assumir a presid\u00eancia do G20, com foco em construir um mundo mais justo e sustent\u00e1vel.<\/p>\n<p>Segundo ele, o tema escolhido pelo pa\u00eds \u201c\u00e9 muito importante, uma vez que n\u00e3o existe inclus\u00e3o melhor do que o combate \u00e0 fome\u201c.<\/p>\n<p>O G20 Agro reunir\u00e1 autoridades dos 20 pa\u00edses do bloco e mais dez pa\u00edses convidados e \u00e9 considerado o grupo de trabalho com a maior ades\u00e3o.<br \/>G20 Agro em Mato Grosso<\/p>\n<p>O presidente da ApexBrasil, Jorge Viana, ressaltou, durante o FIAP 2024, a import\u00e2ncia da realiza\u00e7\u00e3o do G20 da Agricultura em Mato Grosso.<\/p>\n<p>O estado possui 903.357 quil\u00f4metros quadrados de extens\u00e3o territorial e abriga os biomas Cerrado, Amaz\u00f4nia e Pantanal. \u00c9 cortado por seis rodovias federais, sendo a BR-163 a principal via de escoamento, ligando o norte e o sul do estado aos portos de Santos (SP), Paranagu\u00e1 (PR) e Miritituba (PA).<\/p>\n<p>\u201cMato Grosso sempre foi muito importante para o Brasil e, hoje, \u00e9 importante para o mundo. O Brasil sediar o G20 \u00e9 uma oportunidade de construir uma narrativa verdadeira e correta sobre o potencial incr\u00edvel deste pa\u00eds\u201d, afirmou Viana.<\/p>\n<h2>Solu\u00e7\u00f5es sobre sustentabilidade alimentar<\/h2>\n<p>O FIAP trouxe discuss\u00f5es profundas sobre o setor, com as principais refer\u00eancias do agroneg\u00f3cio brasileiro e mundial.<\/p>\n<p>Durante o evento, o B20, representando a iniciativa privada dos pa\u00edses do G20, lan\u00e7ou um conjunto de recomenda\u00e7\u00f5es que prometem impulsionar uma transforma\u00e7\u00e3o significativa nos sistemas alimentares globais. O documento foi oficialmente entregue ao ministro da Agricultura e Pecu\u00e1ria.<\/p>\n<p>Entre as contribui\u00e7\u00f5es est\u00e3o o aumento da produtividade, a libera\u00e7\u00e3o de recursos financeiros e uma maior participa\u00e7\u00e3o das tradings como agentes financiadores.<\/p>\n<p>Tamb\u00e9m foi entregue ao ministro e aos chefes de delega\u00e7\u00e3o do G20 Agro uma carta magna, desenvolvida pelos embaixadores do FIAP, Teka Vendramini, integrante do Conselho Consultivo do B20 Brasil, e o professor Dr. Jos\u00e9 Luiz Tejon, da Audencia Fran\u00e7a e Fecap Brasil, reunindo todas as contribui\u00e7\u00f5es discutidas nos pain\u00e9is do evento.<\/p>\n<p>O documento mostra quais s\u00e3o os pr\u00f3ximos passos e como o Brasil precisa se posicionar para ser protagonista na produ\u00e7\u00e3o de alimentos e na seguran\u00e7a alimentar do planeta.<\/p>\n<h2>C\u00f3digo Florestal global e Green Deal<\/h2>\n<p>O Pacto Ecol\u00f3gico Europeu, chamado de Green Deal, que traz uma s\u00e9rie de medidas sociais e comerciais a fim de alcan\u00e7ar a neutralidade clim\u00e1tica da Uni\u00e3o Europeia at\u00e9 2050, foi um dos assuntos debatidos no FIAP, no painel \u201cNovas regras e modelos para garantir a seguran\u00e7a alimentar do planeta\u201d, com a participa\u00e7\u00e3o do conselheiro da Uni\u00e3o Europeia no Brasil, Laurent Javaudin.<\/p>\n<p>\u201cQuando fizemos essa nova legisla\u00e7\u00e3o, n\u00e3o foi porque quisemos. Fomos cobrados a fazer, afinal de contas, est\u00e1vamos comprando de quem desmatava. Elaboramos as regras pensando naqueles pa\u00edses que n\u00e3o fazem nada para combater o desmatamento. Acreditem, o Brasil est\u00e1 muito bem quanto a isso\u201d, disse Javaudin.<\/p>\n<p>O ex-ministro e relator do C\u00f3digo Florestal Brasileiro, Aldo Rebelo, ressaltou durante o F\u00f3rum em Cuiab\u00e1 que as obriga\u00e7\u00f5es ambientais aos produtores rurais do Brasil s\u00e3o as mais exigentes do mundo.<\/p>\n<p>Segundo Rebelo, nenhum pa\u00eds do mundo imp\u00f5e tantas exig\u00eancias como aquelas que o produtor brasileiro enfrenta.<\/p>\n<p>\u201cNenhum produtor, seja norte-americano, europeu ou asi\u00e1tico, est\u00e1 sujeito a ceder 80% de sua propriedade \u00e0 prote\u00e7\u00e3o do meio ambiente como acontece no bioma amaz\u00f4nico, que corresponde a mais da metade do territ\u00f3rio do pa\u00eds\u201d, disse.<\/p>\n<p>\u201cEstamos \u00e0s v\u00e9speras da Confer\u00eancia de Mudan\u00e7as Clim\u00e1ticas, que acontecer\u00e1 no Par\u00e1, em 2025, e ainda n\u00e3o apresentamos \u00e0 agenda internacional um C\u00f3digo Florestal m\u00ednimo, que seja obedecido por todo o mundo, com uma base a partir da qual todos os pa\u00edses e produtores tenham o mesmo compromisso ou sejam submetidos \u00e0s mesmas ren\u00fancias\u201d.<\/p>\n<p>O FIAP 2024 \u00e9 apoiado por diversas entidades, incluindo a CNA, Sistema Famato, CNI, CropLife e outras, com patroc\u00ednios da JBS, Apex Brasil, John Deere, Senar MT, e apoio de conte\u00fado da <strong>CNN Brasil<\/strong>.<\/p>\n<div class=\"post__video\">\n<div class=\"cnn component-video has--live\">\n<div class=\"component-inner\">\n<div id=\"player_noticias_D532E-zGfi0\" class=\"video-wrapper \">\n<div class=\"video-wrapper-inner\">\n<div class=\"overlay-wrapper\"> <button class=\"video-button js-video-play active\" aria-label=\"Assista o v\u00eddeo C\u00fapula do G20: Brasil, \u00cdndia e EUA lan\u00e7am alian\u00e7a de biocombust\u00edveis | CNN NOVO DIA\" tabindex=\"0\"> <img decoding=\"async\" class=\"thumbnail-image\" src=\"https:\/\/img.youtube.com\/vi\/D532E-zGfi0\/sddefault.jpg\" alt=\"C\u00fapula do G20: Brasil, \u00cdndia e EUA lan\u00e7am alian\u00e7a de biocombust\u00edveis | CNN NOVO DIA\"\/> <span class=\"video-play-button\" aria-label=\"Bot\u00e3o play do v\u00eddeo C\u00fapula do G20: Brasil, \u00cdndia e EUA lan\u00e7am alian\u00e7a de biocombust\u00edveis | CNN NOVO DIA\"\/> <span class=\"video-gradient\"\/> <span class=\"video-title\">C\u00fapula do G20: Brasil, \u00cdndia e EUA lan\u00e7am alian\u00e7a de biocombust\u00edveis | CNN NOVO DIA<\/span> <\/button> <\/div>\n<p> <span class=\"embedded-video video-player-wrapper\" data-youtube-plcmt=\"1\" data-youtube-vpmute=\"0\" data-youtube-width=\"640px\" data-youtube-height=\"480px\" data-youtube-ui=\"noticias\" data-youtube-play=\"0\" data-youtube-mute=\"0\" data-youtube-id=\"D532E-zGfi0\" data-youtube-vpa=\"click\" data-youtube-hl=\"pt\" data-youtube-position=\"\"\/> <\/div>\n<\/p><\/div>\n<\/p><\/div>\n<\/p><\/div>\n<\/div>\n<p><em>Parceria de conte\u00fado da CNN Brasil com o Canal Rural na cobertura do G20 Agro<\/em><\/p>\n<\/div>\n<p><br \/>\n<br \/><a href=\"https:\/\/www.cnnbrasil.com.br\/economia\/macroeconomia\/se-nao-estivermos-nas-discussoes-novas-regras-e-imposicoes-virao-diz-blairo-maggi-sobre-o-g20-agro\/\">Source link <\/a><\/p>\n","protected":false},"excerpt":{"rendered":"<p>O Grupo de Trabalho G20 Agro, que reunir\u00e1 autoridades dos 20 pa\u00edses do bloco e mais dez pa\u00edses convidados, ocorrer\u00e1<\/p>\n","protected":false},"author":1,"featured_media":1288,"comment_status":"open","ping_status":"open","sticky":false,"template":"","format":"standard","meta":{"_monsterinsights_skip_tracking":false,"_monsterinsights_sitenote_active":false,"_monsterinsights_sitenote_note":"","_monsterinsights_sitenote_category":0,"_uf_show_specific_survey":0,"_uf_disable_surveys":false,"footnotes":""},"categories":[1],"tags":[],"class_list":["post-1287","post","type-post","status-publish","format-standard","has-post-thumbnail","hentry","category-news"],"_links":{"self":[{"href":"https:\/\/agromt.news\/index.php?rest_route=\/wp\/v2\/posts\/1287"}],"collection":[{"href":"https:\/\/agromt.news\/index.php?rest_route=\/wp\/v2\/posts"}],"about":[{"href":"https:\/\/agromt.news\/index.php?rest_route=\/wp\/v2\/types\/post"}],"author":[{"embeddable":true,"href":"https:\/\/agromt.news\/index.php?rest_route=\/wp\/v2\/users\/1"}],"replies":[{"embeddable":true,"href":"https:\/\/agromt.news\/index.php?rest_route=%2Fwp%2Fv2%2Fcomments&post=1287"}],"version-history":[{"count":0,"href":"https:\/\/agromt.news\/index.php?rest_route=\/wp\/v2\/posts\/1287\/revisions"}],"wp:featuredmedia":[{"embeddable":true,"href":"https:\/\/agromt.news\/index.php?rest_route=\/wp\/v2\/media\/1288"}],"wp:attachment":[{"href":"https:\/\/agromt.news\/index.php?rest_route=%2Fwp%2Fv2%2Fmedia&parent=1287"}],"wp:term":[{"taxonomy":"category","embeddable":true,"href":"https:\/\/agromt.news\/index.php?rest_route=%2Fwp%2Fv2%2Fcategories&post=1287"},{"taxonomy":"post_tag","embeddable":true,"href":"https:\/\/agromt.news\/index.php?rest_route=%2Fwp%2Fv2%2Ftags&post=1287"}],"curies":[{"name":"wp","href":"https:\/\/api.w.org\/{rel}","templated":true}]}}