{"id":1283,"date":"2024-09-09T20:02:20","date_gmt":"2024-09-10T00:02:20","guid":{"rendered":"https:\/\/agromt.news\/?p=1283"},"modified":"2024-09-09T20:02:20","modified_gmt":"2024-09-10T00:02:20","slug":"pecuaria-do-futuro-especialistas-debatem-as-inovacoes-que-vao-guiar-a-producao-de-carne-bovina","status":"publish","type":"post","link":"https:\/\/agromt.news\/?p=1283","title":{"rendered":"Pecu\u00e1ria do futuro: especialistas debatem as inova\u00e7\u00f5es que v\u00e3o guiar a produ\u00e7\u00e3o de carne bovina"},"content":{"rendered":"<p> <br \/>\n<\/p>\n<div>\n<p>O F\u00f3rum Internacional da Agropecu\u00e1ria (FIAP 2024) trouxe \u00e0 tona, nesta segunda-feira, 9 de setembro, em Cuiab\u00e1, discuss\u00f5es essenciais sobre as tecnologias e experi\u00eancias brasileiras que s\u00e3o <strong>refer\u00eancia mundial na pecu\u00e1ria<\/strong>.<\/p>\n<p>O painel, moderado por Caio Penido, presidente do Instituto Mato-grossense da Carne (IMAC), contou com a presen\u00e7a de Arlindo Vilela, Jos\u00e9 Bento Ferraz e Fernanda Macitelli, especialistas em suas \u00e1reas, debatendo caminhos para o avan\u00e7o sustent\u00e1vel do setor.<\/p>\n<h2 class=\"wp-block-heading\" id=\"h-intensificacao-sustentavel-na-pecuaria-do-futuro\"><strong>Intensifica\u00e7\u00e3o sustent\u00e1vel na pecu\u00e1ria do futuro<\/strong><\/h2>\n<figure class=\"wp-block-image size-large\"><img fetchpriority=\"high\" decoding=\"async\" width=\"1024\" height=\"576\" alt=\"Arlindo Vilela, pecuarista e doutor em Produ\u00e7\u00e3o Animal. Foto: Canal Rural\" class=\"wp-image-4066447\"  data-lazy- src=\"https:\/\/agromt.news\/wp-content\/uploads\/2024\/09\/Pecuaria-do-futuro-especialistas-debatem-as-inovacoes-que-vao-guiar.jpg\"\/><img decoding=\"async\" width=\"1024\" height=\"576\" src=\"https:\/\/agromt.news\/wp-content\/uploads\/2024\/09\/Pecuaria-do-futuro-especialistas-debatem-as-inovacoes-que-vao-guiar.jpg\" alt=\"Arlindo Vilela, pecuarista e doutor em Produ\u00e7\u00e3o Animal. Foto: Canal Rural\" class=\"wp-image-4066447\"  \/><figcaption class=\"wp-element-caption\">Arlindo Vilela, pecuarista e doutor em Produ\u00e7\u00e3o Animal. Foto: Canal Rural<\/figcaption><\/figure>\n<p>Arlindo Vilela, um dos destaques do painel, refor\u00e7ou a import\u00e2ncia da intensifica\u00e7\u00e3o na pecu\u00e1ria como um caminho sem volta para a sustentabilidade. Segundo ele, intensificar n\u00e3o significa apenas aumentar a produ\u00e7\u00e3o, mas sim melhorar a efici\u00eancia e usar os recursos de forma inteligente. Um dos aspectos que Vilela destacou foi a compara\u00e7\u00e3o entre o confinamento e a termina\u00e7\u00e3o intensiva a pasto (TIP).<\/p>\n<\/div>\n<div>\n<blockquote class=\"wp-block-quote is-layout-flow wp-block-quote-is-layout-flow\">\n<p>\u201cAqui em Mato Grosso, em 2014, a TIP empatou com o confinamento, o n\u00famero de animais terminados em confinamento e terminado em TIP. Nesses dez anos o confinamento cresceu 20% em Mato Grosso e a TIP cresceu 300%, ent\u00e3o \u00e9 algo que tem sustenta\u00e7\u00e3o.\u201d<\/p>\n<p>Arlindo Vilela<\/p>\n<\/blockquote>\n<p>Ele destacou os desafios da cultura, gest\u00e3o e recursos financeiros como barreiras a serem superadas, mas insistiu que o foco deve ser em \u201cfazer melhor\u201d para garantir uma pecu\u00e1ria moderna e sustent\u00e1vel.<\/p>\n<h2 class=\"wp-block-heading\" id=\"h-genetica-e-o-impacto-reprodutivo-na-producao-de-carne\"><strong>Gen\u00e9tica e o impacto reprodutivo na produ\u00e7\u00e3o de carne<\/strong><\/h2>\n<figure class=\"wp-block-image size-large\"><img decoding=\"async\" width=\"1024\" height=\"576\" alt=\"Professor Jos\u00e9 Bento Ferraz, da USP. Foto: Canal Rural\" class=\"wp-image-4066449\"  data-lazy- src=\"https:\/\/agromt.news\/wp-content\/uploads\/2024\/09\/1725926540_28_Pecuaria-do-futuro-especialistas-debatem-as-inovacoes-que-vao-guiar.jpg\"\/><img loading=\"lazy\" decoding=\"async\" width=\"1024\" height=\"576\" src=\"https:\/\/agromt.news\/wp-content\/uploads\/2024\/09\/1725926540_28_Pecuaria-do-futuro-especialistas-debatem-as-inovacoes-que-vao-guiar.jpg\" alt=\"Professor Jos\u00e9 Bento Ferraz, da USP. Foto: Canal Rural\" class=\"wp-image-4066449\"  \/><figcaption class=\"wp-element-caption\">Professor Jos\u00e9 Bento Ferraz, da USP. Foto: Canal Rural<\/figcaption><\/figure>\n<p>Jos\u00e9 Bento Ferraz, professor da USP, trouxe ao debate a import\u00e2ncia da gen\u00e9tica na pecu\u00e1ria. Ele enfatizou que compreender o que cada pecuarista deseja para seu rebanho \u00e9 essencial.<\/p>\n<p>A escolha do touro certo, adequado para cada sistema de produ\u00e7\u00e3o, \u00e9 crucial para evitar surpresas desagrad\u00e1veis e preju\u00edzos.<\/p>\n<p>No entanto, o Brasil possui um gargalo muito grande que \u00e9 justamente al\u00e7ar maiores ganhos na produ\u00e7\u00e3o de bovinos de corte por conta do melhoramento gen\u00e9tico e sua participa\u00e7\u00e3o na produ\u00e7\u00e3o de carne bovina no Pa\u00eds.<\/p>\n<blockquote class=\"wp-block-quote is-layout-flow wp-block-quote-is-layout-flow\">\n<p>\u201cSempre me perguntam: qual o porcentual dos animais abatidos no Brasil que possuem gen\u00e9tica de animais melhorados de alguma forma? Fiz conta por todo o lado e cheguei \u00e0 conclus\u00e3o que \u00e9 no m\u00e1ximo 30%.\u201d<\/p>\n<p>Jos\u00e9 Bento Ferraz<\/p>\n<\/blockquote>\n<p>Por isso ainda h\u00e1 um potencial de 70% do rebanho brasileiro que precisa que melhores t\u00e9cnicas gen\u00e9ticas de produ\u00e7\u00e3o. E para isso o produtor deve se guiar em crit\u00e9rios que devem ser avaliados de forma integrada, considerando-se as necessidades e objetivos do sistema de produ\u00e7\u00e3o, visando a obten\u00e7\u00e3o de animais produtivos e saud\u00e1veis.<\/p>\n<figure class=\"wp-block-image size-large\"><img loading=\"lazy\" decoding=\"async\" width=\"1024\" height=\"576\" alt=\"Fernanda Macitelli, pesquisadora da UFMT. Foto: Canal Rural\" class=\"wp-image-4066451\"  data-lazy- src=\"https:\/\/agromt.news\/wp-content\/uploads\/2024\/09\/1725926540_827_Pecuaria-do-futuro-especialistas-debatem-as-inovacoes-que-vao-guiar.jpg\"\/><img loading=\"lazy\" decoding=\"async\" width=\"1024\" height=\"576\" src=\"https:\/\/agromt.news\/wp-content\/uploads\/2024\/09\/1725926540_827_Pecuaria-do-futuro-especialistas-debatem-as-inovacoes-que-vao-guiar.jpg\" alt=\"Fernanda Macitelli, pesquisadora da UFMT. Foto: Canal Rural\" class=\"wp-image-4066451\"  \/><figcaption class=\"wp-element-caption\">Fernanda Macitelli, pesquisadora da UFMT. Foto: Canal Rural<\/figcaption><\/figure>\n<p>Fernanda Macitelli, da UFMT, destacou o crescente reconhecimento do bem-estar animal na pecu\u00e1ria brasileira.<\/p>\n<p>Ela apontou que, al\u00e9m de ser uma quest\u00e3o \u00e9tica, o bem-estar animal contribui para melhorias na produtividade econ\u00f4mica e na qualidade dos produtos de origem animal.<\/p>\n<blockquote class=\"wp-block-quote is-layout-flow wp-block-quote-is-layout-flow\">\n<p>\u201cQuando a gente envolve manejos de bem-estar animal \u00e9 cientificamente comprovado que ele leva a uma menor a necessidade de medicamentos, principalmente, a redu\u00e7\u00e3o no uso de antibi\u00f3ticos. Isso tem uma total rela\u00e7\u00e3o com a sa\u00fade p\u00fablica hoje.\u201d<\/p>\n<p>Fernanda Macitelli<\/p>\n<\/blockquote>\n<p>Al\u00e9m disso, est\u00e1 cada vez mais vinculado a regulamenta\u00e7\u00f5es de mercado, sa\u00fade p\u00fablica e responsabilidade humana, tornando-se um pilar fundamental para uma pecu\u00e1ria mais saud\u00e1vel e competitiva.<\/p>\n<h2 class=\"wp-block-heading\" id=\"h-intercambio-de-ideias-para-melhor-futuro-para-a-pecuaria\"><strong>Interc\u00e2mbio de ideias para melhor futuro para a pecu\u00e1ria<\/strong><\/h2>\n<p>O FIAP 2024 promoveu um rico interc\u00e2mbio de ideias, mostrando que a pecu\u00e1ria brasileira est\u00e1 na vanguarda das pr\u00e1ticas sustent\u00e1veis, com foco em intensifica\u00e7\u00e3o respons\u00e1vel, gen\u00e9tica precisa e bem-estar animal.<\/p>\n<p>Esse conjunto de debates \u00e9 crucial para preparar o setor para os desafios futuros e consolidar o Brasil como l\u00edder global na produ\u00e7\u00e3o pecu\u00e1ria sustent\u00e1vel.<\/p>\n<h2 class=\"wp-block-heading\" id=\"h-canal-rural-no-whatsapp\"><strong>Canal Rural no WhatsApp<\/strong><\/h2>\n<p>Confira na palma da m\u00e3o informa\u00e7\u00f5es quentes sobre agricultura, pecu\u00e1ria, economia e previs\u00e3o do tempo:<a href=\"https:\/\/www.whatsapp.com\/channel\/0029Va9VnZxGk1FplZjiW43k\"><em> <\/em><strong>siga o Canal Rural no WhatsApp<\/strong><\/a>!<\/p>\n<\/div>\n<p><br \/>\n<br \/><a href=\"https:\/\/www.canalrural.com.br\/pecuaria\/pecuaria-do-futuro-especialistas-debatem-as-inovacoes-que-vao-guiar-a-producao-de-carne-bovina\/\">Source link <\/a><\/p>\n","protected":false},"excerpt":{"rendered":"<p>O F\u00f3rum Internacional da Agropecu\u00e1ria (FIAP 2024) trouxe \u00e0 tona, nesta segunda-feira, 9 de setembro, em Cuiab\u00e1, discuss\u00f5es essenciais sobre<\/p>\n","protected":false},"author":1,"featured_media":1284,"comment_status":"open","ping_status":"open","sticky":false,"template":"","format":"standard","meta":{"_monsterinsights_skip_tracking":false,"_monsterinsights_sitenote_active":false,"_monsterinsights_sitenote_note":"","_monsterinsights_sitenote_category":0,"_uf_show_specific_survey":0,"_uf_disable_surveys":false,"footnotes":""},"categories":[1],"tags":[],"class_list":["post-1283","post","type-post","status-publish","format-standard","has-post-thumbnail","hentry","category-news"],"_links":{"self":[{"href":"https:\/\/agromt.news\/index.php?rest_route=\/wp\/v2\/posts\/1283"}],"collection":[{"href":"https:\/\/agromt.news\/index.php?rest_route=\/wp\/v2\/posts"}],"about":[{"href":"https:\/\/agromt.news\/index.php?rest_route=\/wp\/v2\/types\/post"}],"author":[{"embeddable":true,"href":"https:\/\/agromt.news\/index.php?rest_route=\/wp\/v2\/users\/1"}],"replies":[{"embeddable":true,"href":"https:\/\/agromt.news\/index.php?rest_route=%2Fwp%2Fv2%2Fcomments&post=1283"}],"version-history":[{"count":0,"href":"https:\/\/agromt.news\/index.php?rest_route=\/wp\/v2\/posts\/1283\/revisions"}],"wp:featuredmedia":[{"embeddable":true,"href":"https:\/\/agromt.news\/index.php?rest_route=\/wp\/v2\/media\/1284"}],"wp:attachment":[{"href":"https:\/\/agromt.news\/index.php?rest_route=%2Fwp%2Fv2%2Fmedia&parent=1283"}],"wp:term":[{"taxonomy":"category","embeddable":true,"href":"https:\/\/agromt.news\/index.php?rest_route=%2Fwp%2Fv2%2Fcategories&post=1283"},{"taxonomy":"post_tag","embeddable":true,"href":"https:\/\/agromt.news\/index.php?rest_route=%2Fwp%2Fv2%2Ftags&post=1283"}],"curies":[{"name":"wp","href":"https:\/\/api.w.org\/{rel}","templated":true}]}}