{"id":1281,"date":"2024-09-09T18:55:31","date_gmt":"2024-09-09T22:55:31","guid":{"rendered":"https:\/\/agromt.news\/?p=1281"},"modified":"2024-09-09T18:55:31","modified_gmt":"2024-09-09T22:55:31","slug":"chuva-prevista-nao-sera-suficiente-para-o-desempenho-inicial-da-safra-da-soja","status":"publish","type":"post","link":"https:\/\/agromt.news\/?p=1281","title":{"rendered":"Chuva prevista n\u00e3o ser\u00e1 suficiente para o desempenho inicial da safra da soja"},"content":{"rendered":"<p> <br \/>\n<\/p>\n<div>\n<p>Os riscos de inc\u00eandio se agravam em v\u00e1rias regi\u00f5es<a href=\"https:\/\/www.canalrural.com.br\/agricultura\/projeto-soja-brasil\/\"> produtoras da soja no Brasil<\/a>, incluindo a regi\u00e3o central, Matopiba, Centro-Oeste e Sudeste, que permanecem em alerta. Os estados do Paran\u00e1, assim como o norte do Rio Grande do Sul e o oeste de Santa Catarina, j\u00e1 come\u00e7am a sentir potencializa\u00e7\u00e3o dos riscos.<\/p>\n<figure class=\"wp-block-embed is-type-video is-provider-youtube wp-block-embed-youtube wp-embed-aspect-16-9 wp-has-aspect-ratio\">\n<p>\n<iframe title=\"Previs\u00e3o do tempo | Chuva prevista n\u00e3o ser\u00e1 suficiente para o desempenho inicial da safra da soja\" width=\"800\" height=\"450\" src=\"https:\/\/www.youtube.com\/embed\/hjCUdB3UsrQ?feature=oembed\" frameborder=\"0\" allow=\"accelerometer; autoplay; clipboard-write; encrypted-media; gyroscope; picture-in-picture; web-share\" referrerpolicy=\"strict-origin-when-cross-origin\" allowfullscreen><\/iframe><noscript><iframe title=\"Previs\u00e3o do tempo | Chuva prevista n\u00e3o ser\u00e1 suficiente para o desempenho inicial da safra da soja\" width=\"800\" height=\"450\" src=\"https:\/\/www.youtube.com\/embed\/hjCUdB3UsrQ?feature=oembed\" frameborder=\"0\" allow=\"accelerometer; autoplay; clipboard-write; encrypted-media; gyroscope; picture-in-picture; web-share\" referrerpolicy=\"strict-origin-when-cross-origin\" allowfullscreen><\/iframe><\/noscript>\n<\/p>\n<\/figure>\n<p>Nos pr\u00f3ximos cinco dias, a chuva ser\u00e1 praticamente inexistente na maioria das regi\u00f5es do Brasil, exceto no Rio Grande do Sul, no litoral do Nordeste e no norte da regi\u00e3o Norte, onde os volumes de precipita\u00e7\u00e3o n\u00e3o devem ultrapassar 10 mm.<\/p>\n<p>Por outro lado, um ciclone e uma frente fria mais intensa devem trazer um pouco de chuva para S\u00e3o Paulo, Mato Grosso do Sul e \u00e1reas de Mato Grosso. No entanto, essa precipita\u00e7\u00e3o n\u00e3o ser\u00e1 suficiente para garantir um bom desenvolvimento da safra 2024\/25.<\/p>\n<\/div>\n<div>\n<p class=\"has-text-align-center\"><em>Confira na palma da m\u00e3o informa\u00e7\u00f5es quentes sobre agricultura, pecu\u00e1ria, economia e previs\u00e3o do tempo:<\/em><a href=\"https:\/\/whatsapp.com\/channel\/0029Va9VnZxGk1FplZjiW43k\"><strong><em>\u00a0siga o Canal Rura<\/em><\/strong><\/a><a href=\"https:\/\/www.whatsapp.com\/channel\/0029Va9VnZxGk1FplZjiW43k\"><strong><em>l no WhatsApp!<\/em><\/strong><\/a><\/p>\n<h2 class=\"wp-block-heading\" id=\"h-temperatura-em-ponta-pora\">Temperatura em Ponta Por\u00e3 <\/h2>\n<figure class=\"wp-block-image size-full is-resized\"><img fetchpriority=\"high\" decoding=\"async\" width=\"496\" height=\"343\" alt=\"calor, Inmet, previs\u00e3o, tempo, clima, El Ni\u00f1o\" class=\"wp-image-2919559\" style=\"width:676px;height:auto\"  data-lazy- src=\"https:\/\/agromt.news\/wp-content\/uploads\/2024\/09\/Chuva-prevista-nao-sera-suficiente-para-o-desempenho-inicial-da.jpg\"\/><img decoding=\"async\" width=\"496\" height=\"343\" src=\"https:\/\/agromt.news\/wp-content\/uploads\/2024\/09\/Chuva-prevista-nao-sera-suficiente-para-o-desempenho-inicial-da.jpg\" alt=\"calor, Inmet, previs\u00e3o, tempo, clima, El Ni\u00f1o\" class=\"wp-image-2919559\" style=\"width:676px;height:auto\"  \/><figcaption class=\"wp-element-caption\">Foto: Unsplash\/reprodu\u00e7\u00e3o<\/figcaption><\/figure>\n<p>Produtores devem se atentar para o atraso da semeadura, especialmente em Ponta Por\u00e3, onde as temperaturas elevadas, acima de 44\u00baC a partir da segunda quinzena de setembro, manter\u00e3o o solo quente e podem impactar o plantio. Chuvas mais volumosas s\u00f3 devem ocorrer no in\u00edcio de outubro, com acumulados acima de 200 mm.<\/p>\n<\/div>\n<p><br \/>\n<br \/><a href=\"https:\/\/www.canalrural.com.br\/agricultura\/projeto-soja-brasil\/chuva-prevista-nao-sera-suficiente-para-bom-desempenho-da-safra-da-soja\/\">Source link <\/a><\/p>\n","protected":false},"excerpt":{"rendered":"<p>Os riscos de inc\u00eandio se agravam em v\u00e1rias regi\u00f5es produtoras da soja no Brasil, incluindo a regi\u00e3o central, Matopiba, Centro-Oeste<\/p>\n","protected":false},"author":1,"featured_media":1282,"comment_status":"open","ping_status":"open","sticky":false,"template":"","format":"standard","meta":{"_monsterinsights_skip_tracking":false,"_monsterinsights_sitenote_active":false,"_monsterinsights_sitenote_note":"","_monsterinsights_sitenote_category":0,"_uf_show_specific_survey":0,"_uf_disable_surveys":false,"footnotes":""},"categories":[1],"tags":[],"class_list":["post-1281","post","type-post","status-publish","format-standard","has-post-thumbnail","hentry","category-news"],"_links":{"self":[{"href":"https:\/\/agromt.news\/index.php?rest_route=\/wp\/v2\/posts\/1281"}],"collection":[{"href":"https:\/\/agromt.news\/index.php?rest_route=\/wp\/v2\/posts"}],"about":[{"href":"https:\/\/agromt.news\/index.php?rest_route=\/wp\/v2\/types\/post"}],"author":[{"embeddable":true,"href":"https:\/\/agromt.news\/index.php?rest_route=\/wp\/v2\/users\/1"}],"replies":[{"embeddable":true,"href":"https:\/\/agromt.news\/index.php?rest_route=%2Fwp%2Fv2%2Fcomments&post=1281"}],"version-history":[{"count":0,"href":"https:\/\/agromt.news\/index.php?rest_route=\/wp\/v2\/posts\/1281\/revisions"}],"wp:featuredmedia":[{"embeddable":true,"href":"https:\/\/agromt.news\/index.php?rest_route=\/wp\/v2\/media\/1282"}],"wp:attachment":[{"href":"https:\/\/agromt.news\/index.php?rest_route=%2Fwp%2Fv2%2Fmedia&parent=1281"}],"wp:term":[{"taxonomy":"category","embeddable":true,"href":"https:\/\/agromt.news\/index.php?rest_route=%2Fwp%2Fv2%2Fcategories&post=1281"},{"taxonomy":"post_tag","embeddable":true,"href":"https:\/\/agromt.news\/index.php?rest_route=%2Fwp%2Fv2%2Ftags&post=1281"}],"curies":[{"name":"wp","href":"https:\/\/api.w.org\/{rel}","templated":true}]}}