{"id":1277,"date":"2024-09-09T17:29:40","date_gmt":"2024-09-09T21:29:40","guid":{"rendered":"https:\/\/agromt.news\/?p=1277"},"modified":"2024-09-09T17:29:40","modified_gmt":"2024-09-09T21:29:40","slug":"brasil-deveria-propor-codigo-florestal-global-a-todos-os-paises-agricolas-diz-aldo-rebelo","status":"publish","type":"post","link":"https:\/\/agromt.news\/?p=1277","title":{"rendered":"\u2018Brasil deveria propor C\u00f3digo Florestal global a todos os pa\u00edses agr\u00edcolas\u2019, diz Aldo Rebelo"},"content":{"rendered":"<p> <br \/>\n<br \/><img decoding=\"async\" src=\"https:\/\/agromt.news\/wp-content\/uploads\/2024\/09\/\u2018Brasil-deveria-propor-Codigo-Florestal-global-a-todos-os-paises.jpg\" \/><\/p>\n<div>\n<p>O ex-ministro e relator do C\u00f3digo Florestal Brasileiro, Aldo Rebelo, destacou nesta segunda-feira (9), durante o F\u00f3rum Internacional da Agropecu\u00e1ria <strong><a href=\"https:\/\/eventos.canalrural.com.br\/fiap\">(FIAP 2024)<\/a><\/strong>, em Cuiab\u00e1, Mato Grosso, que as obriga\u00e7\u00f5es ambientais aos produtores rurais do Brasil s\u00e3o as mais exigentes do mundo.<\/p>\n<p>\u201cNenhum pa\u00eds do mundo disp\u00f5e das exig\u00eancias que se faz ao produtor rural brasileiro. Nenhum produtor, seja norte-americano, europeu ou asi\u00e1tico est\u00e1 sujeito a ceder <strong>80<\/strong>% de sua propriedade \u00e0 prote\u00e7\u00e3o do meio ambiente como acontece no bioma amaz\u00f4nico, que corresponde a mais da metade do territ\u00f3rio do pa\u00eds\u201d. <\/p>\n<\/div>\n<div>\n<p>Rebelo ressaltou que fez estudo detalhado da legisla\u00e7\u00e3o dos pa\u00edses com \u00e1reas agr\u00edcolas significativas e n\u00e3o encontrou paralelos ao que se exige do produtor rural brasileiro. <\/p>\n<p>\u201cNenhum produtor europeu, por exemplo, tem que estabelecer em sua propriedade as chamadas \u00c1reas de Prote\u00e7\u00e3o Permanentes, matas ciliares ou prote\u00e7\u00e3o de nascentes como o produtor rural de nosso pa\u00eds est\u00e1 submetido a fazer\u201d.<\/p>\n<h2 class=\"wp-block-heading\" id=\"h-exigencias-que-deveriam-ser-um-trunfo\">Exig\u00eancias que deveriam ser um trunfo<\/h2>\n<p>Para o ex-ministro, esse grau de exig\u00eancias constitui um trunfo que \u00e9 pouco utilizando em rela\u00e7\u00e3o aos competidores mundiais do Brasil. <\/p>\n<p>\u201cEstamos \u00e0s v\u00e9speras da Confer\u00eancia de Mudan\u00e7as Clim\u00e1ticas, que vai acontecer no Par\u00e1, em 2025, e n\u00e3o apresentamos \u00e0 agenda internacional um C\u00f3digo Florestal m\u00ednimo que seja obedecido por todo o mundo, que tenha uma base a partir da qual todos os pa\u00eds e produtores tenham o mesmo compromisso ou sejam submetidos \u00e0s mesmas ren\u00fancias\u201d, afirmou.<\/p>\n<h2 class=\"wp-block-heading\" id=\"h-insegurancas-do-pais\">Inseguran\u00e7as do pa\u00eds<\/h2>\n<p>Em sua palestra no FIAP 2024, Rebelo afirmou que o Brasil n\u00e3o sofre apenas de inseguran\u00e7a jur\u00eddica. \u201cTemos algo muito mais grave, que \u00e9 a inseguran\u00e7a institucional, que \u00e9 quando n\u00e3o existe seguran\u00e7a na rela\u00e7\u00e3o entre os poderes do Estado\u201d. <\/p>\n<p>Segundo ele, exemplo disso \u00e9 a tese do marco temporal. \u201cTemos no Brasil sobre essa mesma mat\u00e9ria duas posi\u00e7\u00f5es antag\u00f4nicas de dois poderes distintos: uma decis\u00e3o do STF revogando o marco temporal e outra do Congresso reafirmando-o e, por mais absurdo que possa parecer, as duas decis\u00f5es est\u00e3o em vigor\u201d.<\/p>\n<p>Rebelo disse que mesmo diante de todas essas adversidades, o Brasil recebeu da Organiza\u00e7\u00e3o das Na\u00e7\u00f5es Unidas (ONU) a responsabilidade de arcar com parte da seguran\u00e7a alimentar do planeta. \u201cIsso porque o Brasil disp\u00f5e de recursos naturais, conhecimento em agricultura tropical e recursos humanos, que s\u00e3o os produtores rurais\u201d.<\/p>\n<p>Assim, o ex-ministro afirmou que est\u00e1 nas m\u00e3os do Brasil oferecer ao mundo seguran\u00e7a energ\u00e9tica e alimentar. \u201cNenhum pa\u00eds do mundo possui, nem de longe, as m\u00ednimas condi\u00e7\u00f5es que tem o Brasil de caminhar com seguran\u00e7a nesses dois desafios. E essas duas necessidades est\u00e3o ligadas \u00e0 agropecu\u00e1ria\u201d, enfatizou.<\/p>\n<p>Promovido pelo <strong><a href=\"https:\/\/www.canalrural.com.br\/\">Canal Rural<\/a><\/strong>, o FIAP 2024 re\u00fane na capital mato-grossense especialistas e autoridades para debater as inova\u00e7\u00f5es e tecnologias que moldar\u00e3o a agropecu\u00e1ria brasileira de agora em diante. <\/p>\n<\/div>\n<p><br \/>\n<br \/><a href=\"https:\/\/www.canalrural.com.br\/agricultura\/brasil-deveria-propor-codigo-florestal-global-a-todos-os-paises-agricolas-diz-aldo-rebelo\/\">Source link <\/a><\/p>\n","protected":false},"excerpt":{"rendered":"<p>O ex-ministro e relator do C\u00f3digo Florestal Brasileiro, Aldo Rebelo, destacou nesta segunda-feira (9), durante o F\u00f3rum Internacional da Agropecu\u00e1ria<\/p>\n","protected":false},"author":1,"featured_media":1278,"comment_status":"open","ping_status":"open","sticky":false,"template":"","format":"standard","meta":{"_monsterinsights_skip_tracking":false,"_monsterinsights_sitenote_active":false,"_monsterinsights_sitenote_note":"","_monsterinsights_sitenote_category":0,"_uf_show_specific_survey":0,"_uf_disable_surveys":false,"footnotes":""},"categories":[1],"tags":[],"class_list":["post-1277","post","type-post","status-publish","format-standard","has-post-thumbnail","hentry","category-news"],"_links":{"self":[{"href":"https:\/\/agromt.news\/index.php?rest_route=\/wp\/v2\/posts\/1277"}],"collection":[{"href":"https:\/\/agromt.news\/index.php?rest_route=\/wp\/v2\/posts"}],"about":[{"href":"https:\/\/agromt.news\/index.php?rest_route=\/wp\/v2\/types\/post"}],"author":[{"embeddable":true,"href":"https:\/\/agromt.news\/index.php?rest_route=\/wp\/v2\/users\/1"}],"replies":[{"embeddable":true,"href":"https:\/\/agromt.news\/index.php?rest_route=%2Fwp%2Fv2%2Fcomments&post=1277"}],"version-history":[{"count":0,"href":"https:\/\/agromt.news\/index.php?rest_route=\/wp\/v2\/posts\/1277\/revisions"}],"wp:featuredmedia":[{"embeddable":true,"href":"https:\/\/agromt.news\/index.php?rest_route=\/wp\/v2\/media\/1278"}],"wp:attachment":[{"href":"https:\/\/agromt.news\/index.php?rest_route=%2Fwp%2Fv2%2Fmedia&parent=1277"}],"wp:term":[{"taxonomy":"category","embeddable":true,"href":"https:\/\/agromt.news\/index.php?rest_route=%2Fwp%2Fv2%2Fcategories&post=1277"},{"taxonomy":"post_tag","embeddable":true,"href":"https:\/\/agromt.news\/index.php?rest_route=%2Fwp%2Fv2%2Ftags&post=1277"}],"curies":[{"name":"wp","href":"https:\/\/api.w.org\/{rel}","templated":true}]}}