{"id":1273,"date":"2024-09-09T16:14:08","date_gmt":"2024-09-09T20:14:08","guid":{"rendered":"https:\/\/agromt.news\/?p=1273"},"modified":"2024-09-09T16:14:08","modified_gmt":"2024-09-09T20:14:08","slug":"recomendacoes-do-agro-ao-g20-foram-entregues-durante-o-fiap-confira","status":"publish","type":"post","link":"https:\/\/agromt.news\/?p=1273","title":{"rendered":"Recomenda\u00e7\u00f5es do agro ao G20 foram entregues durante o FIAP; confira"},"content":{"rendered":"<p> <br \/>\n<br \/><img decoding=\"async\" src=\"https:\/\/agromt.news\/wp-content\/uploads\/2024\/09\/Recomendacoes-do-agro-ao-G20-foram-entregues-durante-o-FIAP.jpg\" \/><\/p>\n<div>\n<p>As recomenda\u00e7\u00f5es da iniciativa privada para o G20 Agro, chamado B20, foram entregues nesta segunda-feira (9) ao Minist\u00e9rio da Agricultura e Pecu\u00e1ria <strong><a href=\"https:\/\/www.gov.br\/agricultura\/pt-br\">(Mapa)<\/a><\/strong>, durante o F\u00f3rum Internacional da Agropecu\u00e1ria <strong><a href=\"https:\/\/eventos.canalrural.com.br\/fiap\">(FIAP)<\/a><\/strong>, em Cuiab\u00e1, Mato Grosso.<\/p>\n<p>Entre as contribui\u00e7\u00f5es est\u00e3o o aumento da produtividade, libera\u00e7\u00e3o de recursos financeiros e uma maior participa\u00e7\u00e3o das tradings como agente financiador.<\/p>\n<p>Promovido pelo <strong><a href=\"https:\/\/www.canalrural.com.br\/\">Canal Rural<\/a><\/strong>, o evento re\u00fane na capital mato-grossense especialistas e autoridades de renome para debater as inova\u00e7\u00f5es e tecnologias que moldaram a agricultura e pecu\u00e1ria brasileira de agora em diante.<\/p>\n<\/div>\n<div>\n<p>Assim, o FIAP antecede a reuni\u00e3o do G20 Agro, que ocorre em Chapada dos Guimar\u00e3es, entre os dias 10 e 13 de setembro.<\/p>\n<h2 class=\"wp-block-heading\" id=\"h-veja-as-recomendacoes-do-b20\">Veja as recomenda\u00e7\u00f5es do B20<\/h2>\n<p><strong>Finan\u00e7as e Infraestrutura:<\/strong> acelerar a implanta\u00e7\u00e3o de capital privado para facilitar a transi\u00e7\u00e3o para uma economia sustent\u00e1vel de baixo carbono.<\/p>\n<p><strong>Medidas priorit\u00e1rias:<\/strong><\/p>\n<ul class=\"wp-block-list\">\n<li>Revisar o papel do financiamento do setor p\u00fablico para melhorar a efici\u00eancia de aloca\u00e7\u00e3o de capital em prol do financiamento clim\u00e1tico, com objetivo principal de mobilizar capital privado para destravar investimentos do setor em escala;<\/li>\n<li>Debater as pol\u00edticas de capital regulat\u00f3rio e das ag\u00eancias classificadoras de risco para o financiamento clim\u00e1tico, para ter condi\u00e7\u00f5es de aumentar a mobiliza\u00e7\u00e3o dos fluxos de capital do setor privado para investimentos clim\u00e1ticos.<\/li>\n<\/ul>\n<p><strong>Transi\u00e7\u00e3o Energ\u00e9tica e Clima:<\/strong> acelerar o desenvolvimento e o uso de um portf\u00f3lio de solu\u00e7\u00f5es de energia renov\u00e1vel e sustent\u00e1vel para impulsionar a descarboniza\u00e7\u00e3o no curto (2030) e no longo prazo (2050), garantindo seguran\u00e7a energ\u00e9tica.<\/p>\n<p><strong>Medidas priorit\u00e1rias:<\/strong><\/p>\n<ul class=\"wp-block-list\">\n<li>Elaborar pol\u00edticas, regula\u00e7\u00f5es e incentivos para triplicar a capacidade energ\u00e9tica renov\u00e1vel at\u00e9 2030, expandir a infraestrutura das redes e acelerar a ampla eletrifica\u00e7\u00e3o;<\/li>\n<li>Estabelecer mecanismos e iniciativas para explorar o potencial sustent\u00e1vel e a prontid\u00e3o de bioenergia e biocombust\u00edveis para descarboniza\u00e7\u00e3o, para atingir o net zero e garantir a seguran\u00e7a alimentar;<\/li>\n<li>Expandir outras solu\u00e7\u00f5es de transi\u00e7\u00e3o para o net zero, como captura, uso e armazenamento de carbono (CCUS), hidrog\u00eanio limpo e energia nuclear.<\/li>\n<\/ul>\n<p><strong>Sistemas Alimentares Sustent\u00e1veis e Agricultura:<\/strong> criar modelos inovadores de financiamento e colabora\u00e7\u00e3o para apoiar a transi\u00e7\u00e3o dos agricultores para sistemas alimentares resilientes e sustent\u00e1veis.<\/p>\n<p><strong>Medidas priorit\u00e1rias: <\/strong><\/p>\n<ul class=\"wp-block-list\">\n<li>Os membros do G20 devem usar mecanismos de financiamento combinados, melhorar as capacidades e ofertas financeiras \u2013 reduzindo riscos e incentivando investimentos \u2013 e redirecionar o apoio agr\u00edcola para acelerar a transi\u00e7\u00e3o para sistemas alimentares mais resilientes, sustent\u00e1veis e equitativos;<\/li>\n<li>Esses pa\u00edses tamb\u00e9m devem desenvolver uma estrutura regulat\u00f3ria que acelere o desenvolvimento de cr\u00e9ditos interoper\u00e1veis e de alta integridade para servi\u00e7os como captura de carbono, e redu\u00e7\u00e3o do uso de \u00e1gua doce.<\/li>\n<\/ul>\n<p><strong>Com\u00e9rcio e Investimento:<\/strong> promover com\u00e9rcio e investimentos sustent\u00e1veis e resilientes.<\/p>\n<p><strong>Medidas priorit\u00e1rias:<\/strong><\/p>\n<ul class=\"wp-block-list\">\n<li>Promover metodologias aceitas internacionalmente para c\u00e1lculo e presta\u00e7\u00e3o de contas sobre a pegada de carbono de produtos, al\u00e9m de viabilizar boas pr\u00e1ticas regulat\u00f3rias e taxonomias para institui\u00e7\u00f5es que queiram promover a sustentabilidade ambiental;<\/li>\n<li>Iniciar a revis\u00e3o de pol\u00edticas comerciais restritivas unilaterais dos pa\u00edses do G20 nos \u00faltimos tr\u00eas anos.<\/li>\n<\/ul>\n<p><strong>Mulheres, Diversidade e Inclus\u00e3o:<\/strong> promover um ambiente inclusivo para o futuro do mercado de trabalho.<\/p>\n<p><strong>Medidas priorit\u00e1rias:<\/strong><\/p>\n<ul class=\"wp-block-list\">\n<li>Garantir or\u00e7amento p\u00fablico para dar suporte abrangente e acesso equitativo \u00e0 educa\u00e7\u00e3o para estudantes de baixa renda, com defici\u00eancia e demais grupos sociais relacionados, desde a primeira inf\u00e2ncia at\u00e9 a capacita\u00e7\u00e3o e requalifica\u00e7\u00e3o;<\/li>\n<li>Assegurar a implementa\u00e7\u00e3o respons\u00e1vel de IA sem vieses, por meio de comit\u00eas e alian\u00e7as entre empresas dos setores p\u00fablico e privado, com incentivo quando houver promo\u00e7\u00e3o de diversidade e inclus\u00e3o para o desenvolvimento desses profissionais.<\/li>\n<\/ul>\n<p><strong>Emprego e Educa\u00e7\u00e3o: <\/strong>preparar uma for\u00e7a de trabalho resiliente e produtiva para o futuro do trabalho.<\/p>\n<p><strong>Medidas priorit\u00e1rias:<\/strong><\/p>\n<ul class=\"wp-block-list\">\n<li>Requalificar e melhorar compet\u00eancias para diminuir a escassez de talentos, especialmente em profici\u00eancia digital e sustentabilidade, por meio de incentivos financeiros para implantar solu\u00e7\u00f5es de aprendizagem integradas no trabalho e para facilitar o reconhecimento de compet\u00eancias;<\/li>\n<li>Aumentar a relev\u00e2ncia e a qualidade da educa\u00e7\u00e3o b\u00e1sica e da educa\u00e7\u00e3o profissional e tecnol\u00f3gica (EPT) para a for\u00e7a de trabalho desenvolver habilidades essenciais para emprego e neg\u00f3cios do futuro.<\/li>\n<\/ul>\n<p><strong>Transforma\u00e7\u00e3o Digital:<\/strong> atingir conectividade universal de indiv\u00edduos e empresas, promovendo a confian\u00e7a digital e a ciberseguran\u00e7a, estabelecendo as bases para uma abordagem respons\u00e1vel e pr\u00f3-inova\u00e7\u00e3o para novas tecnologias, como a IA.<\/p>\n<p><strong>Medidas priorit\u00e1rias:<\/strong><\/p>\n<ul class=\"wp-block-list\">\n<li>Acelerar a expans\u00e3o e o uso da infraestrutura de tecnologia da informa\u00e7\u00e3o e comunica\u00e7\u00e3o por meio de moderniza\u00e7\u00e3o regulat\u00f3ria e parcerias p\u00fablico-privadas (PPPs) que incentivem investimento, colabora\u00e7\u00e3o e competi\u00e7\u00e3o justa;<\/li>\n<li>Fomentar coopera\u00e7\u00e3o multilateral para melhoria da a\u00e7\u00e3o cibern\u00e9tica internacional;<\/li>\n<li>Fortalecer a colabora\u00e7\u00e3o internacional e escalar frameworks pr\u00f3-inova\u00e7\u00e3o baseados em gest\u00e3o de risco para o desenvolvimento, implementa\u00e7\u00e3o e governan\u00e7a respons\u00e1veis da IA.<\/li>\n<\/ul>\n<p><strong>Integridade e Conformidade: <\/strong>promover a lideran\u00e7a \u00e9tica para fomentar o crescimento inclusivo.<\/p>\n<p><strong>Medidas priorit\u00e1rias:<\/strong><\/p>\n<ul class=\"wp-block-list\">\n<li>Aprimorar a transpar\u00eancia e a comunica\u00e7\u00e3o em sistemas de intelig\u00eancia artificial (IA) com a cria\u00e7\u00e3o de c\u00f3digos de conduta, a ado\u00e7\u00e3o de frameworks globais sobre o desenvolvimento, e a implementa\u00e7\u00e3o e uso da IA de forma consciente e \u00e9tica;<\/li>\n<\/ul>\n<ul class=\"wp-block-list\">\n<li>Estimular os setores p\u00fablico e privado a promoverem um local de trabalho justo e seguro, com medidas para prevenir e combater o ass\u00e9dio.<\/li>\n<\/ul>\n<h2 class=\"wp-block-heading\" id=\"h-fiap-foi-uma-forca-tarefa-do-agro\">FIAP foi uma for\u00e7a-tarefa do agro<\/h2>\n<p>Presidente do Canal Rural, Julio Cargnino destacou que o FIAP \u00e9 um momento muito importante para o agroneg\u00f3cio brasileiro.<\/p>\n<p>\u201cFoi uma for\u00e7a tarefa de nove meses de trabalho. Um evento feito a muitas m\u00e3os, uma janela de oportunidade que vai at\u00e9 o ano que vem quando o Par\u00e1 receber\u00e1 a COP30\u201d.<\/p>\n<p>Anfitri\u00e3o do F\u00f3rum, o presidente do Sistema Famato, Vilmondes Tomain, pontuou que o evento \u00e9 um espa\u00e7o para troca de conhecimento e de estabelecimento de estrat\u00e9gias que garantam a competitividade e sustentabilidade do setor.<\/p>\n<h2 class=\"wp-block-heading\" id=\"h-brasil-sediar-o-g20-e-uma-oportunidade\">Brasil sediar o G20 \u00e9 uma oportunidade<\/h2>\n<p>Na avalia\u00e7\u00e3o do presidente da Apex Brasil, Jorge Viana, o Brasil sediar o G20 \u00e9 uma grande oportunidade. Segundo ele, a atual realidade, com inseguran\u00e7a alimentar e crise clim\u00e1tica, serve para mostrar que \u201cvivemos todos num mesmo planeta\u201d.<\/p>\n<p>\u201cQuando um avi\u00e3o cai, n\u00e3o v\u00e3o atr\u00e1s de culpados e sim do que ocasionou a queda. E \u00e9 o que precisamos fazer com a quest\u00e3o do clima. O mundo vive uma inseguran\u00e7a alimentar e crise clim\u00e1tica. Eventos como este servem para buscarmos solu\u00e7\u00f5es para enfrentarmos os desafios\u201d, disse.<\/p>\n<p>O ministro da Agricultura, Carlos F\u00e1varo, ressaltou os esfor\u00e7os do governo brasileiro para restabelecer a posi\u00e7\u00e3o do Brasil no cen\u00e1rio global e a abertura de 184 novos mercados nos \u00faltimos meses.<\/p>\n<p> \u201cMas os desafios seguem e precisamos pensar em como vamos seguir produzindo e alimentando o mundo. Temos dois grandes f\u00f3runs no Brasil, que s\u00e3o o G20 e a COP30 e neles vamos debater isso\u201d.<\/p>\n<p>J\u00e1 o governador de Mato Grosso, Mauro Mendes, lembrou que at\u00e9 20 anos atr\u00e1s o Brasil era conhecido como o pa\u00eds do futebol e hoje \u00e9 um dos maiores exportadores de alimentos.<\/p>\n<p>\u201cProduzir alimentos se faz como h\u00e1 milhares de anos. Com tecnologia e inova\u00e7\u00e3o. Mas, n\u00f3s temos os nossos desafios e precisamos trabalhar nisso. Um deles \u00e9 combater as ilegalidades ambientais. Outro \u00e9 sermos tratados de forma diferente com seguro rural, pol\u00edticas p\u00fablicas. Vamos continuar crescendo se soubermos fazer a nossa li\u00e7\u00e3o de casa. Que tenhamos altivez para cobrar tamb\u00e9m aquilo que nos est\u00e3o cobrando\u201d, destacou Mauro Mendes.<\/p>\n<h2 class=\"wp-block-heading\" id=\"h-objetivo-do-b20-agro\">Objetivo do B20 agro<\/h2>\n<p>De acordo com o vice-presidente da CNI, Alexandre Furlan, o objetivo com o B20 \u00e9 garantir que as recomenda\u00e7\u00f5es n\u00e3o sejam somente ouvidas, como trabalhadas.<\/p>\n<p>\u201cAs conclus\u00f5es dessas sete for\u00e7as-tarefas nos ajudar\u00e3o a trazer benef\u00edcios ao Brasil e avan\u00e7os no cen\u00e1rio internacional\u201d.<\/p>\n<p>Para o ministro da Agricultura, Carlos F\u00e1varo, o B20 e as suas contribui\u00e7\u00f5es \u201cs\u00e3o de suma import\u00e2ncia. Precisamos debater que o mundo participe em conjunto na erradica\u00e7\u00e3o da fome\u201d.<\/p>\n<p>As recomenda\u00e7\u00f5es foram entregues ao ministro pelo secret\u00e1rio de Com\u00e9rcio e Rela\u00e7\u00f5es Internacionais do Minist\u00e9rio da Agricultura e Pecu\u00e1ria, Roberto Perosa, e pelo CEO Global da JBS e presidente do grupo de Trabalho de Sistemas Alimentares Sustent\u00e1veis e de Agricultura, o B20, Gilberto Tomazoni.<\/p>\n<p>\u201cN\u00f3s como Brasil sugerimos alguns temas de debate que foram aceitos. O Brasil sabedor das dificuldades que temos, decidimos desde o in\u00edcio que far\u00edamos uma declara\u00e7\u00e3o ministerial sobre tudo o que est\u00e1 sendo dito, facilitando, inclusive, a popula\u00e7\u00e3o de nos cobrar o que aqui foi sugerido e decidido\u201d, disse Roberto Perosa.<\/p>\n<p>O CEO Global da JBS, Gilberto Tomazoni, destacou a abertura do Minist\u00e9rio da Agricultura e Pecu\u00e1ria durante o processo de constru\u00e7\u00e3o das recomenda\u00e7\u00f5es do B20, no qual tr\u00eas eixos foram considerados importantes.<\/p>\n<p>\u201cA conclus\u00e3o \u00e0 qual n\u00f3s chegamos \u00e9 que os tr\u00eas eixos de propostas servem para todos. As propostas est\u00e3o baseadas em aumentar a produtividade, ter recursos para fazer essa transforma\u00e7\u00e3o e as tradings como mecanismo para acabar com a inseguran\u00e7a alimentar e serem agentes financiadores\u201d, pontuou Tomazoni.<\/p>\n<p>Ainda segundo o CEO Global da JBS, \u201cn\u00f3s temos o desafio de aumentar a produtividade de forma igualit\u00e1ria e temos que fazer com que todos participem com a ado\u00e7\u00e3o de melhores pr\u00e1ticas\u201d.<\/p>\n<p>O evento \u00e9 apoiado por diversas entidades, incluindo a CNA, Sistema Famato, CNI, CropLife e outras, com patroc\u00ednios da JBS, Apex Brasil, John Deere, Senar MT, e apoio de conte\u00fado da CNN Brasil.<\/p>\n<\/div>\n<p><br \/>\n<br \/><a href=\"https:\/\/www.canalrural.com.br\/politica\/recomendacoes-do-agro-ao-g20-foram-entregues-durante-o-fiap-confira\/\">Source link <\/a><\/p>\n","protected":false},"excerpt":{"rendered":"<p>As recomenda\u00e7\u00f5es da iniciativa privada para o G20 Agro, chamado B20, foram entregues nesta segunda-feira (9) ao Minist\u00e9rio da Agricultura<\/p>\n","protected":false},"author":1,"featured_media":1274,"comment_status":"open","ping_status":"open","sticky":false,"template":"","format":"standard","meta":{"_monsterinsights_skip_tracking":false,"_monsterinsights_sitenote_active":false,"_monsterinsights_sitenote_note":"","_monsterinsights_sitenote_category":0,"_uf_show_specific_survey":0,"_uf_disable_surveys":false,"footnotes":""},"categories":[1],"tags":[],"class_list":["post-1273","post","type-post","status-publish","format-standard","has-post-thumbnail","hentry","category-news"],"_links":{"self":[{"href":"https:\/\/agromt.news\/index.php?rest_route=\/wp\/v2\/posts\/1273"}],"collection":[{"href":"https:\/\/agromt.news\/index.php?rest_route=\/wp\/v2\/posts"}],"about":[{"href":"https:\/\/agromt.news\/index.php?rest_route=\/wp\/v2\/types\/post"}],"author":[{"embeddable":true,"href":"https:\/\/agromt.news\/index.php?rest_route=\/wp\/v2\/users\/1"}],"replies":[{"embeddable":true,"href":"https:\/\/agromt.news\/index.php?rest_route=%2Fwp%2Fv2%2Fcomments&post=1273"}],"version-history":[{"count":0,"href":"https:\/\/agromt.news\/index.php?rest_route=\/wp\/v2\/posts\/1273\/revisions"}],"wp:featuredmedia":[{"embeddable":true,"href":"https:\/\/agromt.news\/index.php?rest_route=\/wp\/v2\/media\/1274"}],"wp:attachment":[{"href":"https:\/\/agromt.news\/index.php?rest_route=%2Fwp%2Fv2%2Fmedia&parent=1273"}],"wp:term":[{"taxonomy":"category","embeddable":true,"href":"https:\/\/agromt.news\/index.php?rest_route=%2Fwp%2Fv2%2Fcategories&post=1273"},{"taxonomy":"post_tag","embeddable":true,"href":"https:\/\/agromt.news\/index.php?rest_route=%2Fwp%2Fv2%2Ftags&post=1273"}],"curies":[{"name":"wp","href":"https:\/\/api.w.org\/{rel}","templated":true}]}}