{"id":1267,"date":"2024-09-09T15:32:49","date_gmt":"2024-09-09T19:32:49","guid":{"rendered":"https:\/\/agromt.news\/?p=1267"},"modified":"2024-09-09T15:32:49","modified_gmt":"2024-09-09T19:32:49","slug":"setor-privado-apresenta-suas-solucoes-para-o-g20-agro-sobre-sustentabilidade-alimentar","status":"publish","type":"post","link":"https:\/\/agromt.news\/?p=1267","title":{"rendered":"Setor privado apresenta suas solu\u00e7\u00f5es para o G20 Agro sobre sustentabilidade alimentar"},"content":{"rendered":"<p> <br \/>\n<\/p>\n<div>\n<p>O B20, representando a iniciativa privada dos pa\u00edses do G20, acaba de lan\u00e7ar um conjunto de recomenda\u00e7\u00f5es que prometem impulsionar uma transforma\u00e7\u00e3o significativa nos sistemas alimentares globais. Este grupo, reunindo empresas e associa\u00e7\u00f5es empresariais de v\u00e1rios setores, prop\u00f5e uma abordagem inovadora e inclusiva para enfrentar os desafios atuais da produ\u00e7\u00e3o e consumo de alimentos. O <a href=\"https:\/\/drive.google.com\/file\/d\/1kTvHbxTGAD7ndGLpYc7JUaAqy1D6oRoZ\/view?usp=drive_link\">documento foi oficialmente entregue durante do FIAP 2024<\/a>. Assista ao v\u00eddeo abaixo e confira a cerim\u00f4nia na \u00edntegra.<\/p>\n<figure class=\"wp-block-embed is-type-video is-provider-youtube wp-block-embed-youtube wp-embed-aspect-16-9 wp-has-aspect-ratio\">\n<p>\n<iframe title=\"FIAP: Contribui\u00e7\u00f5es da iniciativa privada e governos para o G20 Agro\" width=\"800\" height=\"450\" src=\"https:\/\/www.youtube.com\/embed\/5s-4COLwLAI?feature=oembed\" frameborder=\"0\" allow=\"accelerometer; autoplay; clipboard-write; encrypted-media; gyroscope; picture-in-picture; web-share\" referrerpolicy=\"strict-origin-when-cross-origin\" allowfullscreen><\/iframe><noscript><iframe title=\"FIAP: Contribui\u00e7\u00f5es da iniciativa privada e governos para o G20 Agro\" width=\"800\" height=\"450\" src=\"https:\/\/www.youtube.com\/embed\/5s-4COLwLAI?feature=oembed\" frameborder=\"0\" allow=\"accelerometer; autoplay; clipboard-write; encrypted-media; gyroscope; picture-in-picture; web-share\" referrerpolicy=\"strict-origin-when-cross-origin\" allowfullscreen><\/iframe><\/noscript>\n<\/p>\n<\/figure>\n<p>Participaram do momento desta entrega o executivo Gilberto Tomazoni, CEO Global da JBS, Roberto Perosa, Secret\u00e1rio de Com\u00e9rcio no Minist\u00e9rio da Agricultura, e Carlos F\u00e1varo, ministro da Agricultura, Pecu\u00e1ria e Abastecimento, que recebeu o documento.<\/p>\n<figure class=\"wp-block-image size-large\"><img fetchpriority=\"high\" decoding=\"async\" width=\"1024\" height=\"576\" alt=\"Carlos F\u00e1varo, ministro da Agricultura, Pecu\u00e1ria e Abastecimento. Foto: Canal Rural\" class=\"wp-image-4066378\"  data-lazy- src=\"https:\/\/agromt.news\/wp-content\/uploads\/2024\/09\/Setor-privado-apresenta-suas-solucoes-para-o-G20-Agro-sobre.jpg\"\/><img decoding=\"async\" width=\"1024\" height=\"576\" src=\"https:\/\/agromt.news\/wp-content\/uploads\/2024\/09\/Setor-privado-apresenta-suas-solucoes-para-o-G20-Agro-sobre.jpg\" alt=\"Carlos F\u00e1varo, ministro da Agricultura, Pecu\u00e1ria e Abastecimento. Foto: Canal Rural\" class=\"wp-image-4066378\"  \/><figcaption class=\"wp-element-caption\">Carlos F\u00e1varo, ministro da Agricultura, Pecu\u00e1ria e Abastecimento. Foto: Canal Rural<\/figcaption><\/figure>\n<blockquote class=\"wp-block-quote is-layout-flow wp-block-quote-is-layout-flow\">\n<p>\u201cO desafio \u00e9 gigante, mas eu tenho certeza que as colabora\u00e7\u00f5es feitas at\u00e9 agora pela iniciativa privada e pelas outras, que v\u00e3o vir, intensifiquem esse debate de hoje e, na quinta-feira, que possam fazer um poder de convencimento de todas as entidades brasileiras, que tamb\u00e9m t\u00eam uma representatividade internacional. Isso tudo para que esta declara\u00e7\u00e3o brasileira se torne um marco hist\u00f3rico da agropecu\u00e1ria nacional.\u201d<\/p>\n<p>Carlos F\u00e1varo, ministro da Agricultura, Pecu\u00e1ria e Abastecimento<\/p>\n<\/blockquote>\n<\/div>\n<div>\n<p>No cora\u00e7\u00e3o das recomenda\u00e7\u00f5es apresentadas pelo grupo de trabalho \u201cSustainable Food Systems and Agriculture\u201d est\u00e1 a <strong>defesa de um sistema multilateral de com\u00e9rcio agr\u00edcola robusto<\/strong>, liderado pela OMC. Esta iniciativa busca remover barreiras comerciais injustas e promover pr\u00e1ticas agr\u00edcolas sustent\u00e1veis, assegurando um com\u00e9rcio justo e baseado em regras.<\/p>\n<figure class=\"wp-block-image size-large\"><img decoding=\"async\" width=\"1024\" height=\"576\" alt=\"Roberto Perosa, secret\u00e1rio de Com\u00e9rcio no Minist\u00e9rio da Agricultura. Foto: Canal Rural\" class=\"wp-image-4066375\"  data-lazy- src=\"https:\/\/agromt.news\/wp-content\/uploads\/2024\/09\/1725910369_240_Setor-privado-apresenta-suas-solucoes-para-o-G20-Agro-sobre.jpg\"\/><img loading=\"lazy\" decoding=\"async\" width=\"1024\" height=\"576\" src=\"https:\/\/agromt.news\/wp-content\/uploads\/2024\/09\/1725910369_240_Setor-privado-apresenta-suas-solucoes-para-o-G20-Agro-sobre.jpg\" alt=\"Roberto Perosa, secret\u00e1rio de Com\u00e9rcio no Minist\u00e9rio da Agricultura. Foto: Canal Rural\" class=\"wp-image-4066375\"  \/><figcaption class=\"wp-element-caption\">Roberto Perosa, secret\u00e1rio de Com\u00e9rcio no Minist\u00e9rio da Agricultura. Foto: Canal Rural<\/figcaption><\/figure>\n<blockquote class=\"wp-block-quote is-layout-flow wp-block-quote-is-layout-flow\">\n<p>\u201cO setor privado impulsiona o setor p\u00fablico e n\u00f3s temos essa caracter\u00edstica de, ouvindo o setor privado, darmos vaz\u00e3o aos interesses da sociedade brasileira.\u201d<\/p>\n<p>Roberto Perosa<\/p>\n<\/blockquote>\n<p>Outra sugest\u00e3o crucial envolve o <strong>desenvolvimento de modelos inovadores de financiamento<\/strong> para facilitar a transi\u00e7\u00e3o para sistemas alimentares mais sustent\u00e1veis. Isso inclui a valoriza\u00e7\u00e3o dos servi\u00e7os ecossist\u00eamicos das pr\u00e1ticas agr\u00edcolas regenerativas, importantes para a resili\u00eancia ambiental e a redu\u00e7\u00e3o de emiss\u00f5es de gases de efeito estufa.<\/p>\n<h2 class=\"wp-block-heading\" id=\"h-a-importancia-da-inovacao-na-agropecuaria\"><strong>A import\u00e2ncia da inova\u00e7\u00e3o na agropecu\u00e1ria<\/strong><\/h2>\n<p>O B20 tamb\u00e9m destacou a necessidade de impulsionar a produtividade agr\u00edcola atrav\u00e9s da inova\u00e7\u00e3o. Expandindo o acesso a tecnologias e suporte t\u00e9cnico, especialmente para na\u00e7\u00f5es em desenvolvimento, busca-se enfrentar os desafios clim\u00e1ticos e afirmar a seguran\u00e7a alimentar global.<\/p>\n<p>Segundo o documento, \u201cadotar tecnologias avan\u00e7adas, como a agricultura regenerativa, \u00e9 essencial para garantir um futuro sustent\u00e1vel e nutritivo.\u201d<\/p>\n<h2 class=\"wp-block-heading\" id=\"h-apresentacao-no-fiap-2024\"><strong>Apresenta\u00e7\u00e3o no FIAP 2024<\/strong><\/h2>\n<p>As recomenda\u00e7\u00f5es do <a href=\"https:\/\/www.canalrural.com.br\/agricultura\/transformacao-alimentar-global-b20-propoe-estrategias-para-um-futuro-sustentavel\/\">B20<\/a> foram apresentadas no <a href=\"https:\/\/www.canalrural.com.br\/tag\/fiap-2024\/\">F\u00f3rum Internacional da Agropecu\u00e1ria (FIAP 2024)<\/a> em Cuiab\u00e1, onde l\u00edderes como Gilberto Tomazoni (JBS) e outros especialistas discutiram caminhos para a transforma\u00e7\u00e3o e transi\u00e7\u00e3o dos sistemas alimentares para serem cada vez mais sustent\u00e1veis, de agora em diante.<\/p>\n<figure class=\"wp-block-image size-large\"><img loading=\"lazy\" decoding=\"async\" width=\"1024\" height=\"576\" alt=\"O executivo Gilberto Tomazoni, CEO Global da JBS. Foto: Canal Rural\" class=\"wp-image-4066381\"  data-lazy- src=\"https:\/\/agromt.news\/wp-content\/uploads\/2024\/09\/1725910369_39_Setor-privado-apresenta-suas-solucoes-para-o-G20-Agro-sobre.jpg\"\/><img loading=\"lazy\" decoding=\"async\" width=\"1024\" height=\"576\" src=\"https:\/\/agromt.news\/wp-content\/uploads\/2024\/09\/1725910369_39_Setor-privado-apresenta-suas-solucoes-para-o-G20-Agro-sobre.jpg\" alt=\"O executivo Gilberto Tomazoni, CEO Global da JBS. Foto: Canal Rural\" class=\"wp-image-4066381\"  \/><figcaption class=\"wp-element-caption\">O executivo Gilberto Tomazoni, CEO Global da JBS. Foto: Canal Rural<\/figcaption><\/figure>\n<blockquote class=\"wp-block-quote is-layout-flow wp-block-quote-is-layout-flow\">\n<p>\u201cN\u00f3s temos a solu\u00e7\u00e3o. Precisamos ser inovativos nos sistemas em como financiar essa transi\u00e7\u00e3o. E isso n\u00e3o \u00e9 um trabalho s\u00f3 do governo. Tem ainda o trabalho da iniciativa privada e do terceiro setor. Temos de fazer todos juntos e n\u00e3o d\u00e1 para ficar pensando em fronteiras. O planeta n\u00e3o tem fronteiras, pois as mudan\u00e7as clim\u00e1ticas n\u00e3o reconhecem fronteiras.\u201d<\/p>\n<p>Gilberto Tomazoni<\/p>\n<\/blockquote>\n<p>Este evento, promovido pelo Canal Rural, antecede os debates do <a href=\"https:\/\/www.canalrural.com.br\/agricultura\/g20-em-mato-grosso-reune-lideres-mundiais-para-debater-seguranca-alimentar-e-clima\/\">G20 Agro<\/a> em Chapada dos Guimar\u00e3es, que abordar\u00e3o pr\u00e1ticas agr\u00edcolas sustent\u00e1veis e seguran\u00e7a alimentar.<\/p>\n<h2 class=\"wp-block-heading\" id=\"h-uma-visao-da-agropecuaria-para-2030\"><strong>Uma vis\u00e3o da agropecu\u00e1ria para 2030<\/strong><\/h2>\n<figure class=\"wp-block-image size-large\"><img loading=\"lazy\" decoding=\"async\" width=\"1024\" height=\"579\" alt=\"drone sobrevoa lavoura\" class=\"wp-image-4060708\"  data-lazy- src=\"https:\/\/agromt.news\/wp-content\/uploads\/2024\/09\/Setor-privado-apresenta-suas-solucoes-para-o-G20-Agro-sobre.webp.webp\"\/><img loading=\"lazy\" decoding=\"async\" width=\"1024\" height=\"579\" src=\"https:\/\/agromt.news\/wp-content\/uploads\/2024\/09\/Setor-privado-apresenta-suas-solucoes-para-o-G20-Agro-sobre.webp.webp\" alt=\"drone sobrevoa lavoura\" class=\"wp-image-4060708\"  \/><figcaption class=\"wp-element-caption\">Novas tecnologias impulsionam a agricultura, aumentando a produtividade e a efici\u00eancia no agro. | Foto: Liu Xiaozhong\/Pixabay<\/figcaption><\/figure>\n<p>Com o objetivo de reduzir drasticamente as emiss\u00f5es do setor agropecu\u00e1rio at\u00e9 2030 e garantir acesso global a alimentos seguros, as a\u00e7\u00f5es propostas refletem uma crescente preocupa\u00e7\u00e3o com os impactos ambientais dos sistemas alimentares.<\/p>\n<p>Trata-se de preparar o terreno para uma transforma\u00e7\u00e3o significativa que assegure a sustentabilidade e a seguran\u00e7a alimentar para as futuras gera\u00e7\u00f5es.<\/p>\n<p>O encontro do G20 em Mato Grosso ser\u00e1 uma oportunidade de ouro para fortalecer as rela\u00e7\u00f5es comerciais e explorar novas oportunidades econ\u00f4micas para o Brasil, conforme destacado pelo ministro Carlos F\u00e1varo. Com o Brasil na vanguarda das discuss\u00f5es, o evento promete pavimentar o caminho para um futuro agr\u00edcola mais justo e sustent\u00e1vel.<\/p>\n<h2 class=\"wp-block-heading\" id=\"h-canal-rural-no-whatsapp\"><strong>Canal Rural no WhatsApp<\/strong><\/h2>\n<p>Confira na palma da m\u00e3o informa\u00e7\u00f5es quentes sobre agricultura, pecu\u00e1ria, economia e previs\u00e3o do tempo:<a href=\"https:\/\/www.whatsapp.com\/channel\/0029Va9VnZxGk1FplZjiW43k\"><em> <\/em><strong>siga o Canal Rural no WhatsApp<\/strong><\/a>!<\/p>\n<\/div>\n<p><br \/>\n<br \/><a href=\"https:\/\/www.canalrural.com.br\/agricultura\/setor-privado-apresenta-suas-solucoes-para-o-g20-agro-sobre-sustentabilidade-alimentar\/\">Source link <\/a><\/p>\n","protected":false},"excerpt":{"rendered":"<p>O B20, representando a iniciativa privada dos pa\u00edses do G20, acaba de lan\u00e7ar um conjunto de recomenda\u00e7\u00f5es que prometem impulsionar<\/p>\n","protected":false},"author":1,"featured_media":1268,"comment_status":"open","ping_status":"open","sticky":false,"template":"","format":"standard","meta":{"_monsterinsights_skip_tracking":false,"_monsterinsights_sitenote_active":false,"_monsterinsights_sitenote_note":"","_monsterinsights_sitenote_category":0,"_uf_show_specific_survey":0,"_uf_disable_surveys":false,"footnotes":""},"categories":[1],"tags":[],"class_list":["post-1267","post","type-post","status-publish","format-standard","has-post-thumbnail","hentry","category-news"],"_links":{"self":[{"href":"https:\/\/agromt.news\/index.php?rest_route=\/wp\/v2\/posts\/1267"}],"collection":[{"href":"https:\/\/agromt.news\/index.php?rest_route=\/wp\/v2\/posts"}],"about":[{"href":"https:\/\/agromt.news\/index.php?rest_route=\/wp\/v2\/types\/post"}],"author":[{"embeddable":true,"href":"https:\/\/agromt.news\/index.php?rest_route=\/wp\/v2\/users\/1"}],"replies":[{"embeddable":true,"href":"https:\/\/agromt.news\/index.php?rest_route=%2Fwp%2Fv2%2Fcomments&post=1267"}],"version-history":[{"count":0,"href":"https:\/\/agromt.news\/index.php?rest_route=\/wp\/v2\/posts\/1267\/revisions"}],"wp:featuredmedia":[{"embeddable":true,"href":"https:\/\/agromt.news\/index.php?rest_route=\/wp\/v2\/media\/1268"}],"wp:attachment":[{"href":"https:\/\/agromt.news\/index.php?rest_route=%2Fwp%2Fv2%2Fmedia&parent=1267"}],"wp:term":[{"taxonomy":"category","embeddable":true,"href":"https:\/\/agromt.news\/index.php?rest_route=%2Fwp%2Fv2%2Fcategories&post=1267"},{"taxonomy":"post_tag","embeddable":true,"href":"https:\/\/agromt.news\/index.php?rest_route=%2Fwp%2Fv2%2Ftags&post=1267"}],"curies":[{"name":"wp","href":"https:\/\/api.w.org\/{rel}","templated":true}]}}