{"id":1265,"date":"2024-09-09T15:14:19","date_gmt":"2024-09-09T19:14:19","guid":{"rendered":"https:\/\/agromt.news\/?p=1265"},"modified":"2024-09-09T15:14:19","modified_gmt":"2024-09-09T19:14:19","slug":"inmet-emite-alerta-laranja-de-seca-em-12-estados-e-o-df","status":"publish","type":"post","link":"https:\/\/agromt.news\/?p=1265","title":{"rendered":"Inmet emite alerta laranja de seca em 12 estados e o DF"},"content":{"rendered":"<p> <br \/>\n<br \/><img decoding=\"async\" src=\"https:\/\/agromt.news\/wp-content\/uploads\/2024\/09\/Inmet-emite-alerta-laranja-de-seca-em-12-estados-e.jpg\" \/><\/p>\n<div>\n<p>Um alerta laranja de perigo para 12 estados e o Distrito Federal devido \u00e0 baixa umidade foi lan\u00e7ado nesta segunda-feira (9) pelo Instituto Nacional de Meteorologia (Inmet). <\/p>\n<p>Segundo o \u00f3rg\u00e3o, nesses locais a umidade relativa do ar deve variar entre <strong>20% e 12%<\/strong>, com risco de inc\u00eandios florestais e riscos \u00e0 sa\u00fade, como doen\u00e7as pulmonares e dores de cabe\u00e7a.<\/p>\n<\/div>\n<div>\n<p>Al\u00e9m do Distrito Federal, o alerta vale para os seguintes estados:<\/p>\n<p>Em alguns locais a umidade relativa do ar pode ficar abaixo de 12%. O Inmet tamb\u00e9m emitiu um alerta amarelo, de perigo potencial, para:<\/p>\n<ul class=\"wp-block-list\">\n<li>Parte do Rio Grande do Sul<\/li>\n<\/ul>\n<p>Nesses locais, a umidade relativa do ar deve oscilar entre 30% e 20%.<\/p>\n<p>A baixa umidade causa ressecamento da pele, desconforto nos olhos, boca e nariz. Entre as recomenda\u00e7\u00f5es est\u00e3o beber bastante l\u00edquido, evitar exposi\u00e7\u00e3o ao sol nas horas mais quentes do dia e evitar a pr\u00e1tica de atividades f\u00edsicas. Tamb\u00e9m s\u00e3o recomendados o uso hidratante para pele e umidificar o ambiente.<\/p>\n<h2 class=\"wp-block-heading\" id=\"h-ondas-de-calor\">Ondas de calor<\/h2>\n<p>O Inmet emitiu ainda um alerta de ondas de calor para os Mato Grosso, Mato Grosso do Sul, Rond\u00f4nia, S\u00e3o Paulo, Paran\u00e1, Santa Catarina e parte de Minas Gerais, Santa Catarina e Rio Grande do Sul. <\/p>\n<p>O alerta vale at\u00e9 a quinta-feira (12). Nesses estados as temperaturas podem ficar at\u00e9 <strong>5\u00baC <\/strong>acima da m\u00e9dia.<\/p>\n<\/div>\n<p><br \/>\n<br \/><a href=\"https:\/\/www.canalrural.com.br\/tempo\/inmet-emite-alerta-laranja-de-seca-em-12-estados-e-o-df\/\">Source link <\/a><\/p>\n","protected":false},"excerpt":{"rendered":"<p>Um alerta laranja de perigo para 12 estados e o Distrito Federal devido \u00e0 baixa umidade foi lan\u00e7ado nesta segunda-feira<\/p>\n","protected":false},"author":1,"featured_media":1266,"comment_status":"open","ping_status":"open","sticky":false,"template":"","format":"standard","meta":{"_monsterinsights_skip_tracking":false,"_monsterinsights_sitenote_active":false,"_monsterinsights_sitenote_note":"","_monsterinsights_sitenote_category":0,"_uf_show_specific_survey":0,"_uf_disable_surveys":false,"footnotes":""},"categories":[1],"tags":[],"class_list":["post-1265","post","type-post","status-publish","format-standard","has-post-thumbnail","hentry","category-news"],"_links":{"self":[{"href":"https:\/\/agromt.news\/index.php?rest_route=\/wp\/v2\/posts\/1265"}],"collection":[{"href":"https:\/\/agromt.news\/index.php?rest_route=\/wp\/v2\/posts"}],"about":[{"href":"https:\/\/agromt.news\/index.php?rest_route=\/wp\/v2\/types\/post"}],"author":[{"embeddable":true,"href":"https:\/\/agromt.news\/index.php?rest_route=\/wp\/v2\/users\/1"}],"replies":[{"embeddable":true,"href":"https:\/\/agromt.news\/index.php?rest_route=%2Fwp%2Fv2%2Fcomments&post=1265"}],"version-history":[{"count":0,"href":"https:\/\/agromt.news\/index.php?rest_route=\/wp\/v2\/posts\/1265\/revisions"}],"wp:featuredmedia":[{"embeddable":true,"href":"https:\/\/agromt.news\/index.php?rest_route=\/wp\/v2\/media\/1266"}],"wp:attachment":[{"href":"https:\/\/agromt.news\/index.php?rest_route=%2Fwp%2Fv2%2Fmedia&parent=1265"}],"wp:term":[{"taxonomy":"category","embeddable":true,"href":"https:\/\/agromt.news\/index.php?rest_route=%2Fwp%2Fv2%2Fcategories&post=1265"},{"taxonomy":"post_tag","embeddable":true,"href":"https:\/\/agromt.news\/index.php?rest_route=%2Fwp%2Fv2%2Ftags&post=1265"}],"curies":[{"name":"wp","href":"https:\/\/api.w.org\/{rel}","templated":true}]}}